{"id":10271,"date":"2020-03-14T10:34:14","date_gmt":"2020-03-14T13:34:14","guid":{"rendered":"https:\/\/www.ceat.cl\/inicio\/?p=10271"},"modified":"2020-03-14T10:34:14","modified_gmt":"2020-03-14T13:34:14","slug":"comunicado-13-de-marzo-2020","status":"publish","type":"post","link":"https:\/\/www.ceat.cl\/inicio\/comunicado-13-de-marzo-2020\/","title":{"rendered":"Comunicado 13 de marzo 2020"},"content":{"rendered":"<p>[et_pb_section bb_built=\u00bb1&#8243;][et_pb_row][et_pb_column type=\u00bb4_4&#8243;][et_pb_text _builder_version=\u00bb3.19&#8243; text_orientation=\u00bbjustified\u00bb divienhancer_set=\u00bbnone\u00bb divienhancer_hover_effect=\u00bbnone\u00bb divienhancer_modal_overlay=\u00bb#333333&#8243; divienhancer_module_menu_button_background=\u00bb#333333&#8243; divienhancer_module_menu_button_color=\u00bb#ffffff\u00bb]<\/p>\n<h5>Estimadas Madres, Padres y Apoderadas:<\/h5>\n<p>En el actual contexto que vive nuestro pa\u00eds, como comunidad educativa, nos encontramos preocupados y con la responsabilidad de compartir con todos ustedes ciertos hechos acaecidos recientemente, en donde se han visto involucrados algunos de nuestros estudiantes.<\/p>\n<p>El d\u00eda jueves 12 de marzo, un grupo de estudiantes, aproximadamente de cien, sali\u00f3 sin autorizaci\u00f3n del establecimiento, respondiendo a la convocatoria de manifestaci\u00f3n de \u201cEstudiantes Secundarios de la Comuna\u201d. De acuerdo a la informaci\u00f3n mencionada, los estudiantes se dirigieron al Liceo San Pedro, donde provocaron desmanes, disturbios y rotura de neum\u00e1tico de veh\u00edculo perteneciente a una funcionaria de la instituci\u00f3n. Luego, ocasionaron disturbios, desmanes y desmontaron una reja en el Colegio Array\u00e1n. Posteriormente, se trasladaron al acceso del puente Llacol\u00e9n, en donde se vieron involucrados en lanzamientos de piedras a Carabineros. Adem\u00e1s, obstaculizaron el libre tr\u00e1nsito, mediante barricadas.<\/p>\n<p>El d\u00eda viernes 13 de marzo, nuevamente se retira un grupo de estudiantes sin autorizaci\u00f3n. Una parte de ellos se dirigi\u00f3 hacia el Liceo San Pedro, ocasionando disturbios, desmanes, apertura forzada de puerta y quebraz\u00f3n de vidrios.<\/p>\n<p>La informaci\u00f3n recibida de las instituciones afectadas da cuenta de la violencia con la que actuaron estos estudiantes, no s\u00f3lo por la destrucci\u00f3n material, sino tambi\u00e9n por el momento de tensi\u00f3n generado.<\/p>\n<p>Cabe se\u00f1alar que nuestro establecimiento no comparte estos hechos, pues se contraponen con los valores institucionales que promovemos a trav\u00e9s de nuestro Proyecto Educativo y Reglamento de Convivencia Escolar.<\/p>\n<p>Estimados apoderados, as\u00ed como nosotros continuamos con nuestra labor educativa, les solicitamos colaboraci\u00f3n en la tarea formativa en cuanto a conversar y reflexionar con sus hijos(as) o pupilos(as) acerca de las graves consecuencias que tienen los actos que atentan contra el respeto y la seguridad de las personas, las instituciones y las comunidades educativas.<\/p>\n<p>Velaremos por un justo proceso normativo institucional de los estudiantes que han estado directamente involucrados en estos hechos. Sin embargo, advertimos sobre las consecuencias legales a las que pueden estar expuestos nuestros estudiantes, seg\u00fan lo que establece la ley de responsabilidad penal juvenil y adolescente (Ley 20.084).<\/p>\n<p>Es preciso mencionar que las clases se han desarrollado de acuerdo con lo planificado y con una mayor\u00eda de estudiantes asistiendo a ellas.<\/p>\n<h4 style=\"text-align: center;\">Atentamente,<br \/>La Direcci\u00f3n<\/h4>\n<p>[\/et_pb_text][\/et_pb_column][\/et_pb_row][\/et_pb_section]<\/p>\n","protected":false},"excerpt":{"rendered":"<p><div class=\"et_pb_row et_pb_row_0 et_pb_row_empty\">\n\t\t\t\t\n\t\t\t\t\n\t\t\t\t\n\t\t\t\t\n\t\t\t\t\n\t\t\t<\/div> Estimadas Madres, Padres y Apoderadas:En el actual contexto que vive nuestro pa\u00eds, como comunidad educativa, nos encontramos preocupados y con la responsabilidad de compartir con todos ustedes ciertos hechos acaecidos recientemente, en donde se han visto involucrados algunos de nuestros estudiantes.El d\u00eda jueves 12 de marzo, un grupo de estudiantes, aproximadamente de cien, sali\u00f3 [&hellip;]<\/p>\n","protected":false},"author":2,"featured_media":10272,"comment_status":"open","ping_status":"open","sticky":false,"template":"","format":"standard","meta":{"_et_pb_use_builder":"on","_et_pb_old_content":"","_et_gb_content_width":"","footnotes":""},"categories":[3],"tags":[],"class_list":["post-10271","post","type-post","status-publish","format-standard","has-post-thumbnail","hentry","category-not-liceo"],"_links":{"self":[{"href":"https:\/\/www.ceat.cl\/inicio\/wp-json\/wp\/v2\/posts\/10271","targetHints":{"allow":["GET"]}}],"collection":[{"href":"https:\/\/www.ceat.cl\/inicio\/wp-json\/wp\/v2\/posts"}],"about":[{"href":"https:\/\/www.ceat.cl\/inicio\/wp-json\/wp\/v2\/types\/post"}],"author":[{"embeddable":true,"href":"https:\/\/www.ceat.cl\/inicio\/wp-json\/wp\/v2\/users\/2"}],"replies":[{"embeddable":true,"href":"https:\/\/www.ceat.cl\/inicio\/wp-json\/wp\/v2\/comments?post=10271"}],"version-history":[{"count":1,"href":"https:\/\/www.ceat.cl\/inicio\/wp-json\/wp\/v2\/posts\/10271\/revisions"}],"predecessor-version":[{"id":10273,"href":"https:\/\/www.ceat.cl\/inicio\/wp-json\/wp\/v2\/posts\/10271\/revisions\/10273"}],"wp:featuredmedia":[{"embeddable":true,"href":"https:\/\/www.ceat.cl\/inicio\/wp-json\/wp\/v2\/media\/10272"}],"wp:attachment":[{"href":"https:\/\/www.ceat.cl\/inicio\/wp-json\/wp\/v2\/media?parent=10271"}],"wp:term":[{"taxonomy":"category","embeddable":true,"href":"https:\/\/www.ceat.cl\/inicio\/wp-json\/wp\/v2\/categories?post=10271"},{"taxonomy":"post_tag","embeddable":true,"href":"https:\/\/www.ceat.cl\/inicio\/wp-json\/wp\/v2\/tags?post=10271"}],"curies":[{"name":"wp","href":"https:\/\/api.w.org\/{rel}","templated":true}]}}