{"id":10425,"date":"2020-05-29T13:59:00","date_gmt":"2020-05-29T16:59:00","guid":{"rendered":"https:\/\/www.ceat.cl\/inicio\/?p=10425"},"modified":"2020-05-29T15:01:34","modified_gmt":"2020-05-29T18:01:34","slug":"mineduc-congrega-en-jornada-online-a-los-112-directores-de-liceos-bicentenario-tp-y-entrega-medidas-de-apoyo-al-sector","status":"publish","type":"post","link":"https:\/\/www.ceat.cl\/inicio\/mineduc-congrega-en-jornada-online-a-los-112-directores-de-liceos-bicentenario-tp-y-entrega-medidas-de-apoyo-al-sector\/","title":{"rendered":"Mineduc congrega en jornada online a los 112 directores de Liceos Bicentenario TP y entrega medidas de apoyo al sector"},"content":{"rendered":"<p>[et_pb_section bb_built=\u00bb1&#8243;][et_pb_row][et_pb_column type=\u00bb4_4&#8243;][et_pb_text _builder_version=\u00bb3.19&#8243; text_orientation=\u00bbjustified\u00bb divienhancer_set=\u00bbnone\u00bb divienhancer_hover_effect=\u00bbnone\u00bb divienhancer_modal_overlay=\u00bb#333333&#8243; divienhancer_module_menu_button_background=\u00bb#333333&#8243; divienhancer_module_menu_button_color=\u00bb#ffffff\u00bb custom_margin=\u00bb||8px|\u00bb custom_padding=\u00bb||8px|\u00bb]<\/p>\n<p>La jornada fue liderada por el secretario ejecutivo de Educaci\u00f3n Media T\u00e9cnico-Profesional (TP), Andr\u00e9s P\u00e9rez, y la jefa de la Divisi\u00f3n de Educaci\u00f3n Superior TP, M\u00f3nica Brevis, quienes dieron a conocer las iniciativas desplegadas a nivel nacional, en contexto de COVID-19.<\/p>\n<p>Con el prop\u00f3sito de seguir dando apoyo y acompa\u00f1amiento a las comunidades escolares t\u00e9cnico-profesionales de los territorios, el Ministerio de Educaci\u00f3n a trav\u00e9s de la Divisi\u00f3n de Educaci\u00f3n General (DEG) y Liceos Bicentenario, convoc\u00f3 a todos los directores y jefes de producci\u00f3n de los 112 Liceos Bicentenario TP para entregarles informaci\u00f3n sobre las iniciativas y programas que est\u00e1n desarroll\u00e1ndose en cada una de las regiones y que benefician a los estudiantes t\u00e9cnicos.<\/p>\n<p>Andr\u00e9s P\u00e9rez, secretario ejecutivo de Educaci\u00f3n Media T\u00e9cnico-Profesional realiz\u00f3 una presentaci\u00f3n en que detall\u00f3 el plan desplegado a nivel territorial y los recursos digitales para apoyar a los directivos, estudiantes y docentes que est\u00e1 impulsando Mineduc. \u201cHemos activado las redes Futuro T\u00e9cnico en todas las regiones del pa\u00eds, para ir monitoreando y acompa\u00f1ando a los liceos. M\u00e1s de 2 mil participantes en videollamadas, webinar y conferencias online, que hoy cuentan con m\u00e1s herramientas pedag\u00f3gicas y emocionales para fortalecer la educaci\u00f3n a distancia. Tambi\u00e9n las comunidades educativas han respondido muy bien al llamado a concurso de Equipamiento TP Futuro T\u00e9cnico, con m\u00e1s de la mitad de los colegios t\u00e9cnicos de Chile postulando, a pesar del contexto\u201d.<\/p>\n<p>M\u00f3nica Brevis, jefa de la Divisi\u00f3n de Educaci\u00f3n Superior TP, destac\u00f3 el Acuerdo de Articulaci\u00f3n Mineduc-ESTP, iniciativa que da la oportunidad a los estudiantes de liceos bicentenario Medios y Altos de convalidar los ramos del liceo en instituciones de educaci\u00f3n superior TP. \u201cTeniendo como foco de la agenda de Modernizaci\u00f3n TP estamos trabajando para fortalecer la articulaci\u00f3n, desde la educaci\u00f3n superior hemos fomentado el trabajo codo a codo con los liceos, ya no s\u00f3lo desde la creaci\u00f3n de m\u00e1s espacios formativos de alternancia, sino que tambi\u00e9n poniendo a disposici\u00f3n recursos los digitales de las IES TP, en base a un acuerdo de trabajo conjunto m\u00e1s amplio\u201d.<\/p>\n<p>La \u00faltima convocatoria realizada por el Mineduc convoc\u00f3 en 2019 a 311 liceos, de los cuales fueron seleccionados 100. De estos, 62 establecimientos se convirtieron en los nuevos Liceos Bicentenario TP.<\/p>\n<p>FUENTE: <span style=\"color: #993300;\"><strong><a style=\"color: #993300;\" href=\"http:\/\/www.tecnicoprofesional.mineduc.cl\/mineduc-congrega-en-jornada-online-a-los-112-directores-de-liceos-bicentenario-tp-y-entrega-medidas-de-apoyo-al-sector\/\">http:\/\/www.tecnicoprofesional.mineduc.cl\/<\/a><\/strong><\/span><\/p>\n<p>[\/et_pb_text][et_pb_image _builder_version=\u00bb3.19&#8243; src=\u00bbhttps:\/\/www.ceat.cl\/inicio\/wp-content\/uploads\/2020\/05\/banner-Futurotecnico-web.jpg\u00bb divienhancer_set=\u00bbnone\u00bb divienhancer_hover_effect=\u00bbnone\u00bb divienhancer_modal_overlay=\u00bb#333333&#8243; divienhancer_module_menu_button_background=\u00bb#333333&#8243; divienhancer_module_menu_button_color=\u00bb#ffffff\u00bb \/][\/et_pb_column][\/et_pb_row][\/et_pb_section]<\/p>\n","protected":false},"excerpt":{"rendered":"<p><div class=\"et_pb_row et_pb_row_0 et_pb_row_empty\">\n\t\t\t\t\n\t\t\t\t\n\t\t\t\t\n\t\t\t\t\n\t\t\t\t\n\t\t\t<\/div> La jornada fue liderada por el secretario ejecutivo de Educaci\u00f3n Media T\u00e9cnico-Profesional (TP), Andr\u00e9s P\u00e9rez, y la jefa de la Divisi\u00f3n de Educaci\u00f3n Superior TP, M\u00f3nica Brevis, quienes dieron a conocer las iniciativas desplegadas a nivel nacional, en contexto de COVID-19.Con el prop\u00f3sito de seguir dando apoyo y acompa\u00f1amiento a las comunidades escolares t\u00e9cnico-profesionales [&hellip;]<\/p>\n","protected":false},"author":2,"featured_media":10430,"comment_status":"open","ping_status":"open","sticky":false,"template":"","format":"standard","meta":{"_et_pb_use_builder":"on","_et_pb_old_content":"","_et_gb_content_width":"","footnotes":""},"categories":[22,3],"tags":[],"class_list":["post-10425","post","type-post","status-publish","format-standard","has-post-thumbnail","hentry","category-liceo-bicentenario","category-not-liceo"],"_links":{"self":[{"href":"https:\/\/www.ceat.cl\/inicio\/wp-json\/wp\/v2\/posts\/10425","targetHints":{"allow":["GET"]}}],"collection":[{"href":"https:\/\/www.ceat.cl\/inicio\/wp-json\/wp\/v2\/posts"}],"about":[{"href":"https:\/\/www.ceat.cl\/inicio\/wp-json\/wp\/v2\/types\/post"}],"author":[{"embeddable":true,"href":"https:\/\/www.ceat.cl\/inicio\/wp-json\/wp\/v2\/users\/2"}],"replies":[{"embeddable":true,"href":"https:\/\/www.ceat.cl\/inicio\/wp-json\/wp\/v2\/comments?post=10425"}],"version-history":[{"count":2,"href":"https:\/\/www.ceat.cl\/inicio\/wp-json\/wp\/v2\/posts\/10425\/revisions"}],"predecessor-version":[{"id":10429,"href":"https:\/\/www.ceat.cl\/inicio\/wp-json\/wp\/v2\/posts\/10425\/revisions\/10429"}],"wp:featuredmedia":[{"embeddable":true,"href":"https:\/\/www.ceat.cl\/inicio\/wp-json\/wp\/v2\/media\/10430"}],"wp:attachment":[{"href":"https:\/\/www.ceat.cl\/inicio\/wp-json\/wp\/v2\/media?parent=10425"}],"wp:term":[{"taxonomy":"category","embeddable":true,"href":"https:\/\/www.ceat.cl\/inicio\/wp-json\/wp\/v2\/categories?post=10425"},{"taxonomy":"post_tag","embeddable":true,"href":"https:\/\/www.ceat.cl\/inicio\/wp-json\/wp\/v2\/tags?post=10425"}],"curies":[{"name":"wp","href":"https:\/\/api.w.org\/{rel}","templated":true}]}}