{"id":11023,"date":"2020-10-19T09:00:23","date_gmt":"2020-10-19T12:00:23","guid":{"rendered":"https:\/\/www.ceat.cl\/inicio\/?p=11023"},"modified":"2020-10-20T20:08:25","modified_gmt":"2020-10-20T23:08:25","slug":"en-concurrida-charla-el-profesor-e-historiador-alejandro-mihovilovich-recorrio-la-historia-constitucional","status":"publish","type":"post","link":"https:\/\/www.ceat.cl\/inicio\/en-concurrida-charla-el-profesor-e-historiador-alejandro-mihovilovich-recorrio-la-historia-constitucional\/","title":{"rendered":"En concurrida charla el Profesor e Historiador Alejandro Mihovilovich recorri\u00f3 la Historia Constitucional"},"content":{"rendered":"<p>[et_pb_section bb_built=\u00bb1&#8243;][et_pb_row _builder_version=\u00bb3.19&#8243; custom_margin=\u00bb5px||8px|\u00bb custom_padding=\u00bb5px||8px|\u00bb][et_pb_column type=\u00bb4_4&#8243;][et_pb_text _builder_version=\u00bb3.19&#8243; text_orientation=\u00bbjustified\u00bb custom_margin=\u00bb||8px|\u00bb custom_padding=\u00bb||8px|\u00bb divienhancer_set=\u00bbnone\u00bb divienhancer_hover_effect=\u00bbnone\u00bb divienhancer_modal_overlay=\u00bb#333333&#8243; divienhancer_modal_image_alignment=\u00bbleft\u00bb divienhancer_module_menu_button_background=\u00bb#333333&#8243; divienhancer_module_menu_button_color=\u00bb#ffffff\u00bb]<\/p>\n<p>Ad portas al Plebiscito Nacional 2020, el Equipo del Plan de Formaci\u00f3n Ciudadana, en coordinaci\u00f3n con el plan de Orientaci\u00f3n,  invit\u00f3 al profesor\u00a0Alejandro Mihovilovich Gratz, destacado investigador, historiador, acad\u00e9mico y ganador del Premio CERES 2020, a dar una charla sobre: \u00abChile, en un trayecto hacia una Historia Constitucional\u00bb.<\/p>\n<p>La charla estuvo abierta toda la comunidad del CEAT,\u00a0 el mi\u00e9rcoles 14 de octubre, asistiendo apoderados, ex alumnos, estudiantes, equipo directivo, docentes y asistentes de la educaci\u00f3n. Y tuvo por objetivo potenciar\u00a0el desarrollo de una cultura democr\u00e1tica y \u00e9tica en los estudiantes como tambi\u00e9n\u00a0promover el conocimiento, comprensi\u00f3n y an\u00e1lisis del Estado de Derecho y de la institucionalidad local, regional y nacional, y la formaci\u00f3n de virtudes c\u00edvicas en los estudiantes.\u00a0Esto motivado por el actual contexto pol\u00edtico que estamos viviendo en nuestro pa\u00eds: plebiscito\u00a0del 25 de octubre.<\/p>\n<p>[\/et_pb_text][\/et_pb_column][\/et_pb_row][et_pb_row _builder_version=\u00bb3.19&#8243; custom_margin=\u00bb5px||8px|\u00bb custom_padding=\u00bb5px||8px|\u00bb][et_pb_column type=\u00bb1_2&#8243;][et_pb_image _builder_version=\u00bb3.19&#8243; src=\u00bbhttps:\/\/www.ceat.cl\/inicio\/wp-content\/uploads\/2020\/10\/En-concurrida-charla-el-Profesor-e-Historiador-Alejandro-Mihovilovich-recorrio\u0301-la-Historia-Constitucional-de-Chile.png\u00bb custom_margin=\u00bb5px|||\u00bb custom_padding=\u00bb5px|||\u00bb box_shadow_style=\u00bbpreset2&#8243; divienhancer_set=\u00bbnone\u00bb divienhancer_hover_effect=\u00bbnone\u00bb divienhancer_modal_overlay=\u00bb#333333&#8243; divienhancer_modal_image_alignment=\u00bbleft\u00bb divienhancer_module_menu_button_background=\u00bb#333333&#8243; divienhancer_module_menu_button_color=\u00bb#ffffff\u00bb \/][\/et_pb_column][et_pb_column type=\u00bb1_2&#8243;][et_pb_video _builder_version=\u00bb3.19&#8243; src=\u00bbhttps:\/\/drive.google.com\/file\/d\/1567doaIhJdQq31vez_n9Ov4K1UqNekAI\/view?usp=sharing\u00bb divienhancer_set=\u00bbnone\u00bb divienhancer_hover_effect=\u00bbnone\u00bb divienhancer_modal_overlay=\u00bb#333333&#8243; divienhancer_modal_image_alignment=\u00bbleft\u00bb divienhancer_module_menu_button_background=\u00bb#333333&#8243; divienhancer_module_menu_button_color=\u00bb#ffffff\u00bb image_src=\u00bbhttps:\/\/www.ceat.cl\/inicio\/wp-content\/uploads\/2020\/10\/Captura-de-pantalla-2020-10-20-a-las-20.06.43.png\u00bb \/][\/et_pb_column][\/et_pb_row][\/et_pb_section]<\/p>\n","protected":false},"excerpt":{"rendered":"<p>Ad portas al Plebiscito Nacional 2020, el Equipo del Plan de Formaci\u00f3n Ciudadana, en coordinaci\u00f3n con el plan de Orientaci\u00f3n, invit\u00f3 al profesor\u00a0Alejandro Mihovilovich Gratz, destacado investigador, historiador, acad\u00e9mico y ganador del Premio CERES 2020, a dar una charla sobre: \u00abChile, en un trayecto hacia una Historia Constitucional\u00bb. La charla estuvo abierta toda la comunidad [&hellip;]<\/p>\n","protected":false},"author":2,"featured_media":11026,"comment_status":"open","ping_status":"open","sticky":false,"template":"","format":"standard","meta":{"_et_pb_use_builder":"on","_et_pb_old_content":"","_et_gb_content_width":"","footnotes":""},"categories":[3],"tags":[],"class_list":["post-11023","post","type-post","status-publish","format-standard","has-post-thumbnail","hentry","category-not-liceo"],"_links":{"self":[{"href":"https:\/\/www.ceat.cl\/inicio\/wp-json\/wp\/v2\/posts\/11023","targetHints":{"allow":["GET"]}}],"collection":[{"href":"https:\/\/www.ceat.cl\/inicio\/wp-json\/wp\/v2\/posts"}],"about":[{"href":"https:\/\/www.ceat.cl\/inicio\/wp-json\/wp\/v2\/types\/post"}],"author":[{"embeddable":true,"href":"https:\/\/www.ceat.cl\/inicio\/wp-json\/wp\/v2\/users\/2"}],"replies":[{"embeddable":true,"href":"https:\/\/www.ceat.cl\/inicio\/wp-json\/wp\/v2\/comments?post=11023"}],"version-history":[{"count":4,"href":"https:\/\/www.ceat.cl\/inicio\/wp-json\/wp\/v2\/posts\/11023\/revisions"}],"predecessor-version":[{"id":11059,"href":"https:\/\/www.ceat.cl\/inicio\/wp-json\/wp\/v2\/posts\/11023\/revisions\/11059"}],"wp:featuredmedia":[{"embeddable":true,"href":"https:\/\/www.ceat.cl\/inicio\/wp-json\/wp\/v2\/media\/11026"}],"wp:attachment":[{"href":"https:\/\/www.ceat.cl\/inicio\/wp-json\/wp\/v2\/media?parent=11023"}],"wp:term":[{"taxonomy":"category","embeddable":true,"href":"https:\/\/www.ceat.cl\/inicio\/wp-json\/wp\/v2\/categories?post=11023"},{"taxonomy":"post_tag","embeddable":true,"href":"https:\/\/www.ceat.cl\/inicio\/wp-json\/wp\/v2\/tags?post=11023"}],"curies":[{"name":"wp","href":"https:\/\/api.w.org\/{rel}","templated":true}]}}