{"id":11353,"date":"2020-12-09T09:20:33","date_gmt":"2020-12-09T12:20:33","guid":{"rendered":"https:\/\/www.ceat.cl\/inicio\/?p=11353"},"modified":"2020-12-08T17:28:17","modified_gmt":"2020-12-08T20:28:17","slug":"con-taller-de-tecnicas-de-relajacion-finalizo-la-escuela-para-padres","status":"publish","type":"post","link":"https:\/\/www.ceat.cl\/inicio\/con-taller-de-tecnicas-de-relajacion-finalizo-la-escuela-para-padres\/","title":{"rendered":"Con taller de \u201cT\u00e9cnicas de relajaci\u00f3n\u201d finaliz\u00f3 la Escuela para Padres"},"content":{"rendered":"<p>[et_pb_section bb_built=\u00bb1&#8243;][et_pb_row _builder_version=\u00bb3.19&#8243; custom_margin=\u00bb5px||8px|\u00bb custom_padding=\u00bb5px||8px|\u00bb][et_pb_column type=\u00bb4_4&#8243;][et_pb_text _builder_version=\u00bb3.19&#8243; text_orientation=\u00bbjustified\u00bb divienhancer_set=\u00bbnone\u00bb divienhancer_hover_effect=\u00bbnone\u00bb divienhancer_modal_overlay=\u00bb#333333&#8243; divienhancer_modal_image_alignment=\u00bbleft\u00bb divienhancer_module_menu_button_background=\u00bb#333333&#8243; divienhancer_module_menu_button_color=\u00bb#ffffff\u00bb]<\/p>\n<p>Desde el mes de septiembre y v\u00eda plataforma MEET, estuvimos desarrollando la \u201cESCUELA PARA PADRES\u201d, con el objetivo de fortalecer la participaci\u00f3n de los padres y apoderados con el proceso de ense\u00f1anza-aprendizaje de los estudiantes y, especialmente, fomentar su participaci\u00f3n dentro de nuestra comunidad educativa.<\/p>\n<p>[\/et_pb_text][\/et_pb_column][\/et_pb_row][et_pb_row _builder_version=\u00bb3.19&#8243; custom_margin=\u00bb5px||8px|\u00bb custom_padding=\u00bb5px||8px|\u00bb][et_pb_column type=\u00bb1_2&#8243;][et_pb_text _builder_version=\u00bb3.19&#8243; text_orientation=\u00bbjustified\u00bb divienhancer_set=\u00bbnone\u00bb divienhancer_hover_effect=\u00bbnone\u00bb divienhancer_modal_overlay=\u00bb#333333&#8243; divienhancer_modal_image_alignment=\u00bbleft\u00bb divienhancer_module_menu_button_background=\u00bb#333333&#8243; divienhancer_module_menu_button_color=\u00bb#ffffff\u00bb]<\/p>\n<p>En su \u00faltima sesi\u00f3n, realizada el jueves 03 de diciembre, la Escuela para Padres estuvo a cargo de nuestra psic\u00f3loga Alina Rojas, quien desarrollo el tema de \u201cT\u00e9cnicas de Relajaci\u00f3n\u201d, de tal manera que nuestros apoderados  tengan las herramientas para valorar la importancia de brindar un espacio para el autocuidado, el autoconocimiento, la salud mental y emocional, por medio de t\u00e9cnicas de relajaci\u00f3n y respiraci\u00f3n.<\/p>\n<p>[\/et_pb_text][\/et_pb_column][et_pb_column type=\u00bb1_2&#8243;][et_pb_image _builder_version=\u00bb3.19&#8243; src=\u00bbhttps:\/\/www.ceat.cl\/inicio\/wp-content\/uploads\/2020\/12\/Con-taller-de-\u201cTe\u0301cnicas-de-relajacio\u0301n\u201d-finalizo\u0301-la-Escuela-para-Padres_2.jpg\u00bb box_shadow_style=\u00bbpreset2&#8243; animation_style=\u00bbfade\u00bb divienhancer_set=\u00bbnone\u00bb divienhancer_hover_effect=\u00bbnone\u00bb divienhancer_modal_overlay=\u00bb#333333&#8243; divienhancer_modal_image_alignment=\u00bbleft\u00bb divienhancer_module_menu_button_background=\u00bb#333333&#8243; divienhancer_module_menu_button_color=\u00bb#ffffff\u00bb \/][\/et_pb_column][\/et_pb_row][et_pb_row _builder_version=\u00bb3.19&#8243; custom_margin=\u00bb5px||8px|\u00bb custom_padding=\u00bb5px||8px|\u00bb][et_pb_column type=\u00bb4_4&#8243;][et_pb_image _builder_version=\u00bb3.19&#8243; src=\u00bbhttps:\/\/www.ceat.cl\/inicio\/wp-content\/uploads\/2020\/12\/Con-taller-de-\u201cTe\u0301cnicas-de-relajacio\u0301n\u201d-finalizo\u0301-la-Escuela-para-Padres_1.jpg\u00bb box_shadow_style=\u00bbpreset2&#8243; animation_style=\u00bbfade\u00bb divienhancer_set=\u00bbnone\u00bb divienhancer_hover_effect=\u00bbnone\u00bb divienhancer_modal_overlay=\u00bb#333333&#8243; divienhancer_modal_image_alignment=\u00bbleft\u00bb divienhancer_module_menu_button_background=\u00bb#333333&#8243; divienhancer_module_menu_button_color=\u00bb#ffffff\u00bb \/][\/et_pb_column][\/et_pb_row][\/et_pb_section]<\/p>\n","protected":false},"excerpt":{"rendered":"<p>Desde el mes de septiembre y v\u00eda plataforma MEET, estuvimos desarrollando la \u201cESCUELA PARA PADRES\u201d, con el objetivo de fortalecer la participaci\u00f3n de los padres y apoderados con el proceso de ense\u00f1anza-aprendizaje de los estudiantes y, especialmente, fomentar su participaci\u00f3n dentro de nuestra comunidad educativa. En su \u00faltima sesi\u00f3n, realizada el jueves 03 de diciembre, [&hellip;]<\/p>\n","protected":false},"author":2,"featured_media":11354,"comment_status":"open","ping_status":"open","sticky":false,"template":"","format":"standard","meta":{"_et_pb_use_builder":"on","_et_pb_old_content":"","_et_gb_content_width":"","footnotes":""},"categories":[3],"tags":[],"class_list":["post-11353","post","type-post","status-publish","format-standard","has-post-thumbnail","hentry","category-not-liceo"],"_links":{"self":[{"href":"https:\/\/www.ceat.cl\/inicio\/wp-json\/wp\/v2\/posts\/11353","targetHints":{"allow":["GET"]}}],"collection":[{"href":"https:\/\/www.ceat.cl\/inicio\/wp-json\/wp\/v2\/posts"}],"about":[{"href":"https:\/\/www.ceat.cl\/inicio\/wp-json\/wp\/v2\/types\/post"}],"author":[{"embeddable":true,"href":"https:\/\/www.ceat.cl\/inicio\/wp-json\/wp\/v2\/users\/2"}],"replies":[{"embeddable":true,"href":"https:\/\/www.ceat.cl\/inicio\/wp-json\/wp\/v2\/comments?post=11353"}],"version-history":[{"count":3,"href":"https:\/\/www.ceat.cl\/inicio\/wp-json\/wp\/v2\/posts\/11353\/revisions"}],"predecessor-version":[{"id":11359,"href":"https:\/\/www.ceat.cl\/inicio\/wp-json\/wp\/v2\/posts\/11353\/revisions\/11359"}],"wp:featuredmedia":[{"embeddable":true,"href":"https:\/\/www.ceat.cl\/inicio\/wp-json\/wp\/v2\/media\/11354"}],"wp:attachment":[{"href":"https:\/\/www.ceat.cl\/inicio\/wp-json\/wp\/v2\/media?parent=11353"}],"wp:term":[{"taxonomy":"category","embeddable":true,"href":"https:\/\/www.ceat.cl\/inicio\/wp-json\/wp\/v2\/categories?post=11353"},{"taxonomy":"post_tag","embeddable":true,"href":"https:\/\/www.ceat.cl\/inicio\/wp-json\/wp\/v2\/tags?post=11353"}],"curies":[{"name":"wp","href":"https:\/\/api.w.org\/{rel}","templated":true}]}}