{"id":12063,"date":"2021-06-03T16:33:09","date_gmt":"2021-06-03T19:33:09","guid":{"rendered":"https:\/\/www.ceat.cl\/inicio\/?p=12063"},"modified":"2021-06-03T16:33:26","modified_gmt":"2021-06-03T19:33:26","slug":"comunicado-sobre-el-inicio-del-2-trimestre","status":"publish","type":"post","link":"https:\/\/www.ceat.cl\/inicio\/comunicado-sobre-el-inicio-del-2-trimestre\/","title":{"rendered":"Comunicado sobre el inicio del  2\u00b0 trimestre"},"content":{"rendered":"<p>[et_pb_section bb_built=\u00bb1&#8243;][et_pb_row][et_pb_column type=\u00bb4_4&#8243;][et_pb_text _builder_version=\u00bb3.19&#8243; text_orientation=\u00bbjustified\u00bb]<\/p>\n<p>Informamos a estudiantes y apoderados que, en relaci\u00f3n al Segundo Trimestre, lo siguiente:<\/p>\n<p><strong>1.- Ajuste de horas para el 2\u00b0 trimestre:<\/strong><\/p>\n<p>&#8211; 1\u00b0 y 2\u00b0 medio: tendr\u00e1n 20 horas semanales.<br \/>\n&#8211; 3\u00b0 y 4\u00b0 medio tendr\u00e1n 22 horas semanales.<\/p>\n<p><strong>2.- Franja horaria online:<\/strong><\/p>\n<p>&#8211; Lunes a viernes de 08:45 a 15.30 hrs.<br \/>\n&#8211; Horario de Recreos de 15 minutos.<br \/>\n&#8211; Horario de almuerzo: 13:45 a 14:45 hrs.<\/p>\n<p><strong>3.- Horario de clases presenciales (asistencia voluntaria) desde el mi\u00e9rcoles 09 de junio.<\/strong><\/p>\n<p>&#8211; Para la presencialidad, se han priorizado las asignaturas y m\u00f3dulos pr\u00e1cticos TP y tutor\u00edas. Se enviar\u00e1 un comunicado espec\u00edfico, para entregar lineamientos y protocolo de seguridad.<br \/>\n&#8211; Se dispondr\u00e1 de dos jornadas para asistir (ma\u00f1ana o tarde). en horarios de 9:00 a 13:00 y de 14:00 a 17:00 hrs.<br \/>\n&#8211; Los estudiantes asistir\u00e1n s\u00f3lo un d\u00eda a la semana, por 4 horas m\u00e1ximas de permanencia en el liceo. Se avisar\u00e1 oportunamente que d\u00eda corresponde a cada \u00e1rea priorizada.<br \/>\n&#8211; Los estudiantes voluntarios y autorizados por sus apoderados a asistir a las clases presenciales, deber\u00e1n inscribirse previamente, para definir los aforos m\u00e1ximos permitidos por jornada. Por lo anterior, de acuerdo a la cantidad de inscritos y los m\u00f3dulo a impartir, se determinar\u00e1 en qu\u00e9 jornada asiste cada grupo.<br \/>\n&#8211; La coordinaci\u00f3n y el trabajo que estamos desarrollando para dar inicio a las clases presenciales, considera todos los aspectos de seguridad exigidos por la autoridad sanitaria.<\/p>\n<p><strong>4.- Entrega horario 2\u00b0 trimestre y link de clases<\/strong><\/p>\n<p>&#8211; Tutores har\u00e1n entrega a cada curso respectivo, los horarios del 2\u00b0 trimestre.<br \/>\n&#8211; Docentes seg\u00fan la asignatura o m\u00f3dulo, los link de las clases ajustadas que comienzan ma\u00f1ana viernes 4 de junio.<\/p>\n<h4 style=\"text-align: center;\"><strong>Atte,<br \/>\nDirecci\u00f3n.<\/strong><\/h4>\n<p>[\/et_pb_text][\/et_pb_column][\/et_pb_row][\/et_pb_section]<\/p>\n","protected":false},"excerpt":{"rendered":"<p><div class=\"et_pb_row et_pb_row_0 et_pb_row_empty\">\n\t\t\t\t\n\t\t\t\t\n\t\t\t\t\n\t\t\t\t\n\t\t\t\t\n\t\t\t<\/div> Informamos a estudiantes y apoderados que, en relaci\u00f3n al Segundo Trimestre, lo siguiente: 1.- Ajuste de horas para el 2\u00b0 trimestre: &#8211; 1\u00b0 y 2\u00b0 medio: tendr\u00e1n 20 horas semanales. &#8211; 3\u00b0 y 4\u00b0 medio tendr\u00e1n 22 horas semanales. 2.- Franja horaria online: &#8211; Lunes a viernes de 08:45 a 15.30 hrs. &#8211; Horario [&hellip;]<\/p>\n","protected":false},"author":2,"featured_media":12064,"comment_status":"open","ping_status":"open","sticky":false,"template":"","format":"standard","meta":{"_et_pb_use_builder":"on","_et_pb_old_content":"","_et_gb_content_width":"","footnotes":""},"categories":[3],"tags":[],"class_list":["post-12063","post","type-post","status-publish","format-standard","has-post-thumbnail","hentry","category-not-liceo"],"_links":{"self":[{"href":"https:\/\/www.ceat.cl\/inicio\/wp-json\/wp\/v2\/posts\/12063","targetHints":{"allow":["GET"]}}],"collection":[{"href":"https:\/\/www.ceat.cl\/inicio\/wp-json\/wp\/v2\/posts"}],"about":[{"href":"https:\/\/www.ceat.cl\/inicio\/wp-json\/wp\/v2\/types\/post"}],"author":[{"embeddable":true,"href":"https:\/\/www.ceat.cl\/inicio\/wp-json\/wp\/v2\/users\/2"}],"replies":[{"embeddable":true,"href":"https:\/\/www.ceat.cl\/inicio\/wp-json\/wp\/v2\/comments?post=12063"}],"version-history":[{"count":2,"href":"https:\/\/www.ceat.cl\/inicio\/wp-json\/wp\/v2\/posts\/12063\/revisions"}],"predecessor-version":[{"id":12066,"href":"https:\/\/www.ceat.cl\/inicio\/wp-json\/wp\/v2\/posts\/12063\/revisions\/12066"}],"wp:featuredmedia":[{"embeddable":true,"href":"https:\/\/www.ceat.cl\/inicio\/wp-json\/wp\/v2\/media\/12064"}],"wp:attachment":[{"href":"https:\/\/www.ceat.cl\/inicio\/wp-json\/wp\/v2\/media?parent=12063"}],"wp:term":[{"taxonomy":"category","embeddable":true,"href":"https:\/\/www.ceat.cl\/inicio\/wp-json\/wp\/v2\/categories?post=12063"},{"taxonomy":"post_tag","embeddable":true,"href":"https:\/\/www.ceat.cl\/inicio\/wp-json\/wp\/v2\/tags?post=12063"}],"curies":[{"name":"wp","href":"https:\/\/api.w.org\/{rel}","templated":true}]}}