{"id":12573,"date":"2021-11-15T19:51:38","date_gmt":"2021-11-15T22:51:38","guid":{"rendered":"https:\/\/www.ceat.cl\/inicio\/?p=12573"},"modified":"2021-11-15T19:51:42","modified_gmt":"2021-11-15T22:51:42","slug":"ciclistas-vivieron-nueva-jornada-de-pedaleo","status":"publish","type":"post","link":"https:\/\/www.ceat.cl\/inicio\/ciclistas-vivieron-nueva-jornada-de-pedaleo\/","title":{"rendered":"Ciclistas vivieron nueva jornada de pedaleo"},"content":{"rendered":"<p>[et_pb_section fb_built=\u00bb1&#8243; _builder_version=\u00bb4.10.8&#8243; _module_preset=\u00bbdefault\u00bb][et_pb_row _builder_version=\u00bb4.10.8&#8243; _module_preset=\u00bbdefault\u00bb custom_margin=\u00bb5px||8px||false|false\u00bb custom_padding=\u00bb5px||8px||false|false\u00bb hover_enabled=\u00bb0&#8243; sticky_enabled=\u00bb0&#8243;][et_pb_column _builder_version=\u00bb4.10.8&#8243; _module_preset=\u00bbdefault\u00bb type=\u00bb4_4&#8243;][et_pb_text _builder_version=\u00bb4.10.8&#8243; _module_preset=\u00bbdefault\u00bb text_orientation=\u00bbjustified\u00bb hover_enabled=\u00bb0&#8243; sticky_enabled=\u00bb0&#8243;]<\/p>\n<p>El 13 de noviembre se realiz\u00f3 la 2da Cicletada organizada entre San Pedro Bike y el Comit\u00e9 de Medio ambiente del CEAT. En esta oportunidad se inscribieron 16 integrantes de nuestra comunidad educativa, teniendo como destino de esta ruta el Cerro la Virgen.<\/p>\n<p>Los entusiastas ciclistas pedalearon alrededor de 20 kil\u00f3metros, unas 3 horas de recorrido, que incluy\u00f3 atravesar el Puente Llacol\u00e9n.<\/p>\n<p>Atentos, se vienen nuevas fechas para seguir participando de estas actividades.<\/p>\n<p>[\/et_pb_text][\/et_pb_column][\/et_pb_row][et_pb_row _builder_version=\u00bb4.10.8&#8243; _module_preset=\u00bbdefault\u00bb custom_margin=\u00bb5px||8px||false|false\u00bb custom_padding=\u00bb5px||8px||false|false\u00bb hover_enabled=\u00bb0&#8243; sticky_enabled=\u00bb0&#8243; column_structure=\u00bb1_2,1_2&#8243;][et_pb_column _builder_version=\u00bb4.10.8&#8243; _module_preset=\u00bbdefault\u00bb type=\u00bb1_2&#8243;][et_pb_image _builder_version=\u00bb4.10.8&#8243; _module_preset=\u00bbdefault\u00bb box_shadow_style=\u00bbpreset2&#8243; animation_style=\u00bbfade\u00bb title_text=\u00bbCiclistas vivieron nueva jornada de pedaleo_18&#8243; src=\u00bbhttps:\/\/www.ceat.cl\/inicio\/wp-content\/uploads\/2021\/11\/Ciclistas-vivieron-nueva-jornada-de-pedaleo_18.jpeg\u00bb hover_enabled=\u00bb0&#8243; sticky_enabled=\u00bb0&#8243;][\/et_pb_image][et_pb_image _builder_version=\u00bb4.10.8&#8243; _module_preset=\u00bbdefault\u00bb box_shadow_style=\u00bbpreset2&#8243; animation_style=\u00bbfade\u00bb title_text=\u00bbCiclistas vivieron nueva jornada de pedaleo_15&#8243; src=\u00bbhttps:\/\/www.ceat.cl\/inicio\/wp-content\/uploads\/2021\/11\/Ciclistas-vivieron-nueva-jornada-de-pedaleo_15.jpeg\u00bb hover_enabled=\u00bb0&#8243; sticky_enabled=\u00bb0&#8243;][\/et_pb_image][\/et_pb_column][et_pb_column _builder_version=\u00bb4.10.8&#8243; _module_preset=\u00bbdefault\u00bb type=\u00bb1_2&#8243;][et_pb_image _builder_version=\u00bb4.10.8&#8243; _module_preset=\u00bbdefault\u00bb box_shadow_style=\u00bbpreset2&#8243; animation_style=\u00bbfade\u00bb title_text=\u00bbCiclistas vivieron nueva jornada de pedaleo_17&#8243; src=\u00bbhttps:\/\/www.ceat.cl\/inicio\/wp-content\/uploads\/2021\/11\/Ciclistas-vivieron-nueva-jornada-de-pedaleo_17.jpeg\u00bb hover_enabled=\u00bb0&#8243; sticky_enabled=\u00bb0&#8243;][\/et_pb_image][et_pb_image _builder_version=\u00bb4.10.8&#8243; _module_preset=\u00bbdefault\u00bb box_shadow_style=\u00bbpreset2&#8243; animation_style=\u00bbfade\u00bb title_text=\u00bbCiclistas vivieron nueva jornada de pedaleo_110&#8243; src=\u00bbhttps:\/\/www.ceat.cl\/inicio\/wp-content\/uploads\/2021\/11\/Ciclistas-vivieron-nueva-jornada-de-pedaleo_110.jpeg\u00bb hover_enabled=\u00bb0&#8243; sticky_enabled=\u00bb0&#8243;][\/et_pb_image][\/et_pb_column][\/et_pb_row][\/et_pb_section]<\/p>\n","protected":false},"excerpt":{"rendered":"<p>El 13 de noviembre se realiz\u00f3 la 2da Cicletada organizada entre San Pedro Bike y el Comit\u00e9 de Medio ambiente del CEAT. En esta oportunidad se inscribieron 16 integrantes de nuestra comunidad educativa, teniendo como destino de esta ruta el Cerro la Virgen. Los entusiastas ciclistas pedalearon alrededor de 20 kil\u00f3metros, unas 3 horas de [&hellip;]<\/p>\n","protected":false},"author":2,"featured_media":12580,"comment_status":"open","ping_status":"open","sticky":false,"template":"","format":"standard","meta":{"_et_pb_use_builder":"on","_et_pb_old_content":"","_et_gb_content_width":"","footnotes":""},"categories":[5,3],"tags":[],"class_list":["post-12573","post","type-post","status-publish","format-standard","has-post-thumbnail","hentry","category-noticias","category-not-liceo"],"_links":{"self":[{"href":"https:\/\/www.ceat.cl\/inicio\/wp-json\/wp\/v2\/posts\/12573","targetHints":{"allow":["GET"]}}],"collection":[{"href":"https:\/\/www.ceat.cl\/inicio\/wp-json\/wp\/v2\/posts"}],"about":[{"href":"https:\/\/www.ceat.cl\/inicio\/wp-json\/wp\/v2\/types\/post"}],"author":[{"embeddable":true,"href":"https:\/\/www.ceat.cl\/inicio\/wp-json\/wp\/v2\/users\/2"}],"replies":[{"embeddable":true,"href":"https:\/\/www.ceat.cl\/inicio\/wp-json\/wp\/v2\/comments?post=12573"}],"version-history":[{"count":3,"href":"https:\/\/www.ceat.cl\/inicio\/wp-json\/wp\/v2\/posts\/12573\/revisions"}],"predecessor-version":[{"id":12582,"href":"https:\/\/www.ceat.cl\/inicio\/wp-json\/wp\/v2\/posts\/12573\/revisions\/12582"}],"wp:featuredmedia":[{"embeddable":true,"href":"https:\/\/www.ceat.cl\/inicio\/wp-json\/wp\/v2\/media\/12580"}],"wp:attachment":[{"href":"https:\/\/www.ceat.cl\/inicio\/wp-json\/wp\/v2\/media?parent=12573"}],"wp:term":[{"taxonomy":"category","embeddable":true,"href":"https:\/\/www.ceat.cl\/inicio\/wp-json\/wp\/v2\/categories?post=12573"},{"taxonomy":"post_tag","embeddable":true,"href":"https:\/\/www.ceat.cl\/inicio\/wp-json\/wp\/v2\/tags?post=12573"}],"curies":[{"name":"wp","href":"https:\/\/api.w.org\/{rel}","templated":true}]}}