{"id":13182,"date":"2022-04-25T14:51:49","date_gmt":"2022-04-25T17:51:49","guid":{"rendered":"https:\/\/www.ceat.cl\/inicio\/?p=13182"},"modified":"2022-04-25T14:53:15","modified_gmt":"2022-04-25T17:53:15","slug":"dia-de-la-convivencia-escolar-3","status":"publish","type":"post","link":"https:\/\/www.ceat.cl\/inicio\/dia-de-la-convivencia-escolar-3\/","title":{"rendered":"D\u00eda de la Convivencia Escolar"},"content":{"rendered":"<p>[et_pb_section fb_built=\u00bb1&#8243; _builder_version=\u00bb4.14.7&#8243; _module_preset=\u00bbdefault\u00bb global_colors_info=\u00bb{}\u00bb][et_pb_row _builder_version=\u00bb4.14.7&#8243; _module_preset=\u00bbdefault\u00bb custom_margin=\u00bb5px||8px||false|false\u00bb custom_padding=\u00bb5px||8px||false|false\u00bb global_colors_info=\u00bb{}\u00bb][et_pb_column type=\u00bb4_4&#8243; _builder_version=\u00bb4.14.7&#8243; _module_preset=\u00bbdefault\u00bb global_colors_info=\u00bb{}\u00bb][et_pb_text _builder_version=\u00bb4.14.7&#8243; _module_preset=\u00bbdefault\u00bb text_orientation=\u00bbjustified\u00bb hover_enabled=\u00bb0&#8243; global_colors_info=\u00bb{}\u00bb sticky_enabled=\u00bb0&#8243;]El Ministerio de Educaci\u00f3n invit\u00f3, a todos los establecimientos educacionales del pa\u00eds, a celebrar el D\u00eda de la Convivencia Escolar, como una manera de marcar un hito dentro del quehacer cotidiano de los establecimientos, donde se d\u00e9 un espacio para reflexionar sobre la importancia de la convivencia en las comunidades educativas.<\/p>\n<p>El objetivo de este d\u00eda es relevar la importancia de la convivencia escolar, como factor clave en la formaci\u00f3n integral de los y las estudiantes, promoviendo el compromiso de las comunidades educativas en torno al desarrollo de relaciones pac\u00edficas y respetuosas, que fortalezcan el rol formativo y protector que deben tener los establecimientos educacionales. Se trata de desarrollar experiencias que permitan vivenciar, conocer, reflexionar y valorar la buena convivencia escolar en un ambiente inclusivo y de aceptaci\u00f3n de la diversidad, fomentando nuestros valores institucionales (respeto, honestidad, responsabilidad y solidaridad).<\/p>\n<p>Esta actividad del D\u00eda de la Convivencia Escolar, se dividi\u00f3 en dos actividades: ver una pel\u00edcula, la cual aborda la tem\u00e1tica de acoso escolar; reflexionar en torno a esta tem\u00e1tica.[\/et_pb_text][\/et_pb_column][\/et_pb_row][et_pb_row column_structure=\u00bb1_5,3_5,1_5&#8243; _builder_version=\u00bb4.14.7&#8243; _module_preset=\u00bbdefault\u00bb custom_margin=\u00bb5px||8px||false|false\u00bb custom_padding=\u00bb5px||8px||false|false\u00bb global_colors_info=\u00bb{}\u00bb][et_pb_column type=\u00bb1_5&#8243; _builder_version=\u00bb4.14.7&#8243; _module_preset=\u00bbdefault\u00bb global_colors_info=\u00bb{}\u00bb][\/et_pb_column][et_pb_column type=\u00bb3_5&#8243; _builder_version=\u00bb4.14.7&#8243; _module_preset=\u00bbdefault\u00bb global_colors_info=\u00bb{}\u00bb][et_pb_image src=\u00bbhttps:\/\/www.ceat.cl\/inicio\/wp-content\/uploads\/2022\/04\/Di\u0301a-de-la-convivenvia-escolar_250420221.jpeg\u00bb title_text=\u00bbDi\u0301a de la convivenvia escolar_250420221&#8243; _builder_version=\u00bb4.14.7&#8243; _module_preset=\u00bbdefault\u00bb global_colors_info=\u00bb{}\u00bb][\/et_pb_image][\/et_pb_column][et_pb_column type=\u00bb1_5&#8243; _builder_version=\u00bb4.14.7&#8243; _module_preset=\u00bbdefault\u00bb global_colors_info=\u00bb{}\u00bb][\/et_pb_column][\/et_pb_row][\/et_pb_section]<\/p>\n","protected":false},"excerpt":{"rendered":"<p>El Ministerio de Educaci\u00f3n invit\u00f3, a todos los establecimientos educacionales del pa\u00eds, a celebrar el D\u00eda de la Convivencia Escolar, como una manera de marcar un hito dentro del quehacer cotidiano de los establecimientos, donde se d\u00e9 un espacio para reflexionar sobre la importancia de la convivencia en las comunidades educativas. El objetivo de este [&hellip;]<\/p>\n","protected":false},"author":2,"featured_media":13184,"comment_status":"open","ping_status":"open","sticky":false,"template":"","format":"standard","meta":{"_et_pb_use_builder":"on","_et_pb_old_content":"","_et_gb_content_width":"","footnotes":""},"categories":[5,3],"tags":[],"class_list":["post-13182","post","type-post","status-publish","format-standard","has-post-thumbnail","hentry","category-noticias","category-not-liceo"],"_links":{"self":[{"href":"https:\/\/www.ceat.cl\/inicio\/wp-json\/wp\/v2\/posts\/13182","targetHints":{"allow":["GET"]}}],"collection":[{"href":"https:\/\/www.ceat.cl\/inicio\/wp-json\/wp\/v2\/posts"}],"about":[{"href":"https:\/\/www.ceat.cl\/inicio\/wp-json\/wp\/v2\/types\/post"}],"author":[{"embeddable":true,"href":"https:\/\/www.ceat.cl\/inicio\/wp-json\/wp\/v2\/users\/2"}],"replies":[{"embeddable":true,"href":"https:\/\/www.ceat.cl\/inicio\/wp-json\/wp\/v2\/comments?post=13182"}],"version-history":[{"count":3,"href":"https:\/\/www.ceat.cl\/inicio\/wp-json\/wp\/v2\/posts\/13182\/revisions"}],"predecessor-version":[{"id":13188,"href":"https:\/\/www.ceat.cl\/inicio\/wp-json\/wp\/v2\/posts\/13182\/revisions\/13188"}],"wp:featuredmedia":[{"embeddable":true,"href":"https:\/\/www.ceat.cl\/inicio\/wp-json\/wp\/v2\/media\/13184"}],"wp:attachment":[{"href":"https:\/\/www.ceat.cl\/inicio\/wp-json\/wp\/v2\/media?parent=13182"}],"wp:term":[{"taxonomy":"category","embeddable":true,"href":"https:\/\/www.ceat.cl\/inicio\/wp-json\/wp\/v2\/categories?post=13182"},{"taxonomy":"post_tag","embeddable":true,"href":"https:\/\/www.ceat.cl\/inicio\/wp-json\/wp\/v2\/tags?post=13182"}],"curies":[{"name":"wp","href":"https:\/\/api.w.org\/{rel}","templated":true}]}}