{"id":13205,"date":"2022-04-26T16:52:04","date_gmt":"2022-04-26T19:52:04","guid":{"rendered":"https:\/\/www.ceat.cl\/inicio\/?p=13205"},"modified":"2022-04-26T16:52:10","modified_gmt":"2022-04-26T19:52:10","slug":"celebracion-del-dia-del-libro","status":"publish","type":"post","link":"https:\/\/www.ceat.cl\/inicio\/celebracion-del-dia-del-libro\/","title":{"rendered":"Celebraci\u00f3n del D\u00eda del Libro"},"content":{"rendered":"<p>[et_pb_section fb_built=\u00bb1&#8243; theme_builder_area=\u00bbpost_content\u00bb _builder_version=\u00bb4.14.7&#8243; _module_preset=\u00bbdefault\u00bb][et_pb_row _builder_version=\u00bb4.14.7&#8243; _module_preset=\u00bbdefault\u00bb theme_builder_area=\u00bbpost_content\u00bb custom_margin=\u00bb5px||8px||false|false\u00bb custom_padding=\u00bb5px||8px||false|false\u00bb hover_enabled=\u00bb0&#8243; sticky_enabled=\u00bb0&#8243;][et_pb_column _builder_version=\u00bb4.14.7&#8243; _module_preset=\u00bbdefault\u00bb type=\u00bb4_4&#8243; theme_builder_area=\u00bbpost_content\u00bb][et_pb_text _builder_version=\u00bb4.14.7&#8243; _module_preset=\u00bbdefault\u00bb theme_builder_area=\u00bbpost_content\u00bb text_orientation=\u00bbjustified\u00bb hover_enabled=\u00bb0&#8243; sticky_enabled=\u00bb0&#8243;]<\/p>\n<p>Con alegr\u00eda y entusiasmo la comunidad de nuestro liceo celebr\u00f3 el \u201cd\u00eda del libro y derecho de autor\u201d el pasado jueves 21 de abril. En esta ocasi\u00f3n se exhibieron figuras de papel creadas por estudiantes de 1\u00ba y 2\u00ba medio, adem\u00e1s en el auditorio se desarroll\u00f3 el partido de b\u00e1squetbol literario, cuyos ganadores fueron:<br \/>-\u00c1ngel Valenzuela (4\u00baA)<br \/>-Vicente Alarc\u00f3n (4\u00baB)<br \/>-Juan Esteban C\u00e1rdenas (4\u00baC)<br \/>-Brian Salazar (4\u00baE)<br \/>&#8211; Christopher Chand\u00eda (4\u00baF)<\/p>\n<p>Sin duda, la actividad que capt\u00f3 la mayor atenci\u00f3n durante la jornada fue la caracterizaci\u00f3n de personajes o autores literarios, entre los que estaban: Alicia en el pa\u00eds de las maravillas, La bella y la bestia, Forrest Gump, Spiderman, Jurasik Park, Edgar Allan Poe, Goku, entre otros. Felicitamos a estudiantes y docentes por la motivaci\u00f3n que tuvieron al caracterizarse de su personaje o autor literario favorito, ya que esto permiti\u00f3 que el resto de la comunidad socializara con ellos para compartir detalles de su vestimenta y tomarse fotos.<\/p>\n<p>M\u00e1s fotograf\u00edas las puedes encontrar haciendo <span style=\"color: #993300;\"><a style=\"color: #993300;\" href=\"https:\/\/www.flickr.com\/photos\/corporacionceat\/albums\/72177720298414045\">click aqu\u00ed<\/a><\/span><\/p>\n<p>[\/et_pb_text][\/et_pb_column][\/et_pb_row][et_pb_row _builder_version=\u00bb4.14.7&#8243; _module_preset=\u00bbdefault\u00bb theme_builder_area=\u00bbpost_content\u00bb custom_margin=\u00bb5px||8px||false|false\u00bb custom_padding=\u00bb5px||8px||false|false\u00bb hover_enabled=\u00bb0&#8243; sticky_enabled=\u00bb0&#8243; column_structure=\u00bb1_2,1_2&#8243;][et_pb_column _builder_version=\u00bb4.14.7&#8243; _module_preset=\u00bbdefault\u00bb type=\u00bb1_2&#8243; theme_builder_area=\u00bbpost_content\u00bb][et_pb_image _builder_version=\u00bb4.14.7&#8243; _module_preset=\u00bbdefault\u00bb theme_builder_area=\u00bbpost_content\u00bb title_text=\u00bbDi\u0301a del libro 2022_1&#8243; src=\u00bbhttps:\/\/www.ceat.cl\/inicio\/wp-content\/uploads\/2022\/04\/Di\u0301a-del-libro-2022_1.jpeg\u00bb box_shadow_style=\u00bbpreset2&#8243; hover_enabled=\u00bb0&#8243; sticky_enabled=\u00bb0&#8243;][\/et_pb_image][\/et_pb_column][et_pb_column _builder_version=\u00bb4.14.7&#8243; _module_preset=\u00bbdefault\u00bb type=\u00bb1_2&#8243; theme_builder_area=\u00bbpost_content\u00bb][et_pb_image _builder_version=\u00bb4.14.7&#8243; _module_preset=\u00bbdefault\u00bb theme_builder_area=\u00bbpost_content\u00bb title_text=\u00bbDi\u0301a del libro 2022_2&#8243; src=\u00bbhttps:\/\/www.ceat.cl\/inicio\/wp-content\/uploads\/2022\/04\/Di\u0301a-del-libro-2022_2.jpeg\u00bb box_shadow_style=\u00bbpreset2&#8243; hover_enabled=\u00bb0&#8243; sticky_enabled=\u00bb0&#8243;][\/et_pb_image][\/et_pb_column][\/et_pb_row][\/et_pb_section]<\/p>\n","protected":false},"excerpt":{"rendered":"<p>Con alegr\u00eda y entusiasmo la comunidad de nuestro liceo celebr\u00f3 el \u201cd\u00eda del libro y derecho de autor\u201d el pasado jueves 21 de abril. En esta ocasi\u00f3n se exhibieron figuras de papel creadas por estudiantes de 1\u00ba y 2\u00ba medio, adem\u00e1s en el auditorio se desarroll\u00f3 el partido de b\u00e1squetbol literario, cuyos ganadores fueron:-\u00c1ngel Valenzuela [&hellip;]<\/p>\n","protected":false},"author":2,"featured_media":13210,"comment_status":"open","ping_status":"open","sticky":false,"template":"","format":"standard","meta":{"_et_pb_use_builder":"on","_et_pb_old_content":"","_et_gb_content_width":"","footnotes":""},"categories":[5,3],"tags":[],"class_list":["post-13205","post","type-post","status-publish","format-standard","has-post-thumbnail","hentry","category-noticias","category-not-liceo"],"_links":{"self":[{"href":"https:\/\/www.ceat.cl\/inicio\/wp-json\/wp\/v2\/posts\/13205","targetHints":{"allow":["GET"]}}],"collection":[{"href":"https:\/\/www.ceat.cl\/inicio\/wp-json\/wp\/v2\/posts"}],"about":[{"href":"https:\/\/www.ceat.cl\/inicio\/wp-json\/wp\/v2\/types\/post"}],"author":[{"embeddable":true,"href":"https:\/\/www.ceat.cl\/inicio\/wp-json\/wp\/v2\/users\/2"}],"replies":[{"embeddable":true,"href":"https:\/\/www.ceat.cl\/inicio\/wp-json\/wp\/v2\/comments?post=13205"}],"version-history":[{"count":3,"href":"https:\/\/www.ceat.cl\/inicio\/wp-json\/wp\/v2\/posts\/13205\/revisions"}],"predecessor-version":[{"id":13212,"href":"https:\/\/www.ceat.cl\/inicio\/wp-json\/wp\/v2\/posts\/13205\/revisions\/13212"}],"wp:featuredmedia":[{"embeddable":true,"href":"https:\/\/www.ceat.cl\/inicio\/wp-json\/wp\/v2\/media\/13210"}],"wp:attachment":[{"href":"https:\/\/www.ceat.cl\/inicio\/wp-json\/wp\/v2\/media?parent=13205"}],"wp:term":[{"taxonomy":"category","embeddable":true,"href":"https:\/\/www.ceat.cl\/inicio\/wp-json\/wp\/v2\/categories?post=13205"},{"taxonomy":"post_tag","embeddable":true,"href":"https:\/\/www.ceat.cl\/inicio\/wp-json\/wp\/v2\/tags?post=13205"}],"curies":[{"name":"wp","href":"https:\/\/api.w.org\/{rel}","templated":true}]}}