{"id":13273,"date":"2022-05-23T08:15:49","date_gmt":"2022-05-23T11:15:49","guid":{"rendered":"https:\/\/www.ceat.cl\/inicio\/?p=13273"},"modified":"2022-05-22T15:40:36","modified_gmt":"2022-05-22T18:40:36","slug":"semana-de-la-seguridad-escolar-ceat","status":"publish","type":"post","link":"https:\/\/www.ceat.cl\/inicio\/semana-de-la-seguridad-escolar-ceat\/","title":{"rendered":"Semana de la Seguridad Escolar CEAT"},"content":{"rendered":"<p>[et_pb_section fb_built=\u00bb1&#8243; theme_builder_area=\u00bbpost_content\u00bb _builder_version=\u00bb4.14.7&#8243; _module_preset=\u00bbdefault\u00bb][et_pb_row _builder_version=\u00bb4.14.7&#8243; _module_preset=\u00bbdefault\u00bb theme_builder_area=\u00bbpost_content\u00bb][et_pb_column _builder_version=\u00bb4.14.7&#8243; _module_preset=\u00bbdefault\u00bb type=\u00bb4_4&#8243; theme_builder_area=\u00bbpost_content\u00bb][et_pb_text _builder_version=\u00bb4.14.7&#8243; _module_preset=\u00bbdefault\u00bb theme_builder_area=\u00bbpost_content\u00bb text_orientation=\u00bbjustified\u00bb hover_enabled=\u00bb0&#8243; sticky_enabled=\u00bb0&#8243;]<\/p>\n<p>La \u201cSemana de la Seguridad Escolar\u201d ha sido establecida por el Ministerio de Educaci\u00f3n todos los a\u00f1os para la \u00faltima semana de mayo, con el objetivo de fortalecer los aprendizajes referidos a la formaci\u00f3n personal y social de los estudiantes, como el autocuidado y la seguridad vial, promoviendo la prevenci\u00f3n de riesgos a nivel escolar.<\/p>\n<p>En nuestro liceo corresponde al Plan de Mejoramiento Educativo (PME) llamado PISE \u2013 Seguridad Escolar gestionar y elaborar las actividades que se enmarcan en el autocuidado, autonom\u00eda responsable y solidaridad durante todo el a\u00f1o y muy especialmente durante esta semana con el objetivo de generar en los estudiantes y en toda la comunidad una cultura preventiva que nos permita enfrentar las emergencias que ocurran en nuestro liceo, trayecto y hogar.<\/p>\n<p><strong>VIDEOS DE LA SEMANA DE LA SEGURIDAD ESCOLAR (Con lenguaje de se\u00f1as)<\/strong><\/p>\n<p>[\/et_pb_text][\/et_pb_column][\/et_pb_row][et_pb_row _builder_version=\u00bb4.14.7&#8243; _module_preset=\u00bbdefault\u00bb theme_builder_area=\u00bbpost_content\u00bb column_structure=\u00bb1_2,1_2&#8243;][et_pb_column _builder_version=\u00bb4.14.7&#8243; _module_preset=\u00bbdefault\u00bb type=\u00bb1_2&#8243; theme_builder_area=\u00bbpost_content\u00bb][et_pb_text _builder_version=\u00bb4.14.7&#8243; _module_preset=\u00bbdefault\u00bb theme_builder_area=\u00bbpost_content\u00bb text_orientation=\u00bbjustified\u00bb hover_enabled=\u00bb0&#8243; sticky_enabled=\u00bb0&#8243;]<\/p>\n<p style=\"text-align: center;\">Recomendaciones ONEMI para enfrentar desastres de ALUVIONES.<br \/><iframe loading=\"lazy\" src=\"https:\/\/drive.google.com\/file\/d\/1IFsHN2qkkv92L-9NQ9UEWLJ_BUfPfyck\/preview\" width=\"320\" height=\"240\"><\/iframe><\/p>\n<p>[\/et_pb_text][et_pb_text _builder_version=\u00bb4.14.7&#8243; _module_preset=\u00bbdefault\u00bb theme_builder_area=\u00bbpost_content\u00bb text_orientation=\u00bbjustified\u00bb hover_enabled=\u00bb0&#8243; sticky_enabled=\u00bb0&#8243;]<\/p>\n<p style=\"text-align: center;\">Recomendaciones ONEMI para enfrentar desastres de SISMOS &#8211; TERREMOTOS.<br \/><iframe loading=\"lazy\" src=\"https:\/\/drive.google.com\/file\/d\/100dq3J0n6TMCGusUAU1vPBRKIwG16xn8\/preview\" width=\"320\" height=\"240\"><\/iframe><\/p>\n<p>[\/et_pb_text][et_pb_text _builder_version=\u00bb4.14.7&#8243; _module_preset=\u00bbdefault\u00bb theme_builder_area=\u00bbpost_content\u00bb text_orientation=\u00bbjustified\u00bb hover_enabled=\u00bb0&#8243; sticky_enabled=\u00bb0&#8243;]<\/p>\n<p style=\"text-align: center;\">Recomendaciones ONEMI para enfrentar desastres de ERUPCIONES VOLC\u00c1NICAS.<br \/><iframe loading=\"lazy\" src=\"https:\/\/drive.google.com\/file\/d\/1xi0NXXeo7HE66ifKFvjonnyc2X5E1wIn\/preview\" width=\"320\" height=\"240\"><\/iframe><\/p>\n<p>[\/et_pb_text][et_pb_text _builder_version=\u00bb4.14.7&#8243; _module_preset=\u00bbdefault\u00bb theme_builder_area=\u00bbpost_content\u00bb text_orientation=\u00bbjustified\u00bb hover_enabled=\u00bb0&#8243; sticky_enabled=\u00bb0&#8243;]<\/p>\n<p style=\"text-align: center;\">Recomendaciones ONEMI para enfrentar desastres de INCENDIOS FORESTALES.<br \/><iframe loading=\"lazy\" src=\"https:\/\/drive.google.com\/file\/d\/1zFBsLznS8Mm_eH4BJSlUaCcrWcVzeqIs\/preview\" width=\"320\" height=\"240\"><\/iframe><\/p>\n<p>[\/et_pb_text][\/et_pb_column][et_pb_column _builder_version=\u00bb4.14.7&#8243; _module_preset=\u00bbdefault\u00bb type=\u00bb1_2&#8243; theme_builder_area=\u00bbpost_content\u00bb][et_pb_text _builder_version=\u00bb4.14.7&#8243; _module_preset=\u00bbdefault\u00bb theme_builder_area=\u00bbpost_content\u00bb text_orientation=\u00bbjustified\u00bb hover_enabled=\u00bb0&#8243; sticky_enabled=\u00bb0&#8243;]<\/p>\n<p style=\"text-align: center;\">Recomendaciones ONEMI para enfrentar INCENDIOS ESTRUCTURALES (casa, departamentos, edificios).<br \/><iframe loading=\"lazy\" src=\"https:\/\/drive.google.com\/file\/d\/1SQuHXkJ77hCkzb0CV6qie8g1ZyZ2P4rN\/preview\" width=\"320\" height=\"240\"><\/iframe><\/p>\n<p>[\/et_pb_text][et_pb_text _builder_version=\u00bb4.14.7&#8243; _module_preset=\u00bbdefault\u00bb theme_builder_area=\u00bbpost_content\u00bb text_orientation=\u00bbjustified\u00bb hover_enabled=\u00bb0&#8243; sticky_enabled=\u00bb0&#8243; admin_label=\u00bbInundaciones\u00bb]<\/p>\n<p style=\"text-align: center;\">Recomendaciones ONEMI para enfrentar INUNDACIONES.<br \/><iframe loading=\"lazy\" src=\"https:\/\/drive.google.com\/file\/d\/1lo56rRsubawxUjbkgK07BcHmwJGe0WtY\/preview\" width=\"320\" height=\"240\"><\/iframe><\/p>\n<p>[\/et_pb_text][et_pb_text _builder_version=\u00bb4.14.7&#8243; _module_preset=\u00bbdefault\u00bb theme_builder_area=\u00bbpost_content\u00bb text_orientation=\u00bbjustified\u00bb hover_enabled=\u00bb0&#8243; sticky_enabled=\u00bb0&#8243;]<\/p>\n<p style=\"text-align: center;\">Recomendaciones ONEMI para enfrentar TSUNAMI.<br \/><iframe loading=\"lazy\" src=\"https:\/\/drive.google.com\/file\/d\/1NCgCLlfoPdjZWa__5kAlf9RoDi9SGAmV\/preview\" width=\"320\" height=\"240\"><\/iframe><\/p>\n<p>[\/et_pb_text][\/et_pb_column][\/et_pb_row][\/et_pb_section]<\/p>\n","protected":false},"excerpt":{"rendered":"<p>La \u201cSemana de la Seguridad Escolar\u201d ha sido establecida por el Ministerio de Educaci\u00f3n todos los a\u00f1os para la \u00faltima semana de mayo, con el objetivo de fortalecer los aprendizajes referidos a la formaci\u00f3n personal y social de los estudiantes, como el autocuidado y la seguridad vial, promoviendo la prevenci\u00f3n de riesgos a nivel escolar. [&hellip;]<\/p>\n","protected":false},"author":2,"featured_media":13276,"comment_status":"open","ping_status":"open","sticky":false,"template":"","format":"standard","meta":{"_et_pb_use_builder":"on","_et_pb_old_content":"","_et_gb_content_width":"","footnotes":""},"categories":[5,3],"tags":[],"class_list":["post-13273","post","type-post","status-publish","format-standard","has-post-thumbnail","hentry","category-noticias","category-not-liceo"],"_links":{"self":[{"href":"https:\/\/www.ceat.cl\/inicio\/wp-json\/wp\/v2\/posts\/13273","targetHints":{"allow":["GET"]}}],"collection":[{"href":"https:\/\/www.ceat.cl\/inicio\/wp-json\/wp\/v2\/posts"}],"about":[{"href":"https:\/\/www.ceat.cl\/inicio\/wp-json\/wp\/v2\/types\/post"}],"author":[{"embeddable":true,"href":"https:\/\/www.ceat.cl\/inicio\/wp-json\/wp\/v2\/users\/2"}],"replies":[{"embeddable":true,"href":"https:\/\/www.ceat.cl\/inicio\/wp-json\/wp\/v2\/comments?post=13273"}],"version-history":[{"count":5,"href":"https:\/\/www.ceat.cl\/inicio\/wp-json\/wp\/v2\/posts\/13273\/revisions"}],"predecessor-version":[{"id":13292,"href":"https:\/\/www.ceat.cl\/inicio\/wp-json\/wp\/v2\/posts\/13273\/revisions\/13292"}],"wp:featuredmedia":[{"embeddable":true,"href":"https:\/\/www.ceat.cl\/inicio\/wp-json\/wp\/v2\/media\/13276"}],"wp:attachment":[{"href":"https:\/\/www.ceat.cl\/inicio\/wp-json\/wp\/v2\/media?parent=13273"}],"wp:term":[{"taxonomy":"category","embeddable":true,"href":"https:\/\/www.ceat.cl\/inicio\/wp-json\/wp\/v2\/categories?post=13273"},{"taxonomy":"post_tag","embeddable":true,"href":"https:\/\/www.ceat.cl\/inicio\/wp-json\/wp\/v2\/tags?post=13273"}],"curies":[{"name":"wp","href":"https:\/\/api.w.org\/{rel}","templated":true}]}}