{"id":13431,"date":"2022-06-28T19:42:11","date_gmt":"2022-06-28T22:42:11","guid":{"rendered":"https:\/\/www.ceat.cl\/inicio\/?p=13431"},"modified":"2022-06-28T19:42:17","modified_gmt":"2022-06-28T22:42:17","slug":"consideraciones-para-el-retorno-a-clases-tras-vacaciones-de-invierno-2022","status":"publish","type":"post","link":"https:\/\/www.ceat.cl\/inicio\/consideraciones-para-el-retorno-a-clases-tras-vacaciones-de-invierno-2022\/","title":{"rendered":"Consideraciones para el retorno a clases tras vacaciones de invierno 2022"},"content":{"rendered":"<p>[et_pb_section fb_built=\u00bb1&#8243; theme_builder_area=\u00bbpost_content\u00bb _builder_version=\u00bb4.17.4&#8243; _module_preset=\u00bbdefault\u00bb][et_pb_row _builder_version=\u00bb4.17.4&#8243; _module_preset=\u00bbdefault\u00bb theme_builder_area=\u00bbpost_content\u00bb custom_margin=\u00bb5px||8px||false|false\u00bb custom_padding=\u00bb5px||8px||false|false\u00bb hover_enabled=\u00bb0&#8243; sticky_enabled=\u00bb0&#8243;][et_pb_column _builder_version=\u00bb4.17.4&#8243; _module_preset=\u00bbdefault\u00bb type=\u00bb4_4&#8243; theme_builder_area=\u00bbpost_content\u00bb][et_pb_text _builder_version=\u00bb4.17.4&#8243; _module_preset=\u00bbdefault\u00bb theme_builder_area=\u00bbpost_content\u00bb hover_enabled=\u00bb0&#8243; sticky_enabled=\u00bb0&#8243; text_orientation=\u00bbjustified\u00bb]<\/p>\n<p>1. Conforme a lo informado en el Comunicado 4, el MINEDUC dispuso que la flexibilidad horaria se autorizaba hasta fines del primer semestre.<\/p>\n<p>2. En consecuencia, a contar del segundo semestre, es decir <strong>25 de julio<\/strong>, fecha de regreso de vacaciones de invierno, retomaremos la estructura horaria normal, eso s\u00ed <strong>comenzando a las 8:15 hrs<\/strong>. dadas las dificultades de tr\u00e1nsito en las ma\u00f1anas, lo que significa consecuentemente terminar la jornada m\u00e1s tarde.<\/p>\n<p>3. Recordamos que la hora de clases es de 45 minutos, por lo tanto, cada bloque es de 90 minutos, por lo que la distribuci\u00f3n horaria en el Liceo para tod@s l@s estudiantes, ser\u00e1 la siguiente:<\/p>\n<p>[\/et_pb_text][\/et_pb_column][\/et_pb_row][et_pb_row _builder_version=\u00bb4.17.4&#8243; _module_preset=\u00bbdefault\u00bb theme_builder_area=\u00bbpost_content\u00bb custom_margin=\u00bb5px||8px||false|false\u00bb custom_padding=\u00bb5px||8px||false|false\u00bb hover_enabled=\u00bb0&#8243; sticky_enabled=\u00bb0&#8243; column_structure=\u00bb1_5,3_5,1_5&#8243;][et_pb_column _builder_version=\u00bb4.17.4&#8243; _module_preset=\u00bbdefault\u00bb type=\u00bb1_5&#8243; theme_builder_area=\u00bbpost_content\u00bb][\/et_pb_column][et_pb_column _builder_version=\u00bb4.17.4&#8243; _module_preset=\u00bbdefault\u00bb type=\u00bb3_5&#8243; theme_builder_area=\u00bbpost_content\u00bb][et_pb_image _builder_version=\u00bb4.17.4&#8243; _module_preset=\u00bbdefault\u00bb theme_builder_area=\u00bbpost_content\u00bb title_text=\u00bbComunicado 5 &#8211; 28062022 Consideraciones para el retorno a clases tras vacaciones de inviner\u00bb src=\u00bbhttps:\/\/www.ceat.cl\/inicio\/wp-content\/uploads\/2022\/06\/Comunicado-5-28062022-Consideraciones-para-el-retorno-a-clases-tras-vacaciones-de-inviner.png\u00bb hover_enabled=\u00bb0&#8243; sticky_enabled=\u00bb0&#8243;][\/et_pb_image][\/et_pb_column][et_pb_column _builder_version=\u00bb4.17.4&#8243; _module_preset=\u00bbdefault\u00bb type=\u00bb1_5&#8243; theme_builder_area=\u00bbpost_content\u00bb][\/et_pb_column][\/et_pb_row][et_pb_row _builder_version=\u00bb4.17.4&#8243; _module_preset=\u00bbdefault\u00bb theme_builder_area=\u00bbpost_content\u00bb custom_margin=\u00bb5px||8px||false|false\u00bb custom_padding=\u00bb5px||8px||false|false\u00bb hover_enabled=\u00bb0&#8243; sticky_enabled=\u00bb0&#8243;][et_pb_column _builder_version=\u00bb4.17.4&#8243; _module_preset=\u00bbdefault\u00bb type=\u00bb4_4&#8243; theme_builder_area=\u00bbpost_content\u00bb][et_pb_text _builder_version=\u00bb4.17.4&#8243; _module_preset=\u00bbdefault\u00bb theme_builder_area=\u00bbpost_content\u00bb hover_enabled=\u00bb0&#8243; sticky_enabled=\u00bb0&#8243; text_orientation=\u00bbjustified\u00bb]<\/p>\n<p><strong>En s\u00edntesis:<\/strong><br \/>\u2022 El ingreso a clases es a las 8:15 hrs.<br \/>\u2022 La hora de clase ser\u00e1 de 45 minutos.<br \/>\u2022 El primer recreo es de 15 minutos de 9:45 a 10:00 hrs., los restantes ser\u00e1n de 10 minutos<br \/>\u2022 El horario de colaci\u00f3n para los estudiantes ser\u00e1 desde las <strong>13:10 hasta las 14:10 hrs.<\/strong><\/p>\n<p>4. Reiteramos nuestra solicitud a Madres\/Padres, Apoderadas\/os de m\u00e1xima colaboraci\u00f3n educativa para que sus pupilos cumplan estrictamente con lo dispuesto en nuestro RICE (Reglamento Interno: Normas de Convivencia Escolar), en especial:<br \/>\u2022 Llegar puntual a clases siempre, tanto en la ma\u00f1ana como en las horas intermedias.<br \/>\u2022 No salir del establecimiento en ning\u00fan momento durante su jornada de clases, salvo que la\/el apoderada\/o lo retire personalmente, haciendo la gesti\u00f3n en la UAE (Unidad de Administraci\u00f3n Escolar). Para efectos de seguro escolar esto es fundamental.<br \/>\u2022 Resolver sus diferencias sin recurrir a violencia de ning\u00fan tipo.<br \/>\u2022 Cumplir con rigor y dedicaci\u00f3n con todas sus obligaciones como estudiantes, en especial el <strong>uso del uniforme escolar institucional.<\/strong><\/p>\n<p style=\"text-align: center;\"><strong>LA DIRECCI\u00d3N<\/strong><\/p>\n<p>[\/et_pb_text][\/et_pb_column][\/et_pb_row][\/et_pb_section]<\/p>\n","protected":false},"excerpt":{"rendered":"<p>1. Conforme a lo informado en el Comunicado 4, el MINEDUC dispuso que la flexibilidad horaria se autorizaba hasta fines del primer semestre. 2. En consecuencia, a contar del segundo semestre, es decir 25 de julio, fecha de regreso de vacaciones de invierno, retomaremos la estructura horaria normal, eso s\u00ed comenzando a las 8:15 hrs. [&hellip;]<\/p>\n","protected":false},"author":2,"featured_media":13435,"comment_status":"open","ping_status":"open","sticky":false,"template":"","format":"standard","meta":{"_et_pb_use_builder":"on","_et_pb_old_content":"","_et_gb_content_width":"","footnotes":""},"categories":[5,3],"tags":[],"class_list":["post-13431","post","type-post","status-publish","format-standard","has-post-thumbnail","hentry","category-noticias","category-not-liceo"],"_links":{"self":[{"href":"https:\/\/www.ceat.cl\/inicio\/wp-json\/wp\/v2\/posts\/13431","targetHints":{"allow":["GET"]}}],"collection":[{"href":"https:\/\/www.ceat.cl\/inicio\/wp-json\/wp\/v2\/posts"}],"about":[{"href":"https:\/\/www.ceat.cl\/inicio\/wp-json\/wp\/v2\/types\/post"}],"author":[{"embeddable":true,"href":"https:\/\/www.ceat.cl\/inicio\/wp-json\/wp\/v2\/users\/2"}],"replies":[{"embeddable":true,"href":"https:\/\/www.ceat.cl\/inicio\/wp-json\/wp\/v2\/comments?post=13431"}],"version-history":[{"count":3,"href":"https:\/\/www.ceat.cl\/inicio\/wp-json\/wp\/v2\/posts\/13431\/revisions"}],"predecessor-version":[{"id":13437,"href":"https:\/\/www.ceat.cl\/inicio\/wp-json\/wp\/v2\/posts\/13431\/revisions\/13437"}],"wp:featuredmedia":[{"embeddable":true,"href":"https:\/\/www.ceat.cl\/inicio\/wp-json\/wp\/v2\/media\/13435"}],"wp:attachment":[{"href":"https:\/\/www.ceat.cl\/inicio\/wp-json\/wp\/v2\/media?parent=13431"}],"wp:term":[{"taxonomy":"category","embeddable":true,"href":"https:\/\/www.ceat.cl\/inicio\/wp-json\/wp\/v2\/categories?post=13431"},{"taxonomy":"post_tag","embeddable":true,"href":"https:\/\/www.ceat.cl\/inicio\/wp-json\/wp\/v2\/tags?post=13431"}],"curies":[{"name":"wp","href":"https:\/\/api.w.org\/{rel}","templated":true}]}}