{"id":13438,"date":"2022-06-29T16:51:20","date_gmt":"2022-06-29T19:51:20","guid":{"rendered":"https:\/\/www.ceat.cl\/inicio\/?p=13438"},"modified":"2022-06-29T16:51:26","modified_gmt":"2022-06-29T19:51:26","slug":"comunica-fallecimiento-de-mama-de-nuestro-profesor-laureano-astete-munoz","status":"publish","type":"post","link":"https:\/\/www.ceat.cl\/inicio\/comunica-fallecimiento-de-mama-de-nuestro-profesor-laureano-astete-munoz\/","title":{"rendered":"Comunica fallecimiento de mam\u00e1 de nuestro profesor Laureano Astete Mu\u00f1oz"},"content":{"rendered":"<p>[et_pb_section fb_built=\u00bb1&#8243; theme_builder_area=\u00bbpost_content\u00bb _builder_version=\u00bb4.17.4&#8243; _module_preset=\u00bbdefault\u00bb][et_pb_row _builder_version=\u00bb4.17.4&#8243; _module_preset=\u00bbdefault\u00bb theme_builder_area=\u00bbpost_content\u00bb][et_pb_column _builder_version=\u00bb4.17.4&#8243; _module_preset=\u00bbdefault\u00bb type=\u00bb4_4&#8243; theme_builder_area=\u00bbpost_content\u00bb][et_pb_text _builder_version=\u00bb4.17.4&#8243; _module_preset=\u00bbdefault\u00bb theme_builder_area=\u00bbpost_content\u00bb text_orientation=\u00bbjustified\u00bb hover_enabled=\u00bb0&#8243; sticky_enabled=\u00bb0&#8243;]Comunico a ustedes el lamentable fallecimiento de la mam\u00e1 de nuestro profesor Laureano Astete Mu\u00f1oz, Sra. Mar\u00eda Teresa Mu\u00f1oz Lobos, Q.E.P.D., acaecido ayer. Acompa\u00f1amos a Laureano y su familia, en este dif\u00edcil trance de la vida, y pedimos a Dios le de fuerza as\u00ed como consuelo ante tan sensible p\u00e9rdida. <\/p>\n<p>El Velatorio es en su domicilio, calle Silesia 3583, Poblaci\u00f3n Osvaldo Mu\u00f1oz, Comuna de Hualp\u00e9n..<\/p>\n<p>Sus funerales se realizar\u00e1n ma\u00f1ana jueves, a partir de las 15.00 horas, en Cementerio Parque Concepci\u00f3n Costanera.[\/et_pb_text][\/et_pb_column][\/et_pb_row][et_pb_row _builder_version=\u00bb4.17.4&#8243; _module_preset=\u00bbdefault\u00bb theme_builder_area=\u00bbpost_content\u00bb column_structure=\u00bb1_5,3_5,1_5&#8243;][et_pb_column _builder_version=\u00bb4.17.4&#8243; _module_preset=\u00bbdefault\u00bb type=\u00bb1_5&#8243; theme_builder_area=\u00bbpost_content\u00bb][\/et_pb_column][et_pb_column _builder_version=\u00bb4.17.4&#8243; _module_preset=\u00bbdefault\u00bb type=\u00bb3_5&#8243; theme_builder_area=\u00bbpost_content\u00bb][et_pb_image _builder_version=\u00bb4.17.4&#8243; _module_preset=\u00bbdefault\u00bb theme_builder_area=\u00bbpost_content\u00bb title_text=\u00bbDefuncio\u0301n29062020&#8243; src=\u00bbhttps:\/\/www.ceat.cl\/inicio\/wp-content\/uploads\/2022\/06\/Defuncio\u0301n29062020.jpeg\u00bb hover_enabled=\u00bb0&#8243; sticky_enabled=\u00bb0&#8243;][\/et_pb_image][\/et_pb_column][et_pb_column _builder_version=\u00bb4.17.4&#8243; _module_preset=\u00bbdefault\u00bb type=\u00bb1_5&#8243; theme_builder_area=\u00bbpost_content\u00bb][\/et_pb_column][\/et_pb_row][\/et_pb_section]<\/p>\n","protected":false},"excerpt":{"rendered":"<p>Comunico a ustedes el lamentable fallecimiento de la mam\u00e1 de nuestro profesor Laureano Astete Mu\u00f1oz, Sra. Mar\u00eda Teresa Mu\u00f1oz Lobos, Q.E.P.D., acaecido ayer. Acompa\u00f1amos a Laureano y su familia, en este dif\u00edcil trance de la vida, y pedimos a Dios le de fuerza as\u00ed como consuelo ante tan sensible p\u00e9rdida. El Velatorio es en su [&hellip;]<\/p>\n","protected":false},"author":2,"featured_media":13439,"comment_status":"open","ping_status":"open","sticky":false,"template":"","format":"standard","meta":{"_et_pb_use_builder":"on","_et_pb_old_content":"","_et_gb_content_width":"","footnotes":""},"categories":[5,3],"tags":[],"class_list":["post-13438","post","type-post","status-publish","format-standard","has-post-thumbnail","hentry","category-noticias","category-not-liceo"],"_links":{"self":[{"href":"https:\/\/www.ceat.cl\/inicio\/wp-json\/wp\/v2\/posts\/13438","targetHints":{"allow":["GET"]}}],"collection":[{"href":"https:\/\/www.ceat.cl\/inicio\/wp-json\/wp\/v2\/posts"}],"about":[{"href":"https:\/\/www.ceat.cl\/inicio\/wp-json\/wp\/v2\/types\/post"}],"author":[{"embeddable":true,"href":"https:\/\/www.ceat.cl\/inicio\/wp-json\/wp\/v2\/users\/2"}],"replies":[{"embeddable":true,"href":"https:\/\/www.ceat.cl\/inicio\/wp-json\/wp\/v2\/comments?post=13438"}],"version-history":[{"count":2,"href":"https:\/\/www.ceat.cl\/inicio\/wp-json\/wp\/v2\/posts\/13438\/revisions"}],"predecessor-version":[{"id":13442,"href":"https:\/\/www.ceat.cl\/inicio\/wp-json\/wp\/v2\/posts\/13438\/revisions\/13442"}],"wp:featuredmedia":[{"embeddable":true,"href":"https:\/\/www.ceat.cl\/inicio\/wp-json\/wp\/v2\/media\/13439"}],"wp:attachment":[{"href":"https:\/\/www.ceat.cl\/inicio\/wp-json\/wp\/v2\/media?parent=13438"}],"wp:term":[{"taxonomy":"category","embeddable":true,"href":"https:\/\/www.ceat.cl\/inicio\/wp-json\/wp\/v2\/categories?post=13438"},{"taxonomy":"post_tag","embeddable":true,"href":"https:\/\/www.ceat.cl\/inicio\/wp-json\/wp\/v2\/tags?post=13438"}],"curies":[{"name":"wp","href":"https:\/\/api.w.org\/{rel}","templated":true}]}}