{"id":13516,"date":"2022-07-30T14:29:39","date_gmt":"2022-07-30T17:29:39","guid":{"rendered":"https:\/\/www.ceat.cl\/inicio\/?p=13516"},"modified":"2022-07-30T14:29:44","modified_gmt":"2022-07-30T17:29:44","slug":"control-de-salud-integral-adolescente-2022","status":"publish","type":"post","link":"https:\/\/www.ceat.cl\/inicio\/control-de-salud-integral-adolescente-2022\/","title":{"rendered":"Control de Salud Integral Adolescente 2022"},"content":{"rendered":"<p>[et_pb_section fb_built=\u00bb1&#8243; theme_builder_area=\u00bbpost_content\u00bb _builder_version=\u00bb4.17.4&#8243; _module_preset=\u00bbdefault\u00bb][et_pb_row _builder_version=\u00bb4.17.4&#8243; _module_preset=\u00bbdefault\u00bb theme_builder_area=\u00bbpost_content\u00bb][et_pb_column _builder_version=\u00bb4.17.4&#8243; _module_preset=\u00bbdefault\u00bb type=\u00bb4_4&#8243; theme_builder_area=\u00bbpost_content\u00bb][et_pb_text _builder_version=\u00bb4.17.4&#8243; _module_preset=\u00bbdefault\u00bb theme_builder_area=\u00bbpost_content\u00bb text_orientation=\u00bbjustified\u00bb hover_enabled=\u00bb0&#8243; sticky_enabled=\u00bb0&#8243;]Desde el lunes 01 de agosto y hasta el mes de octubre nos acompa\u00f1ar\u00e1 en dependencias del Ceat , Srta. Fabiola Garrido, matrona encargada comunal del programa adolescente, quien se encontrar\u00e1 en enfermer\u00eda del Ceat realizando controles de salud integral desde las 09:00 hrs a a13:00 hrs retomando desde las 14:00 hrs a las 15:30 hrs.<\/p>\n<p>El control de Salud adolescente permite evaluar el estado de salud, el crecimiento y normal desarrollo de j\u00f3venes, fomentando los factores y conductas protectores e identificando precozmente los factores y conductas de riesgo. As\u00ed como tambi\u00e9n los problemas de salud, con objeto de intervenir en forma oportuna, integrada e integral, con enfoque anticipatorio, participativo y de riesgo (Minsal, 2022). Por lo que es una oportunidad de promover h\u00e1bitos de vida saludable con nuestros estudiantes.<\/p>\n<p>*Dentro de los ajustes para su realizaci\u00f3n se privilegiar\u00e1 que los estudiantes no sean citados u atendidos durante evaluaciones u otras actividades acad\u00e9micas formativas.[\/et_pb_text][\/et_pb_column][\/et_pb_row][\/et_pb_section]<\/p>\n","protected":false},"excerpt":{"rendered":"<p>Desde el lunes 01 de agosto y hasta el mes de octubre nos acompa\u00f1ar\u00e1 en dependencias del Ceat , Srta. Fabiola Garrido, matrona encargada comunal del programa adolescente, quien se encontrar\u00e1 en enfermer\u00eda del Ceat realizando controles de salud integral desde las 09:00 hrs a a13:00 hrs retomando desde las 14:00 hrs a las 15:30 [&hellip;]<\/p>\n","protected":false},"author":2,"featured_media":13519,"comment_status":"open","ping_status":"open","sticky":false,"template":"","format":"standard","meta":{"_et_pb_use_builder":"on","_et_pb_old_content":"","_et_gb_content_width":"","footnotes":""},"categories":[5,3],"tags":[],"class_list":["post-13516","post","type-post","status-publish","format-standard","has-post-thumbnail","hentry","category-noticias","category-not-liceo"],"_links":{"self":[{"href":"https:\/\/www.ceat.cl\/inicio\/wp-json\/wp\/v2\/posts\/13516","targetHints":{"allow":["GET"]}}],"collection":[{"href":"https:\/\/www.ceat.cl\/inicio\/wp-json\/wp\/v2\/posts"}],"about":[{"href":"https:\/\/www.ceat.cl\/inicio\/wp-json\/wp\/v2\/types\/post"}],"author":[{"embeddable":true,"href":"https:\/\/www.ceat.cl\/inicio\/wp-json\/wp\/v2\/users\/2"}],"replies":[{"embeddable":true,"href":"https:\/\/www.ceat.cl\/inicio\/wp-json\/wp\/v2\/comments?post=13516"}],"version-history":[{"count":2,"href":"https:\/\/www.ceat.cl\/inicio\/wp-json\/wp\/v2\/posts\/13516\/revisions"}],"predecessor-version":[{"id":13520,"href":"https:\/\/www.ceat.cl\/inicio\/wp-json\/wp\/v2\/posts\/13516\/revisions\/13520"}],"wp:featuredmedia":[{"embeddable":true,"href":"https:\/\/www.ceat.cl\/inicio\/wp-json\/wp\/v2\/media\/13519"}],"wp:attachment":[{"href":"https:\/\/www.ceat.cl\/inicio\/wp-json\/wp\/v2\/media?parent=13516"}],"wp:term":[{"taxonomy":"category","embeddable":true,"href":"https:\/\/www.ceat.cl\/inicio\/wp-json\/wp\/v2\/categories?post=13516"},{"taxonomy":"post_tag","embeddable":true,"href":"https:\/\/www.ceat.cl\/inicio\/wp-json\/wp\/v2\/tags?post=13516"}],"curies":[{"name":"wp","href":"https:\/\/api.w.org\/{rel}","templated":true}]}}