{"id":13539,"date":"2022-08-11T20:50:03","date_gmt":"2022-08-11T23:50:03","guid":{"rendered":"https:\/\/www.ceat.cl\/inicio\/?p=13539"},"modified":"2022-08-12T10:25:17","modified_gmt":"2022-08-12T13:25:17","slug":"convocatoria-para-futuros-titulados-generacion-2021","status":"publish","type":"post","link":"https:\/\/www.ceat.cl\/inicio\/convocatoria-para-futuros-titulados-generacion-2021\/","title":{"rendered":"Convocatoria para futuros titulados Generaci\u00f3n 2021"},"content":{"rendered":"<p>[et_pb_section fb_built=\u00bb1&#8243; _builder_version=\u00bb4.17.6&#8243; _module_preset=\u00bbdefault\u00bb global_colors_info=\u00bb{}\u00bb][et_pb_row _builder_version=\u00bb4.17.6&#8243; _module_preset=\u00bbdefault\u00bb global_colors_info=\u00bb{}\u00bb][et_pb_column type=\u00bb4_4&#8243; _builder_version=\u00bb4.17.6&#8243; _module_preset=\u00bbdefault\u00bb global_colors_info=\u00bb{}\u00bb][et_pb_text _builder_version=\u00bb4.17.6&#8243; _module_preset=\u00bbdefault\u00bb text_orientation=\u00bbjustified\u00bb global_colors_info=\u00bb{}\u00bb]<\/p>\n<p>Tenemos el agrado de informar que la Ceremonia de Titulaci\u00f3n, de T\u00e9cnicos egresados\/as de nuestro Liceo Mauricio Hoschschild, se realizar\u00e1 los d\u00edas, mi\u00e9rcoles 24 y jueves 25 de agosto, del a\u00f1o en curso, seg\u00fan se detalla a continuaci\u00f3n:<\/p>\n<p><strong>Mi\u00e9rcoles 24 de agosto de 2022, Ceremonia \u00c1rea Mec\u00e1nica<\/strong><br \/>15:30 horas, especialidades de Mec\u00e1nica Industrial y Mec\u00e1nica Automotriz.<\/p>\n<p><strong>Jueves 25 de agosto de 2022, Ceremonia \u00c1rea El\u00e9ctrica<\/strong><br \/>15:30 horas, especialidades de Electricidad, Electr\u00f3nica y Telecomunicaciones.<\/p>\n<p>Por el significado que tiene esta ceremonia, tanto para el reci\u00e9n Titulado\/a y su familia, como para el \u00e1mbito empresarial p\u00fablico y privado en el contexto local, regional y nacional, es muy importante tu asistencia a la ceremonia.<\/p>\n<p>A fin de que la realizaci\u00f3n est\u00e9 acorde a las expectativas de los interesados\/as, ser\u00e1 necesario mantener una comunicaci\u00f3n permanente. Por lo tanto, solicitamos desde ya lo siguiente:<\/p>\n<p>-Acusar recepci\u00f3n de esta carta, llamando telef\u00f3nicamente a secretar\u00eda de Direcci\u00f3n (fono 2374904 anexo 163) o contactarnos por correo electr\u00f3nico a aperez@ceat.cl.<\/p>\n<p>&#8211; Asistir sin falta a una reuni\u00f3n de coordinaci\u00f3n y ensayo el d\u00eda s\u00e1bado 20 de agosto del a\u00f1o en curso, a las 11:00 horas, para todos\/as los\/as titulados\/as, en el auditorio del CEAT, ocasi\u00f3n en que se har\u00e1 entrega de las invitaciones para tus dos acompa\u00f1antes.<\/p>\n<p>Para el suscrito ser\u00e1 una satisfacci\u00f3n, orgullo y agrado volvernos a ver, especialmente en la circunstancia de organizar conjuntamente una actividad de reencuentro, pero esta vez de la mayor trascendencia.<\/p>\n<p><strong><em>** Todos los\/as asistentes a la ceremonia deber\u00e1n presentar su invitaci\u00f3n y su Pase de movilidad vigente.<\/em><\/strong><\/p>\n<p>[\/et_pb_text][\/et_pb_column][\/et_pb_row][\/et_pb_section]<\/p>\n","protected":false},"excerpt":{"rendered":"<p>Tenemos el agrado de informar que la Ceremonia de Titulaci\u00f3n, de T\u00e9cnicos egresados\/as de nuestro Liceo Mauricio Hoschschild, se realizar\u00e1 los d\u00edas, mi\u00e9rcoles 24 y jueves 25 de agosto, del a\u00f1o en curso, seg\u00fan se detalla a continuaci\u00f3n: Mi\u00e9rcoles 24 de agosto de 2022, Ceremonia \u00c1rea Mec\u00e1nica15:30 horas, especialidades de Mec\u00e1nica Industrial y Mec\u00e1nica Automotriz. [&hellip;]<\/p>\n","protected":false},"author":2,"featured_media":13546,"comment_status":"open","ping_status":"open","sticky":false,"template":"","format":"standard","meta":{"_et_pb_use_builder":"on","_et_pb_old_content":"","_et_gb_content_width":"","footnotes":""},"categories":[5,3],"tags":[],"class_list":["post-13539","post","type-post","status-publish","format-standard","has-post-thumbnail","hentry","category-noticias","category-not-liceo"],"_links":{"self":[{"href":"https:\/\/www.ceat.cl\/inicio\/wp-json\/wp\/v2\/posts\/13539","targetHints":{"allow":["GET"]}}],"collection":[{"href":"https:\/\/www.ceat.cl\/inicio\/wp-json\/wp\/v2\/posts"}],"about":[{"href":"https:\/\/www.ceat.cl\/inicio\/wp-json\/wp\/v2\/types\/post"}],"author":[{"embeddable":true,"href":"https:\/\/www.ceat.cl\/inicio\/wp-json\/wp\/v2\/users\/2"}],"replies":[{"embeddable":true,"href":"https:\/\/www.ceat.cl\/inicio\/wp-json\/wp\/v2\/comments?post=13539"}],"version-history":[{"count":3,"href":"https:\/\/www.ceat.cl\/inicio\/wp-json\/wp\/v2\/posts\/13539\/revisions"}],"predecessor-version":[{"id":13547,"href":"https:\/\/www.ceat.cl\/inicio\/wp-json\/wp\/v2\/posts\/13539\/revisions\/13547"}],"wp:featuredmedia":[{"embeddable":true,"href":"https:\/\/www.ceat.cl\/inicio\/wp-json\/wp\/v2\/media\/13546"}],"wp:attachment":[{"href":"https:\/\/www.ceat.cl\/inicio\/wp-json\/wp\/v2\/media?parent=13539"}],"wp:term":[{"taxonomy":"category","embeddable":true,"href":"https:\/\/www.ceat.cl\/inicio\/wp-json\/wp\/v2\/categories?post=13539"},{"taxonomy":"post_tag","embeddable":true,"href":"https:\/\/www.ceat.cl\/inicio\/wp-json\/wp\/v2\/tags?post=13539"}],"curies":[{"name":"wp","href":"https:\/\/api.w.org\/{rel}","templated":true}]}}