{"id":13594,"date":"2022-08-23T15:38:18","date_gmt":"2022-08-23T18:38:18","guid":{"rendered":"https:\/\/www.ceat.cl\/inicio\/?p=13594"},"modified":"2022-08-23T15:38:23","modified_gmt":"2022-08-23T18:38:23","slug":"cer-asiste-a-taller-de-liderazgo","status":"publish","type":"post","link":"https:\/\/www.ceat.cl\/inicio\/cer-asiste-a-taller-de-liderazgo\/","title":{"rendered":"CER asiste a Taller de Liderazgo"},"content":{"rendered":"<p>[et_pb_section fb_built=\u00bb1&#8243; theme_builder_area=\u00bbpost_content\u00bb _builder_version=\u00bb4.17.6&#8243; _module_preset=\u00bbdefault\u00bb][et_pb_row _builder_version=\u00bb4.17.6&#8243; _module_preset=\u00bbdefault\u00bb theme_builder_area=\u00bbpost_content\u00bb custom_margin=\u00bb5px||8px||false|false\u00bb custom_padding=\u00bb5px||8px||false|false\u00bb hover_enabled=\u00bb0&#8243; sticky_enabled=\u00bb0&#8243;][et_pb_column _builder_version=\u00bb4.17.6&#8243; _module_preset=\u00bbdefault\u00bb type=\u00bb4_4&#8243; theme_builder_area=\u00bbpost_content\u00bb][et_pb_text _builder_version=\u00bb4.17.6&#8243; _module_preset=\u00bbdefault\u00bb theme_builder_area=\u00bbpost_content\u00bb hover_enabled=\u00bb0&#8243; sticky_enabled=\u00bb0&#8243; text_orientation=\u00bbjustified\u00bb]Acompa\u00f1ados de sus profesores asesores (Prof. Sonia Opazo y Jos\u00e9 Montecino), el Plan de formaci\u00f3n ciudadana y el Equipo de Orientaci\u00f3n, los integrantes del CER se dieron cita, el mi\u00e9rcoles 17 de agosto, en la Biblioteca Municipal de la Municipalidad de San Pedro de La Paz, para realizar una de una serie de actividades que se enmarcan en el plan de Fortalecimiento de l\u00edderes. <\/p>\n<p>En esta oportunidad realizaron una actividad que contempl\u00f3 la promoci\u00f3n del trabajo en equipo y resoluci\u00f3n de conflictos. Adem\u00e1s, identificaron los diferentes tipos de liderazgo, recalcando la importancia de la participaci\u00f3n democr\u00e1tica en las instancias de representaci\u00f3n.<br \/>\n[\/et_pb_text][\/et_pb_column][\/et_pb_row][et_pb_row _builder_version=\u00bb4.17.6&#8243; _module_preset=\u00bbdefault\u00bb theme_builder_area=\u00bbpost_content\u00bb custom_margin=\u00bb5px||8px||false|false\u00bb custom_padding=\u00bb5px||8px||false|false\u00bb hover_enabled=\u00bb0&#8243; sticky_enabled=\u00bb0&#8243; column_structure=\u00bb1_5,3_5,1_5&#8243;][et_pb_column _builder_version=\u00bb4.17.6&#8243; _module_preset=\u00bbdefault\u00bb type=\u00bb1_5&#8243; theme_builder_area=\u00bbpost_content\u00bb][\/et_pb_column][et_pb_column _builder_version=\u00bb4.17.6&#8243; _module_preset=\u00bbdefault\u00bb type=\u00bb3_5&#8243; theme_builder_area=\u00bbpost_content\u00bb][et_pb_image _builder_version=\u00bb4.17.6&#8243; _module_preset=\u00bbdefault\u00bb theme_builder_area=\u00bbpost_content\u00bb title_text=\u00bbCER asiste a Taller de Liderazgo\u00bb src=\u00bbhttps:\/\/www.ceat.cl\/inicio\/wp-content\/uploads\/2022\/08\/CER-asiste-a-Taller-de-Liderazgo-.jpeg\u00bb box_shadow_style=\u00bbpreset2&#8243; hover_enabled=\u00bb0&#8243; sticky_enabled=\u00bb0&#8243;][\/et_pb_image][\/et_pb_column][et_pb_column _builder_version=\u00bb4.17.6&#8243; _module_preset=\u00bbdefault\u00bb type=\u00bb1_5&#8243; theme_builder_area=\u00bbpost_content\u00bb][\/et_pb_column][\/et_pb_row][\/et_pb_section]<\/p>\n","protected":false},"excerpt":{"rendered":"<p>Acompa\u00f1ados de sus profesores asesores (Prof. Sonia Opazo y Jos\u00e9 Montecino), el Plan de formaci\u00f3n ciudadana y el Equipo de Orientaci\u00f3n, los integrantes del CER se dieron cita, el mi\u00e9rcoles 17 de agosto, en la Biblioteca Municipal de la Municipalidad de San Pedro de La Paz, para realizar una de una serie de actividades que [&hellip;]<\/p>\n","protected":false},"author":2,"featured_media":13597,"comment_status":"open","ping_status":"open","sticky":false,"template":"","format":"standard","meta":{"_et_pb_use_builder":"on","_et_pb_old_content":"","_et_gb_content_width":"","footnotes":""},"categories":[5,3],"tags":[],"class_list":["post-13594","post","type-post","status-publish","format-standard","has-post-thumbnail","hentry","category-noticias","category-not-liceo"],"_links":{"self":[{"href":"https:\/\/www.ceat.cl\/inicio\/wp-json\/wp\/v2\/posts\/13594","targetHints":{"allow":["GET"]}}],"collection":[{"href":"https:\/\/www.ceat.cl\/inicio\/wp-json\/wp\/v2\/posts"}],"about":[{"href":"https:\/\/www.ceat.cl\/inicio\/wp-json\/wp\/v2\/types\/post"}],"author":[{"embeddable":true,"href":"https:\/\/www.ceat.cl\/inicio\/wp-json\/wp\/v2\/users\/2"}],"replies":[{"embeddable":true,"href":"https:\/\/www.ceat.cl\/inicio\/wp-json\/wp\/v2\/comments?post=13594"}],"version-history":[{"count":2,"href":"https:\/\/www.ceat.cl\/inicio\/wp-json\/wp\/v2\/posts\/13594\/revisions"}],"predecessor-version":[{"id":13598,"href":"https:\/\/www.ceat.cl\/inicio\/wp-json\/wp\/v2\/posts\/13594\/revisions\/13598"}],"wp:featuredmedia":[{"embeddable":true,"href":"https:\/\/www.ceat.cl\/inicio\/wp-json\/wp\/v2\/media\/13597"}],"wp:attachment":[{"href":"https:\/\/www.ceat.cl\/inicio\/wp-json\/wp\/v2\/media?parent=13594"}],"wp:term":[{"taxonomy":"category","embeddable":true,"href":"https:\/\/www.ceat.cl\/inicio\/wp-json\/wp\/v2\/categories?post=13594"},{"taxonomy":"post_tag","embeddable":true,"href":"https:\/\/www.ceat.cl\/inicio\/wp-json\/wp\/v2\/tags?post=13594"}],"curies":[{"name":"wp","href":"https:\/\/api.w.org\/{rel}","templated":true}]}}