{"id":13600,"date":"2022-08-26T09:02:21","date_gmt":"2022-08-26T12:02:21","guid":{"rendered":"https:\/\/www.ceat.cl\/inicio\/?p=13600"},"modified":"2022-08-25T22:21:46","modified_gmt":"2022-08-26T01:21:46","slug":"firma-de-convenio-ceat-ceduc","status":"publish","type":"post","link":"https:\/\/www.ceat.cl\/inicio\/firma-de-convenio-ceat-ceduc\/","title":{"rendered":"Firma de Convenio CEAT-CEDUC"},"content":{"rendered":"<p>[et_pb_section fb_built=\u00bb1&#8243; _builder_version=\u00bb4.17.6&#8243; _module_preset=\u00bbdefault\u00bb global_colors_info=\u00bb{}\u00bb][et_pb_row _builder_version=\u00bb4.17.6&#8243; _module_preset=\u00bbdefault\u00bb custom_margin=\u00bb8px||5px||false|false\u00bb custom_padding=\u00bb8px||5px||false|false\u00bb global_colors_info=\u00bb{}\u00bb][et_pb_column type=\u00bb4_4&#8243; _builder_version=\u00bb4.17.6&#8243; _module_preset=\u00bbdefault\u00bb global_colors_info=\u00bb{}\u00bb][et_pb_text _builder_version=\u00bb4.17.6&#8243; _module_preset=\u00bbdefault\u00bb text_orientation=\u00bbjustified\u00bb global_colors_info=\u00bb{}\u00bb]El lunes 22 de agosto, con presencia de autoridades del Centro de Formaci\u00f3n T\u00e9cnica \ud835\uddd6\ud835\uddd8\ud835\uddd7\ud835\udde8\ud835\uddd6 \ud835\udde8\ud835\uddd6\ud835\udde1, sede Hualp\u00e9n y del Liceo Mauricio Hochschild del CEAT, se firm\u00f3 se firm\u00f3 Convenio de Articulaci\u00f3n y Colaboraci\u00f3n Educativa en beneficio de los estudiantes del CEAT, el que propiciar\u00e1 efectuar estudios de \ud835\ude19\ud835\ude0c\ud835\ude0a\ud835\ude16\ud835\ude15\ud835\ude16\ud835\ude0a\ud835\ude10\ud835\ude14\ud835\ude10\ud835\ude0c\ud835\ude15\ud835\ude1b\ud835\ude16 \ud835\ude0b\ud835\ude0c \ud835\ude08\ud835\ude17\ud835\ude19\ud835\ude0c\ud835\ude15\ud835\ude0b\ud835\ude10\ud835\ude21\ud835\ude08\ud835\ude11\ud835\ude0c\ud835\ude1a \ud835\ude17\ud835\ude19\ud835\ude0c\ud835\ude1d\ud835\ude10\ud835\ude16\ud835\ude1a de los egresados\/as de nuestro liceo.<\/p>\n<p>Suscribieron el convenio, por parte del CEAT, nuestro director Sr. Claudio Ihl Dausend y por parte CEDUC UCN su rector Sr. Cristian V\u00e9jar Iturra.[\/et_pb_text][\/et_pb_column][\/et_pb_row][et_pb_row column_structure=\u00bb1_5,3_5,1_5&#8243; _builder_version=\u00bb4.17.6&#8243; _module_preset=\u00bbdefault\u00bb custom_margin=\u00bb8px||5px||false|false\u00bb custom_padding=\u00bb8px||5px||false|false\u00bb global_colors_info=\u00bb{}\u00bb][et_pb_column type=\u00bb1_5&#8243; _builder_version=\u00bb4.17.6&#8243; _module_preset=\u00bbdefault\u00bb global_colors_info=\u00bb{}\u00bb][\/et_pb_column][et_pb_column type=\u00bb3_5&#8243; _builder_version=\u00bb4.17.6&#8243; _module_preset=\u00bbdefault\u00bb global_colors_info=\u00bb{}\u00bb][et_pb_image src=\u00bbhttps:\/\/www.ceat.cl\/inicio\/wp-content\/uploads\/2022\/08\/FIRMA-CONVENIO-CEAT-CEDUC.jpg\u00bb title_text=\u00bbFIRMA CONVENIO CEAT-CEDUC\u00bb _builder_version=\u00bb4.17.6&#8243; _module_preset=\u00bbdefault\u00bb box_shadow_style=\u00bbpreset2&#8243; global_colors_info=\u00bb{}\u00bb][\/et_pb_image][\/et_pb_column][et_pb_column type=\u00bb1_5&#8243; _builder_version=\u00bb4.17.6&#8243; _module_preset=\u00bbdefault\u00bb global_colors_info=\u00bb{}\u00bb][\/et_pb_column][\/et_pb_row][\/et_pb_section]<\/p>\n","protected":false},"excerpt":{"rendered":"<p>El lunes 22 de agosto, con presencia de autoridades del Centro de Formaci\u00f3n T\u00e9cnica \ud835\uddd6\ud835\uddd8\ud835\uddd7\ud835\udde8\ud835\uddd6 \ud835\udde8\ud835\uddd6\ud835\udde1, sede Hualp\u00e9n y del Liceo Mauricio Hochschild del CEAT, se firm\u00f3 se firm\u00f3 Convenio de Articulaci\u00f3n y Colaboraci\u00f3n Educativa en beneficio de los estudiantes del CEAT, el que propiciar\u00e1 efectuar estudios de \ud835\ude19\ud835\ude0c\ud835\ude0a\ud835\ude16\ud835\ude15\ud835\ude16\ud835\ude0a\ud835\ude10\ud835\ude14\ud835\ude10\ud835\ude0c\ud835\ude15\ud835\ude1b\ud835\ude16 \ud835\ude0b\ud835\ude0c \ud835\ude08\ud835\ude17\ud835\ude19\ud835\ude0c\ud835\ude15\ud835\ude0b\ud835\ude10\ud835\ude21\ud835\ude08\ud835\ude11\ud835\ude0c\ud835\ude1a \ud835\ude17\ud835\ude19\ud835\ude0c\ud835\ude1d\ud835\ude10\ud835\ude16\ud835\ude1a de los egresados\/as [&hellip;]<\/p>\n","protected":false},"author":2,"featured_media":13601,"comment_status":"open","ping_status":"open","sticky":false,"template":"","format":"standard","meta":{"_et_pb_use_builder":"on","_et_pb_old_content":"","_et_gb_content_width":"","footnotes":""},"categories":[5,3],"tags":[],"class_list":["post-13600","post","type-post","status-publish","format-standard","has-post-thumbnail","hentry","category-noticias","category-not-liceo"],"_links":{"self":[{"href":"https:\/\/www.ceat.cl\/inicio\/wp-json\/wp\/v2\/posts\/13600","targetHints":{"allow":["GET"]}}],"collection":[{"href":"https:\/\/www.ceat.cl\/inicio\/wp-json\/wp\/v2\/posts"}],"about":[{"href":"https:\/\/www.ceat.cl\/inicio\/wp-json\/wp\/v2\/types\/post"}],"author":[{"embeddable":true,"href":"https:\/\/www.ceat.cl\/inicio\/wp-json\/wp\/v2\/users\/2"}],"replies":[{"embeddable":true,"href":"https:\/\/www.ceat.cl\/inicio\/wp-json\/wp\/v2\/comments?post=13600"}],"version-history":[{"count":3,"href":"https:\/\/www.ceat.cl\/inicio\/wp-json\/wp\/v2\/posts\/13600\/revisions"}],"predecessor-version":[{"id":13610,"href":"https:\/\/www.ceat.cl\/inicio\/wp-json\/wp\/v2\/posts\/13600\/revisions\/13610"}],"wp:featuredmedia":[{"embeddable":true,"href":"https:\/\/www.ceat.cl\/inicio\/wp-json\/wp\/v2\/media\/13601"}],"wp:attachment":[{"href":"https:\/\/www.ceat.cl\/inicio\/wp-json\/wp\/v2\/media?parent=13600"}],"wp:term":[{"taxonomy":"category","embeddable":true,"href":"https:\/\/www.ceat.cl\/inicio\/wp-json\/wp\/v2\/categories?post=13600"},{"taxonomy":"post_tag","embeddable":true,"href":"https:\/\/www.ceat.cl\/inicio\/wp-json\/wp\/v2\/tags?post=13600"}],"curies":[{"name":"wp","href":"https:\/\/api.w.org\/{rel}","templated":true}]}}