{"id":13921,"date":"2022-10-22T14:00:58","date_gmt":"2022-10-22T17:00:58","guid":{"rendered":"https:\/\/www.ceat.cl\/inicio\/?p=13921"},"modified":"2022-10-21T21:02:57","modified_gmt":"2022-10-22T00:02:57","slug":"viii-version-de-ponencias-de-filosofia","status":"publish","type":"post","link":"https:\/\/www.ceat.cl\/inicio\/viii-version-de-ponencias-de-filosofia\/","title":{"rendered":"VIII Versi\u00f3n de Ponencias de Filosof\u00eda"},"content":{"rendered":"<p>[et_pb_section fb_built=\u00bb1&#8243; theme_builder_area=\u00bbpost_content\u00bb _builder_version=\u00bb4.18.0&#8243; _module_preset=\u00bbdefault\u00bb][et_pb_row _builder_version=\u00bb4.18.0&#8243; _module_preset=\u00bbdefault\u00bb theme_builder_area=\u00bbpost_content\u00bb custom_margin=\u00bb5px||8px||false|false\u00bb custom_padding=\u00bb5px||8px||false|false\u00bb hover_enabled=\u00bb0&#8243; sticky_enabled=\u00bb0&#8243;][et_pb_column _builder_version=\u00bb4.18.0&#8243; _module_preset=\u00bbdefault\u00bb type=\u00bb4_4&#8243; theme_builder_area=\u00bbpost_content\u00bb][et_pb_text _builder_version=\u00bb4.18.0&#8243; _module_preset=\u00bbdefault\u00bb theme_builder_area=\u00bbpost_content\u00bb text_orientation=\u00bbjustified\u00bb hover_enabled=\u00bb0&#8243; sticky_enabled=\u00bb0&#8243;]<\/p>\n<p>Vicente Zabala, estudiante del 4 a\u00f1o C de la especialidad de electr\u00f3nica, fue el encargado de representar a nuestro liceo con su ponencia <strong>\u201cEl valor de la filosof\u00eda para el sistema escolar\u201d<\/strong>, en la <em>VIII Versi\u00f3n de Ponencias de Filosof\u00eda<\/em>, que organiz\u00f3 el Liceo San Pedro y que se desarroll\u00f3 en las instalaciones de la Corporaci\u00f3n Cultural de San Pedro de la Paz.<\/p>\n<p>En su relato, Vicente desarroll\u00f3 una reflexi\u00f3n personal en torno a c\u00f3mo los y las estudiantes se relacionan con el sistema de ense\u00f1anza, respecto a la falta de b\u00fasqueda de la verdad y de aprendizaje para su desarrollo personal, valorando la filosof\u00eda como la oportunidad para conocerse a s\u00ed mismo y conocer el mundo.<\/p>\n<p>Esta cita filos\u00f3fica fue un Encuentro Interescolar, en el que participaron colegios y liceos de toda la regi\u00f3n, el CEAT fue el \u00fanico liceo TP en participar de la instancia y cuyos temas de reflexi\u00f3n filos\u00f3fica pasaron desde la Epistemolog\u00eda, filosof\u00eda de las ciencias, est\u00e9tica hasta el cuestionamiento de Dios.<\/p>\n<p>[\/et_pb_text][\/et_pb_column][\/et_pb_row][et_pb_row _builder_version=\u00bb4.18.0&#8243; _module_preset=\u00bbdefault\u00bb theme_builder_area=\u00bbpost_content\u00bb custom_margin=\u00bb5px||8px||false|false\u00bb custom_padding=\u00bb5px||8px||false|false\u00bb hover_enabled=\u00bb0&#8243; sticky_enabled=\u00bb0&#8243; column_structure=\u00bb1_2,1_2&#8243;][et_pb_column _builder_version=\u00bb4.18.0&#8243; _module_preset=\u00bbdefault\u00bb type=\u00bb1_2&#8243; theme_builder_area=\u00bbpost_content\u00bb][et_pb_image _builder_version=\u00bb4.18.0&#8243; _module_preset=\u00bbdefault\u00bb theme_builder_area=\u00bbpost_content\u00bb title_text=\u00bbVIII Versio\u0301n de Ponencias de Filosofi\u0301a _1&#8243; src=\u00bbhttps:\/\/www.ceat.cl\/inicio\/wp-content\/uploads\/2022\/10\/VIII-Versio\u0301n-de-Ponencias-de-Filosofi\u0301a-_1.jpg\u00bb box_shadow_style=\u00bbpreset2&#8243; hover_enabled=\u00bb0&#8243; sticky_enabled=\u00bb0&#8243;][\/et_pb_image][\/et_pb_column][et_pb_column _builder_version=\u00bb4.18.0&#8243; _module_preset=\u00bbdefault\u00bb type=\u00bb1_2&#8243; theme_builder_area=\u00bbpost_content\u00bb][et_pb_image _builder_version=\u00bb4.18.0&#8243; _module_preset=\u00bbdefault\u00bb theme_builder_area=\u00bbpost_content\u00bb title_text=\u00bbVIII Versio\u0301n de Ponencias de Filosofi\u0301a _2&#8243; src=\u00bbhttps:\/\/www.ceat.cl\/inicio\/wp-content\/uploads\/2022\/10\/VIII-Versio\u0301n-de-Ponencias-de-Filosofi\u0301a-_2.jpg\u00bb box_shadow_style=\u00bbpreset2&#8243; hover_enabled=\u00bb0&#8243; sticky_enabled=\u00bb0&#8243;][\/et_pb_image][\/et_pb_column][\/et_pb_row][et_pb_row _builder_version=\u00bb4.18.0&#8243; _module_preset=\u00bbdefault\u00bb theme_builder_area=\u00bbpost_content\u00bb custom_margin=\u00bb5px||8px||false|false\u00bb custom_padding=\u00bb5px||8px||false|false\u00bb hover_enabled=\u00bb0&#8243; sticky_enabled=\u00bb0&#8243; column_structure=\u00bb1_5,3_5,1_5&#8243;][et_pb_column _builder_version=\u00bb4.18.0&#8243; _module_preset=\u00bbdefault\u00bb type=\u00bb1_5&#8243; theme_builder_area=\u00bbpost_content\u00bb][\/et_pb_column][et_pb_column _builder_version=\u00bb4.18.0&#8243; _module_preset=\u00bbdefault\u00bb type=\u00bb3_5&#8243; theme_builder_area=\u00bbpost_content\u00bb][et_pb_image _builder_version=\u00bb4.18.0&#8243; _module_preset=\u00bbdefault\u00bb theme_builder_area=\u00bbpost_content\u00bb title_text=\u00bbVIII Versio\u0301n de Ponencias de Filosofi\u0301a _3&#8243; src=\u00bbhttps:\/\/www.ceat.cl\/inicio\/wp-content\/uploads\/2022\/10\/VIII-Versio\u0301n-de-Ponencias-de-Filosofi\u0301a-_3.jpg\u00bb box_shadow_style=\u00bbpreset2&#8243; hover_enabled=\u00bb0&#8243; sticky_enabled=\u00bb0&#8243;][\/et_pb_image][\/et_pb_column][et_pb_column _builder_version=\u00bb4.18.0&#8243; _module_preset=\u00bbdefault\u00bb type=\u00bb1_5&#8243; theme_builder_area=\u00bbpost_content\u00bb][\/et_pb_column][\/et_pb_row][\/et_pb_section]<\/p>\n","protected":false},"excerpt":{"rendered":"<p>Vicente Zabala, estudiante del 4 a\u00f1o C de la especialidad de electr\u00f3nica, fue el encargado de representar a nuestro liceo con su ponencia \u201cEl valor de la filosof\u00eda para el sistema escolar\u201d, en la VIII Versi\u00f3n de Ponencias de Filosof\u00eda, que organiz\u00f3 el Liceo San Pedro y que se desarroll\u00f3 en las instalaciones de la [&hellip;]<\/p>\n","protected":false},"author":2,"featured_media":13928,"comment_status":"open","ping_status":"open","sticky":false,"template":"","format":"standard","meta":{"_et_pb_use_builder":"on","_et_pb_old_content":"","_et_gb_content_width":"","footnotes":""},"categories":[5,3],"tags":[],"class_list":["post-13921","post","type-post","status-publish","format-standard","has-post-thumbnail","hentry","category-noticias","category-not-liceo"],"_links":{"self":[{"href":"https:\/\/www.ceat.cl\/inicio\/wp-json\/wp\/v2\/posts\/13921","targetHints":{"allow":["GET"]}}],"collection":[{"href":"https:\/\/www.ceat.cl\/inicio\/wp-json\/wp\/v2\/posts"}],"about":[{"href":"https:\/\/www.ceat.cl\/inicio\/wp-json\/wp\/v2\/types\/post"}],"author":[{"embeddable":true,"href":"https:\/\/www.ceat.cl\/inicio\/wp-json\/wp\/v2\/users\/2"}],"replies":[{"embeddable":true,"href":"https:\/\/www.ceat.cl\/inicio\/wp-json\/wp\/v2\/comments?post=13921"}],"version-history":[{"count":2,"href":"https:\/\/www.ceat.cl\/inicio\/wp-json\/wp\/v2\/posts\/13921\/revisions"}],"predecessor-version":[{"id":13930,"href":"https:\/\/www.ceat.cl\/inicio\/wp-json\/wp\/v2\/posts\/13921\/revisions\/13930"}],"wp:featuredmedia":[{"embeddable":true,"href":"https:\/\/www.ceat.cl\/inicio\/wp-json\/wp\/v2\/media\/13928"}],"wp:attachment":[{"href":"https:\/\/www.ceat.cl\/inicio\/wp-json\/wp\/v2\/media?parent=13921"}],"wp:term":[{"taxonomy":"category","embeddable":true,"href":"https:\/\/www.ceat.cl\/inicio\/wp-json\/wp\/v2\/categories?post=13921"},{"taxonomy":"post_tag","embeddable":true,"href":"https:\/\/www.ceat.cl\/inicio\/wp-json\/wp\/v2\/tags?post=13921"}],"curies":[{"name":"wp","href":"https:\/\/api.w.org\/{rel}","templated":true}]}}