{"id":14027,"date":"2022-11-10T20:49:25","date_gmt":"2022-11-10T23:49:25","guid":{"rendered":"https:\/\/www.ceat.cl\/inicio\/?p=14027"},"modified":"2022-11-10T20:51:05","modified_gmt":"2022-11-10T23:51:05","slug":"estudiantes-reciben-capacitacion-en-rcp","status":"publish","type":"post","link":"https:\/\/www.ceat.cl\/inicio\/estudiantes-reciben-capacitacion-en-rcp\/","title":{"rendered":"Estudiantes reciben capacitaci\u00f3n en RCP"},"content":{"rendered":"<p>[et_pb_section fb_built=\u00bb1&#8243; _builder_version=\u00bb4.19.0&#8243; _module_preset=\u00bbdefault\u00bb global_colors_info=\u00bb{}\u00bb][et_pb_row _builder_version=\u00bb4.19.0&#8243; _module_preset=\u00bbdefault\u00bb custom_margin=\u00bb5px||8px||false|false\u00bb custom_padding=\u00bb5px||8px||false|false\u00bb global_colors_info=\u00bb{}\u00bb][et_pb_column type=\u00bb4_4&#8243; _builder_version=\u00bb4.19.0&#8243; _module_preset=\u00bbdefault\u00bb global_colors_info=\u00bb{}\u00bb][et_pb_text _builder_version=\u00bb4.19.0&#8243; _module_preset=\u00bbdefault\u00bb text_orientation=\u00bbjustified\u00bb global_colors_info=\u00bb{}\u00bb]<\/p>\n<p>El viernes 4 de noviembre, en el patio de nuestro liceo, la Primera Compa\u00f1\u00eda de Bomberos de San Pedro de la Paz realiz\u00f3 un taller pr\u00e1ctico de RCP (Reanimaci\u00f3n Cardio pulmonar) a los estudiantes monitores de seguridad escolar, representantes del CER y alumnos\/as interesados. Este taller se llev\u00f3 a cabo como parte del PME de Seguridad Escolar &#8211; PISE, cuyo objetivo es generar capacidades humanas para el logro de una cultura preventiva en nuestro estudiantado. Esta actividad fue coordinada por el Prevencionista de Riesgos, Sr. Gabriel Guevara Oliva, y el Profesor Jos\u00e9 Montecino Parra.<\/p>\n<p>Agradecemos a la Primera Compa\u00f1\u00eda de Bomberos de nuestra comuna por su profesionalismo y entrega para con nuestros\/as estudiantes.<\/p>\n<p>Te invitamos a ver m\u00e1s fotos haciendo <strong><span style=\"color: #993300;\"><a style=\"color: #993300;\" href=\"https:\/\/www.flickr.com\/photos\/corporacionceat\/albums\/72177720303578050\">click aqu\u00ed<\/a><\/span><\/strong><\/p>\n<p>[\/et_pb_text][\/et_pb_column][\/et_pb_row][et_pb_row column_structure=\u00bb1_2,1_2&#8243; _builder_version=\u00bb4.19.0&#8243; _module_preset=\u00bbdefault\u00bb custom_margin=\u00bb5px||8px||false|false\u00bb custom_padding=\u00bb5px||8px||false|false\u00bb global_colors_info=\u00bb{}\u00bb][et_pb_column type=\u00bb1_2&#8243; _builder_version=\u00bb4.19.0&#8243; _module_preset=\u00bbdefault\u00bb global_colors_info=\u00bb{}\u00bb][et_pb_image src=\u00bbhttps:\/\/www.ceat.cl\/inicio\/wp-content\/uploads\/2022\/11\/Estudiantes-reciben-capacitacio\u0301n-en-RCP_3.jpg\u00bb title_text=\u00bbEstudiantes reciben capacitacio\u0301n en RCP_3&#8243; _builder_version=\u00bb4.19.0&#8243; _module_preset=\u00bbdefault\u00bb box_shadow_style=\u00bbpreset2&#8243; global_colors_info=\u00bb{}\u00bb][\/et_pb_image][\/et_pb_column][et_pb_column type=\u00bb1_2&#8243; _builder_version=\u00bb4.19.0&#8243; _module_preset=\u00bbdefault\u00bb global_colors_info=\u00bb{}\u00bb][et_pb_image src=\u00bbhttps:\/\/www.ceat.cl\/inicio\/wp-content\/uploads\/2022\/11\/Estudiantes-reciben-capacitacio\u0301n-en-RCP_1.jpg\u00bb title_text=\u00bbEstudiantes reciben capacitacio\u0301n en RCP_1&#8243; _builder_version=\u00bb4.19.0&#8243; _module_preset=\u00bbdefault\u00bb hover_enabled=\u00bb0&#8243; box_shadow_style=\u00bbpreset2&#8243; global_colors_info=\u00bb{}\u00bb sticky_enabled=\u00bb0&#8243;][\/et_pb_image][\/et_pb_column][\/et_pb_row][et_pb_row _builder_version=\u00bb4.19.0&#8243; _module_preset=\u00bbdefault\u00bb custom_margin=\u00bb5px||8px||false|false\u00bb custom_padding=\u00bb5px||8px||false|false\u00bb global_colors_info=\u00bb{}\u00bb][et_pb_column type=\u00bb4_4&#8243; _builder_version=\u00bb4.19.0&#8243; _module_preset=\u00bbdefault\u00bb global_colors_info=\u00bb{}\u00bb][et_pb_image src=\u00bbhttps:\/\/www.ceat.cl\/inicio\/wp-content\/uploads\/2022\/11\/Estudiantes-reciben-capacitacio\u0301n-en-RCP_2.jpg\u00bb title_text=\u00bbEstudiantes reciben capacitacio\u0301n en RCP_2&#8243; _builder_version=\u00bb4.19.0&#8243; _module_preset=\u00bbdefault\u00bb box_shadow_style=\u00bbpreset2&#8243; global_colors_info=\u00bb{}\u00bb][\/et_pb_image][\/et_pb_column][\/et_pb_row][\/et_pb_section]<\/p>\n","protected":false},"excerpt":{"rendered":"<p>El viernes 4 de noviembre, en el patio de nuestro liceo, la Primera Compa\u00f1\u00eda de Bomberos de San Pedro de la Paz realiz\u00f3 un taller pr\u00e1ctico de RCP (Reanimaci\u00f3n Cardio pulmonar) a los estudiantes monitores de seguridad escolar, representantes del CER y alumnos\/as interesados. Este taller se llev\u00f3 a cabo como parte del PME de [&hellip;]<\/p>\n","protected":false},"author":2,"featured_media":14030,"comment_status":"open","ping_status":"open","sticky":false,"template":"","format":"standard","meta":{"_et_pb_use_builder":"on","_et_pb_old_content":"","_et_gb_content_width":"","footnotes":""},"categories":[5,3],"tags":[],"class_list":["post-14027","post","type-post","status-publish","format-standard","has-post-thumbnail","hentry","category-noticias","category-not-liceo"],"_links":{"self":[{"href":"https:\/\/www.ceat.cl\/inicio\/wp-json\/wp\/v2\/posts\/14027","targetHints":{"allow":["GET"]}}],"collection":[{"href":"https:\/\/www.ceat.cl\/inicio\/wp-json\/wp\/v2\/posts"}],"about":[{"href":"https:\/\/www.ceat.cl\/inicio\/wp-json\/wp\/v2\/types\/post"}],"author":[{"embeddable":true,"href":"https:\/\/www.ceat.cl\/inicio\/wp-json\/wp\/v2\/users\/2"}],"replies":[{"embeddable":true,"href":"https:\/\/www.ceat.cl\/inicio\/wp-json\/wp\/v2\/comments?post=14027"}],"version-history":[{"count":3,"href":"https:\/\/www.ceat.cl\/inicio\/wp-json\/wp\/v2\/posts\/14027\/revisions"}],"predecessor-version":[{"id":14036,"href":"https:\/\/www.ceat.cl\/inicio\/wp-json\/wp\/v2\/posts\/14027\/revisions\/14036"}],"wp:featuredmedia":[{"embeddable":true,"href":"https:\/\/www.ceat.cl\/inicio\/wp-json\/wp\/v2\/media\/14030"}],"wp:attachment":[{"href":"https:\/\/www.ceat.cl\/inicio\/wp-json\/wp\/v2\/media?parent=14027"}],"wp:term":[{"taxonomy":"category","embeddable":true,"href":"https:\/\/www.ceat.cl\/inicio\/wp-json\/wp\/v2\/categories?post=14027"},{"taxonomy":"post_tag","embeddable":true,"href":"https:\/\/www.ceat.cl\/inicio\/wp-json\/wp\/v2\/tags?post=14027"}],"curies":[{"name":"wp","href":"https:\/\/api.w.org\/{rel}","templated":true}]}}