{"id":14211,"date":"2023-01-04T12:47:34","date_gmt":"2023-01-04T15:47:34","guid":{"rendered":"https:\/\/www.ceat.cl\/inicio\/?p=14211"},"modified":"2023-01-04T12:47:38","modified_gmt":"2023-01-04T15:47:38","slug":"premiacion-estudiante-ceat-en-lideres-escolares-biobio-2022","status":"publish","type":"post","link":"https:\/\/www.ceat.cl\/inicio\/premiacion-estudiante-ceat-en-lideres-escolares-biobio-2022\/","title":{"rendered":"Premiaci\u00f3n estudiante CEAT en L\u00edderes Escolares Biob\u00edo 2022"},"content":{"rendered":"<p>[et_pb_section fb_built=\u00bb1&#8243; theme_builder_area=\u00bbpost_content\u00bb _builder_version=\u00bb4.19.0&#8243; _module_preset=\u00bbdefault\u00bb][et_pb_row _builder_version=\u00bb4.19.0&#8243; _module_preset=\u00bbdefault\u00bb theme_builder_area=\u00bbpost_content\u00bb custom_margin=\u00bb5px||8px||false|false\u00bb custom_padding=\u00bb5px||8px||false|false\u00bb hover_enabled=\u00bb0&#8243; sticky_enabled=\u00bb0&#8243;][et_pb_column _builder_version=\u00bb4.19.0&#8243; _module_preset=\u00bbdefault\u00bb type=\u00bb4_4&#8243; theme_builder_area=\u00bbpost_content\u00bb][et_pb_text _builder_version=\u00bb4.19.0&#8243; _module_preset=\u00bbdefault\u00bb theme_builder_area=\u00bbpost_content\u00bb custom_margin=\u00bb||||false|false\u00bb text_orientation=\u00bbjustified\u00bb hover_enabled=\u00bb0&#8243; sticky_enabled=\u00bb0&#8243;]El jueves 29 de diciembre de 2022, el auditorio Marta Montory de la Universidasd San Sebasti\u00e1n Sede Concepci\u00f3n fue el espacio que acogi\u00f3 a 12 j\u00f3venes estudiantes de ense\u00f1anza media, junto a sus familias y profesores, para distinguirlos como \u201cL\u00edderes Escolares 2022\u201d, en los \u00e1mbitos Cient\u00edfico, Dirigencial, Acad\u00e9mico, Social, Cultural y Deportivo. En dicha ceremonia, la estudiante Daniela Santib\u00e1\u00f1ez (Egresada del 4\u00b0C, generaci\u00f3n 2022) fue premiada como una de las 12 l\u00edderes escolares de la Regi\u00f3n del Biob\u00edo en el \u00e1mbito de la cultura.<\/p>\n<p>Los y las estudiantes fueron postulados en sus candidaturas y categor\u00edas por sus propios profesores y equipos de orientaci\u00f3n, cada establecimiento pod\u00eda presentar un m\u00e1ximo de cuatro alumnos destacados, dos mujeres y dos hombres; Sin embargo, la decisi\u00f3n final reca\u00eda en un jurado compuesto por un representante de la Universidad San Sebasti\u00e1n, otro del Diario El Sur y de los respectivos auspiciadores de la iniciativa, quienes se encargaron de seleccionar la n\u00f3mina final de 12 estudiantes destacados y, entre ellos, nuestra reci\u00e9n egresada, Daniela Santib\u00e1\u00f1ez.<\/p>\n<p>En este reconocimiento organizado por la Universidad San Sebasti\u00e1n y Diario El Sur se realiza por segundo a\u00f1o consecutivo y que tiene por objetivo distinguir los liderazgos, en diversos \u00e1mbitos, que han surgido y se han potenciado al interior de colegios y liceos de las tres provincias de nuestra regi\u00f3n.<\/p>\n<p>FELICITACIONES DANIELA!!![\/et_pb_text][\/et_pb_column][\/et_pb_row][et_pb_row _builder_version=\u00bb4.19.0&#8243; _module_preset=\u00bbdefault\u00bb theme_builder_area=\u00bbpost_content\u00bb custom_margin=\u00bb5px||8px||false|false\u00bb custom_padding=\u00bb5px||8px||false|false\u00bb hover_enabled=\u00bb0&#8243; sticky_enabled=\u00bb0&#8243;][et_pb_column _builder_version=\u00bb4.19.0&#8243; _module_preset=\u00bbdefault\u00bb type=\u00bb4_4&#8243; theme_builder_area=\u00bbpost_content\u00bb][et_pb_image _builder_version=\u00bb4.19.0&#8243; _module_preset=\u00bbdefault\u00bb theme_builder_area=\u00bbpost_content\u00bb title_text=\u00bbpremiacinestudianteceatenlderesescolaresbiobo2022_1&#8243; src=\u00bbhttps:\/\/www.ceat.cl\/inicio\/wp-content\/uploads\/2023\/01\/premiacinestudianteceatenlderesescolaresbiobo2022_1.jpg\u00bb box_shadow_style=\u00bbpreset2&#8243; hover_enabled=\u00bb0&#8243; sticky_enabled=\u00bb0&#8243;][\/et_pb_image][\/et_pb_column][\/et_pb_row][et_pb_row _builder_version=\u00bb4.19.0&#8243; _module_preset=\u00bbdefault\u00bb theme_builder_area=\u00bbpost_content\u00bb custom_margin=\u00bb5px||8px||false|false\u00bb custom_padding=\u00bb5px||8px||false|false\u00bb hover_enabled=\u00bb0&#8243; sticky_enabled=\u00bb0&#8243; column_structure=\u00bb1_2,1_2&#8243;][et_pb_column _builder_version=\u00bb4.19.0&#8243; _module_preset=\u00bbdefault\u00bb type=\u00bb1_2&#8243; theme_builder_area=\u00bbpost_content\u00bb][et_pb_image _builder_version=\u00bb4.19.0&#8243; _module_preset=\u00bbdefault\u00bb theme_builder_area=\u00bbpost_content\u00bb title_text=\u00bbpremiacinestudianteceatenlderesescolaresbiobo2022Diario_3&#8243; src=\u00bbhttps:\/\/www.ceat.cl\/inicio\/wp-content\/uploads\/2023\/01\/premiacinestudianteceatenlderesescolaresbiobo2022Diario_3.jpg\u00bb box_shadow_style=\u00bbpreset2&#8243; hover_enabled=\u00bb0&#8243; sticky_enabled=\u00bb0&#8243;][\/et_pb_image][et_pb_image _builder_version=\u00bb4.19.0&#8243; _module_preset=\u00bbdefault\u00bb theme_builder_area=\u00bbpost_content\u00bb title_text=\u00bbpremiacinestudianteceatenlderesescolaresbiobo2022Diario_2&#8243; src=\u00bbhttps:\/\/www.ceat.cl\/inicio\/wp-content\/uploads\/2023\/01\/premiacinestudianteceatenlderesescolaresbiobo2022Diario_2.jpg\u00bb box_shadow_style=\u00bbpreset2&#8243; hover_enabled=\u00bb0&#8243; sticky_enabled=\u00bb0&#8243;][\/et_pb_image][\/et_pb_column][et_pb_column _builder_version=\u00bb4.19.0&#8243; _module_preset=\u00bbdefault\u00bb type=\u00bb1_2&#8243; theme_builder_area=\u00bbpost_content\u00bb][et_pb_image _builder_version=\u00bb4.19.0&#8243; _module_preset=\u00bbdefault\u00bb theme_builder_area=\u00bbpost_content\u00bb title_text=\u00bbpremiacinestudianteceatenlderesescolaresbiobo2022Diario_5&#8243; src=\u00bbhttps:\/\/www.ceat.cl\/inicio\/wp-content\/uploads\/2023\/01\/premiacinestudianteceatenlderesescolaresbiobo2022Diario_5.jpg\u00bb box_shadow_style=\u00bbpreset2&#8243; hover_enabled=\u00bb0&#8243; sticky_enabled=\u00bb0&#8243;][\/et_pb_image][et_pb_image _builder_version=\u00bb4.19.0&#8243; _module_preset=\u00bbdefault\u00bb theme_builder_area=\u00bbpost_content\u00bb title_text=\u00bbpremiacinestudianteceatenlderesescolaresbiobo2022Diario_2&#8243; src=\u00bbhttps:\/\/www.ceat.cl\/inicio\/wp-content\/uploads\/2023\/01\/premiacinestudianteceatenlderesescolaresbiobo2022Diario_2.jpg\u00bb box_shadow_style=\u00bbpreset2&#8243; hover_enabled=\u00bb0&#8243; sticky_enabled=\u00bb0&#8243;][\/et_pb_image][\/et_pb_column][\/et_pb_row][et_pb_row _builder_version=\u00bb4.19.0&#8243; _module_preset=\u00bbdefault\u00bb theme_builder_area=\u00bbpost_content\u00bb custom_margin=\u00bb5px||8px||false|false\u00bb custom_padding=\u00bb5px||8px||false|false\u00bb hover_enabled=\u00bb0&#8243; sticky_enabled=\u00bb0&#8243;][et_pb_column _builder_version=\u00bb4.19.0&#8243; _module_preset=\u00bbdefault\u00bb type=\u00bb4_4&#8243; theme_builder_area=\u00bbpost_content\u00bb][et_pb_image _builder_version=\u00bb4.19.0&#8243; _module_preset=\u00bbdefault\u00bb theme_builder_area=\u00bbpost_content\u00bb title_text=\u00bbpremiacinestudianteceatenlderesescolaresbiobo2022_2&#8243; src=\u00bbhttps:\/\/www.ceat.cl\/inicio\/wp-content\/uploads\/2023\/01\/premiacinestudianteceatenlderesescolaresbiobo2022_2.jpg\u00bb box_shadow_style=\u00bbpreset2&#8243; hover_enabled=\u00bb0&#8243; sticky_enabled=\u00bb0&#8243;][\/et_pb_image][\/et_pb_column][\/et_pb_row][\/et_pb_section]<\/p>\n","protected":false},"excerpt":{"rendered":"<p>El jueves 29 de diciembre de 2022, el auditorio Marta Montory de la Universidasd San Sebasti\u00e1n Sede Concepci\u00f3n fue el espacio que acogi\u00f3 a 12 j\u00f3venes estudiantes de ense\u00f1anza media, junto a sus familias y profesores, para distinguirlos como \u201cL\u00edderes Escolares 2022\u201d, en los \u00e1mbitos Cient\u00edfico, Dirigencial, Acad\u00e9mico, Social, Cultural y Deportivo. En dicha ceremonia, [&hellip;]<\/p>\n","protected":false},"author":2,"featured_media":14219,"comment_status":"open","ping_status":"open","sticky":false,"template":"","format":"standard","meta":{"_et_pb_use_builder":"on","_et_pb_old_content":"","_et_gb_content_width":"","footnotes":""},"categories":[5,3],"tags":[],"class_list":["post-14211","post","type-post","status-publish","format-standard","has-post-thumbnail","hentry","category-noticias","category-not-liceo"],"_links":{"self":[{"href":"https:\/\/www.ceat.cl\/inicio\/wp-json\/wp\/v2\/posts\/14211","targetHints":{"allow":["GET"]}}],"collection":[{"href":"https:\/\/www.ceat.cl\/inicio\/wp-json\/wp\/v2\/posts"}],"about":[{"href":"https:\/\/www.ceat.cl\/inicio\/wp-json\/wp\/v2\/types\/post"}],"author":[{"embeddable":true,"href":"https:\/\/www.ceat.cl\/inicio\/wp-json\/wp\/v2\/users\/2"}],"replies":[{"embeddable":true,"href":"https:\/\/www.ceat.cl\/inicio\/wp-json\/wp\/v2\/comments?post=14211"}],"version-history":[{"count":3,"href":"https:\/\/www.ceat.cl\/inicio\/wp-json\/wp\/v2\/posts\/14211\/revisions"}],"predecessor-version":[{"id":14222,"href":"https:\/\/www.ceat.cl\/inicio\/wp-json\/wp\/v2\/posts\/14211\/revisions\/14222"}],"wp:featuredmedia":[{"embeddable":true,"href":"https:\/\/www.ceat.cl\/inicio\/wp-json\/wp\/v2\/media\/14219"}],"wp:attachment":[{"href":"https:\/\/www.ceat.cl\/inicio\/wp-json\/wp\/v2\/media?parent=14211"}],"wp:term":[{"taxonomy":"category","embeddable":true,"href":"https:\/\/www.ceat.cl\/inicio\/wp-json\/wp\/v2\/categories?post=14211"},{"taxonomy":"post_tag","embeddable":true,"href":"https:\/\/www.ceat.cl\/inicio\/wp-json\/wp\/v2\/tags?post=14211"}],"curies":[{"name":"wp","href":"https:\/\/api.w.org\/{rel}","templated":true}]}}