{"id":14318,"date":"2023-04-30T15:08:27","date_gmt":"2023-04-30T18:08:27","guid":{"rendered":"https:\/\/www.ceat.cl\/inicio\/?p=14318"},"modified":"2023-04-30T15:15:10","modified_gmt":"2023-04-30T18:15:10","slug":"ceremonias-de-reconocimiento-2022","status":"publish","type":"post","link":"https:\/\/www.ceat.cl\/inicio\/ceremonias-de-reconocimiento-2022\/","title":{"rendered":"Ceremonias de reconocimiento 2022"},"content":{"rendered":"<p>[et_pb_section fb_built=\u00bb1&#8243; _builder_version=\u00bb4.19.0&#8243; _module_preset=\u00bbdefault\u00bb global_colors_info=\u00bb{}\u00bb][et_pb_row _builder_version=\u00bb4.19.0&#8243; _module_preset=\u00bbdefault\u00bb custom_margin=\u00bb5px||8px||false|false\u00bb custom_padding=\u00bb5px||8px||false|false\u00bb global_colors_info=\u00bb{}\u00bb][et_pb_column type=\u00bb4_4&#8243; _builder_version=\u00bb4.19.0&#8243; _module_preset=\u00bbdefault\u00bb global_colors_info=\u00bb{}\u00bb][et_pb_text _builder_version=\u00bb4.19.0&#8243; _module_preset=\u00bbdefault\u00bb text_orientation=\u00bbjustified\u00bb global_colors_info=\u00bb{}\u00bb]<\/p>\n<p>Los d\u00edas 22 y 23 de marzo de 2023, se realizaron las ceremonias de reconocimiento del a\u00f1o 2022. La instancia cont\u00f3 con la asistencia de madres, padres y apoderados\/as de las y los estudiantes que recibieron su reconocimiento por sus logros en el a\u00f1o 2022.<\/p>\n<p>Para ver m\u00e1s fotograf\u00edas, haz <span style=\"color: #993300;\"><strong><a style=\"color: #993300;\" href=\"https:\/\/flic.kr\/s\/aHBqjAAY3u\">click aqu\u00ed<\/a><\/strong><\/span><\/p>\n<p>[\/et_pb_text][\/et_pb_column][\/et_pb_row][et_pb_row column_structure=\u00bb1_2,1_2&#8243; _builder_version=\u00bb4.19.0&#8243; _module_preset=\u00bbdefault\u00bb custom_margin=\u00bb5px||8px||false|false\u00bb custom_padding=\u00bb5px||8px||false|false\u00bb global_colors_info=\u00bb{}\u00bb][et_pb_column type=\u00bb1_2&#8243; _builder_version=\u00bb4.19.0&#8243; _module_preset=\u00bbdefault\u00bb global_colors_info=\u00bb{}\u00bb][et_pb_image src=\u00bbhttps:\/\/www.ceat.cl\/inicio\/wp-content\/uploads\/2023\/04\/Ceremonias-de-reconocimiento-2022_3.jpg\u00bb title_text=\u00bbCeremonias de reconocimiento 2022_3&#8243; _builder_version=\u00bb4.19.0&#8243; _module_preset=\u00bbdefault\u00bb global_colors_info=\u00bb{}\u00bb][\/et_pb_image][\/et_pb_column][et_pb_column type=\u00bb1_2&#8243; _builder_version=\u00bb4.19.0&#8243; _module_preset=\u00bbdefault\u00bb global_colors_info=\u00bb{}\u00bb][et_pb_image src=\u00bbhttps:\/\/www.ceat.cl\/inicio\/wp-content\/uploads\/2023\/04\/Ceremonias-de-reconocimiento-2022_2.jpg\u00bb title_text=\u00bbCeremonias de reconocimiento 2022_2&#8243; _builder_version=\u00bb4.19.0&#8243; _module_preset=\u00bbdefault\u00bb global_colors_info=\u00bb{}\u00bb][\/et_pb_image][\/et_pb_column][\/et_pb_row][et_pb_row column_structure=\u00bb1_3,1_3,1_3&#8243; _builder_version=\u00bb4.19.0&#8243; _module_preset=\u00bbdefault\u00bb custom_margin=\u00bb5px||8px||false|false\u00bb custom_padding=\u00bb5px||8px||false|false\u00bb global_colors_info=\u00bb{}\u00bb][et_pb_column type=\u00bb1_3&#8243; _builder_version=\u00bb4.19.0&#8243; _module_preset=\u00bbdefault\u00bb global_colors_info=\u00bb{}\u00bb][et_pb_text _builder_version=\u00bb4.19.0&#8243; _module_preset=\u00bbdefault\u00bb global_colors_info=\u00bb{}\u00bb]<\/p>\n<p><strong>Segundos medios 2023<\/strong><\/p>\n<p>2\u00b0Medio A<br \/>Pascal Molina G\u00e1lvez<br \/>Agust\u00edn Montoya Bustos<br \/>Conie Suazo Jara<\/p>\n<p>2\u00b0 Medio B<br \/>Fabi\u00e1n Lizama Gonz\u00e1lez<br \/>Crist\u00f3bal Venegas Sandoval<\/p>\n<p>2\u00b0 Medio C<br \/>Juan Jos\u00e9 Reyes Fuentes<br \/>Mat\u00edas\u00a0 Mu\u00f1oz Miranda<br \/>Juliana Campos Poea<\/p>\n<p>2\u00b0 Medio D<br \/>Samuel\u00a0 Fuenmayor Oma\u00f1a<br \/>Jorge\u00a0 Salazar Albornoz<br \/>Eduardo Morales Delgado<\/p>\n<p>2\u00b0 Medio E<br \/>Renato Pino Tapia<br \/>Miguel \u00c1ngel Am\u00e9stica Flores<br \/>Diego Ortiz Molina<br \/>Omar \u00c1lvarez C\u00e1ceres<\/p>\n<p>2\u00b0 Medio F<br \/>Giuliano P\u00e9rez Sanhueza<br \/>Math\u00edas Villagr\u00e1n D\u00edaz<\/p>\n<p>2\u00b0 Medio G<br \/>Camilo Opazo Schifferli<br \/>Guiannella Cisterna Gonz\u00e1lez<br \/>Helen Huaiquip\u00e1n Pacheco<\/p>\n<p>[\/et_pb_text][et_pb_image src=\u00bbhttps:\/\/www.ceat.cl\/inicio\/wp-content\/uploads\/2023\/04\/Ceremonias-de-reconocimiento-2022_7.jpg\u00bb title_text=\u00bbCeremonias de reconocimiento 2022_7&#8243; _builder_version=\u00bb4.19.0&#8243; _module_preset=\u00bbdefault\u00bb global_colors_info=\u00bb{}\u00bb][\/et_pb_image][\/et_pb_column][et_pb_column type=\u00bb1_3&#8243; _builder_version=\u00bb4.19.0&#8243; _module_preset=\u00bbdefault\u00bb global_colors_info=\u00bb{}\u00bb][et_pb_text _builder_version=\u00bb4.19.0&#8243; _module_preset=\u00bbdefault\u00bb global_colors_info=\u00bb{}\u00bb]<\/p>\n<p><strong>Terceros medios 2023<\/strong><\/p>\n<p>3\u00b0 Medio A<br \/>Leonel Ayala Constanzo<\/p>\n<p>3\u00b0 Medio B<br \/>Mirovane Salamanca Morales<br \/>Jorge Cid Villa<br \/>Basti\u00e1n Ru\u00edz Alarc\u00f3n<\/p>\n<p>3\u00b0 Medio C<br \/>Ignacio Espinoza Meneses<br \/>Camilo D\u00e1vila Jara<\/p>\n<p>3\u00b0 Medio D<br \/>Daniel Espinoza Fern\u00e1ndez<br \/>Maximiliano\u00a0 Alegr\u00eda Medina<br \/>Benjam\u00edn Vera Villouta<\/p>\n<p>3\u00b0 Medio E<br \/>Maicol Orme\u00f1o Sanhueza<br \/>Diego Lizama Gonz\u00e1lez<br \/>Lenins Ortiz N\u00fa\u00f1ez<\/p>\n<p>3\u00b0 Medio F<br \/>Damian Pe\u00f1a Lagos<\/p>\n<p>3\u00b0 Medio G<br \/>Yaret Silva Hurtado<br \/>Vicente Huenumilla Vega<br \/>Samuel Pedreros Tapia<br \/>Daniel Mel\u00edn Sep\u00falveda<\/p>\n<p>3\u00b0 Medio H<br \/>Catalina Morales Carrizo<br \/>Dansel Ruminot Paredes<br \/>Luis Aill\u00f3n Araneda<br \/>Maximiliano Molina Jara<\/p>\n<p>3\u00b0 Medio I<br \/>Samer Mart\u00ednez Abou Assaf<br \/>Crysleer Sep\u00falveda V\u00e1squez<\/p>\n<p>[\/et_pb_text][\/et_pb_column][et_pb_column type=\u00bb1_3&#8243; _builder_version=\u00bb4.19.0&#8243; _module_preset=\u00bbdefault\u00bb global_colors_info=\u00bb{}\u00bb][et_pb_text _builder_version=\u00bb4.19.0&#8243; _module_preset=\u00bbdefault\u00bb global_colors_info=\u00bb{}\u00bb]<\/p>\n<p><strong>Cuartos medios 2023<\/strong><\/p>\n<p>4\u00b0 Medio A<br \/>\nBrayan Toro Canales<br \/>\nNicol\u00e1s Bebra\u00f1ez Garc\u00eda<br \/>\nCristian Molina Lagos<\/p>\n<p>4\u00b0 Medio B<br \/>\nAgust\u00edn Y\u00e1\u00f1ez Cuevas<br \/>\nFernanda Figueroa Ram\u00edrez<\/p>\n<p>4\u00b0 Medio C<br \/>\nGiovanni Dur\u00e1n G\u00f3mez<br \/>\nMat\u00edas Maldonado \u00c1guila<br \/>\nGabriel Torres Riffo<br \/>\nAmaro Troncoso Salazar<br \/>\nLeonardo Gonz\u00e1lez Y\u00e1\u00f1ez<br \/>\nFabi\u00e1n Alister Rojas<\/p>\n<p>4\u00b0 Medio D<br \/>\nAndr\u00e9s Villarroel Bravo<br \/>\nPablo Anguita P\u00e9rez<br \/>\nDiego Rodr\u00edguez Mellado<\/p>\n<p>4\u00b0 Medio E<br \/>\nPablo Leiva Molina<br \/>\nJos\u00e9 Fritz Villarroel<br \/>\nAldrix Moraga Carrasco<br \/>\nAndr\u00e9s Mar\u00edn Inzunza<\/p>\n<p>4\u00b0 Medio F<br \/>\nTamara Olivares Garc\u00eda<br \/>\nMart\u00edn Araya Arriagada<\/p>\n<p>4\u00b0 Medio G<br \/>\nCristian Herrera Merino<br \/>\nBayron Z\u00fa\u00f1iga Gonz\u00e1lez<br \/>\nAntonio Y\u00e9venes Solar<\/p>\n<p>4\u00b0 Medio H<br \/>\nJuan Ignacio Ram\u00edrez Bustos<br \/>\nSebasti\u00e1n Sanhueza Venegas<br \/>\nNicol\u00e1s Fierro Bustos<br \/>\nMadeline Mu\u00f1oz Parra<\/p>\n<p>4\u00b0 Medio I<br \/>\nMatthias Aliaga Febres<br \/>\nKrishna Roa Fuentes<\/p>\n<p>[\/et_pb_text][\/et_pb_column][\/et_pb_row][et_pb_row column_structure=\u00bb1_2,1_2&#8243; _builder_version=\u00bb4.19.0&#8243; _module_preset=\u00bbdefault\u00bb custom_margin=\u00bb5px||8px||false|false\u00bb custom_padding=\u00bb5px||8px||false|false\u00bb global_colors_info=\u00bb{}\u00bb][et_pb_column type=\u00bb1_2&#8243; _builder_version=\u00bb4.19.0&#8243; _module_preset=\u00bbdefault\u00bb global_colors_info=\u00bb{}\u00bb][et_pb_image src=\u00bbhttps:\/\/www.ceat.cl\/inicio\/wp-content\/uploads\/2023\/04\/Ceremonias-de-reconocimiento-2022_7.jpg\u00bb title_text=\u00bbCeremonias de reconocimiento 2022_7&#8243; _builder_version=\u00bb4.19.0&#8243; _module_preset=\u00bbdefault\u00bb global_colors_info=\u00bb{}\u00bb][\/et_pb_image][et_pb_image src=\u00bbhttps:\/\/www.ceat.cl\/inicio\/wp-content\/uploads\/2023\/04\/Ceremonias-de-reconocimiento-2022_5.jpg\u00bb title_text=\u00bbCeremonias de reconocimiento 2022_5&#8243; _builder_version=\u00bb4.19.0&#8243; _module_preset=\u00bbdefault\u00bb global_colors_info=\u00bb{}\u00bb][\/et_pb_image][\/et_pb_column][et_pb_column type=\u00bb1_2&#8243; _builder_version=\u00bb4.19.0&#8243; _module_preset=\u00bbdefault\u00bb global_colors_info=\u00bb{}\u00bb][et_pb_image src=\u00bbhttps:\/\/www.ceat.cl\/inicio\/wp-content\/uploads\/2023\/04\/Ceremonias-de-reconocimiento-2022_6.jpg\u00bb title_text=\u00bbCeremonias de reconocimiento 2022_6&#8243; _builder_version=\u00bb4.19.0&#8243; _module_preset=\u00bbdefault\u00bb global_colors_info=\u00bb{}\u00bb][\/et_pb_image][et_pb_image src=\u00bbhttps:\/\/www.ceat.cl\/inicio\/wp-content\/uploads\/2023\/04\/Ceremonias-de-reconocimiento-2022_4.jpg\u00bb title_text=\u00bbCeremonias de reconocimiento 2022_4&#8243; _builder_version=\u00bb4.19.0&#8243; _module_preset=\u00bbdefault\u00bb global_colors_info=\u00bb{}\u00bb][\/et_pb_image][\/et_pb_column][\/et_pb_row][\/et_pb_section]<\/p>\n","protected":false},"excerpt":{"rendered":"<p>Los d\u00edas 22 y 23 de marzo de 2023, se realizaron las ceremonias de reconocimiento del a\u00f1o 2022. La instancia cont\u00f3 con la asistencia de madres, padres y apoderados\/as de las y los estudiantes que recibieron su reconocimiento por sus logros en el a\u00f1o 2022. Para ver m\u00e1s fotograf\u00edas, haz click aqu\u00edSegundos medios 2023 2\u00b0Medio [&hellip;]<\/p>\n","protected":false},"author":2,"featured_media":14321,"comment_status":"open","ping_status":"open","sticky":false,"template":"","format":"standard","meta":{"_et_pb_use_builder":"on","_et_pb_old_content":"","_et_gb_content_width":"","footnotes":""},"categories":[5,3],"tags":[],"class_list":["post-14318","post","type-post","status-publish","format-standard","has-post-thumbnail","hentry","category-noticias","category-not-liceo"],"_links":{"self":[{"href":"https:\/\/www.ceat.cl\/inicio\/wp-json\/wp\/v2\/posts\/14318","targetHints":{"allow":["GET"]}}],"collection":[{"href":"https:\/\/www.ceat.cl\/inicio\/wp-json\/wp\/v2\/posts"}],"about":[{"href":"https:\/\/www.ceat.cl\/inicio\/wp-json\/wp\/v2\/types\/post"}],"author":[{"embeddable":true,"href":"https:\/\/www.ceat.cl\/inicio\/wp-json\/wp\/v2\/users\/2"}],"replies":[{"embeddable":true,"href":"https:\/\/www.ceat.cl\/inicio\/wp-json\/wp\/v2\/comments?post=14318"}],"version-history":[{"count":5,"href":"https:\/\/www.ceat.cl\/inicio\/wp-json\/wp\/v2\/posts\/14318\/revisions"}],"predecessor-version":[{"id":14339,"href":"https:\/\/www.ceat.cl\/inicio\/wp-json\/wp\/v2\/posts\/14318\/revisions\/14339"}],"wp:featuredmedia":[{"embeddable":true,"href":"https:\/\/www.ceat.cl\/inicio\/wp-json\/wp\/v2\/media\/14321"}],"wp:attachment":[{"href":"https:\/\/www.ceat.cl\/inicio\/wp-json\/wp\/v2\/media?parent=14318"}],"wp:term":[{"taxonomy":"category","embeddable":true,"href":"https:\/\/www.ceat.cl\/inicio\/wp-json\/wp\/v2\/categories?post=14318"},{"taxonomy":"post_tag","embeddable":true,"href":"https:\/\/www.ceat.cl\/inicio\/wp-json\/wp\/v2\/tags?post=14318"}],"curies":[{"name":"wp","href":"https:\/\/api.w.org\/{rel}","templated":true}]}}