{"id":14443,"date":"2023-05-30T22:13:21","date_gmt":"2023-05-31T01:13:21","guid":{"rendered":"https:\/\/www.ceat.cl\/inicio\/?p=14443"},"modified":"2023-05-30T22:13:24","modified_gmt":"2023-05-31T01:13:24","slug":"iniciamos-semana-de-la-seguridad-escolar","status":"publish","type":"post","link":"https:\/\/www.ceat.cl\/inicio\/iniciamos-semana-de-la-seguridad-escolar\/","title":{"rendered":"Iniciamos semana de la seguridad escolar"},"content":{"rendered":"<p>[et_pb_section fb_built=\u00bb1&#8243; theme_builder_area=\u00bbpost_content\u00bb _builder_version=\u00bb4.21.0&#8243; _module_preset=\u00bbdefault\u00bb][et_pb_row _builder_version=\u00bb4.21.0&#8243; _module_preset=\u00bbdefault\u00bb theme_builder_area=\u00bbpost_content\u00bb custom_margin=\u00bb5px||8px||false|false\u00bb custom_padding=\u00bb5px||8px||false|false\u00bb hover_enabled=\u00bb0&#8243; sticky_enabled=\u00bb0&#8243;][et_pb_column _builder_version=\u00bb4.21.0&#8243; _module_preset=\u00bbdefault\u00bb type=\u00bb4_4&#8243; theme_builder_area=\u00bbpost_content\u00bb][et_pb_text _builder_version=\u00bb4.21.0&#8243; _module_preset=\u00bbdefault\u00bb theme_builder_area=\u00bbpost_content\u00bb text_orientation=\u00bbjustified\u00bb hover_enabled=\u00bb0&#8243; sticky_enabled=\u00bb0&#8243;]<\/p>\n<p>El Ministerio de Educaci\u00f3n conmemora anualmente a fines de mayo, la Semana de la Seguridad Escolar y Parvularia. Cada unidad educativa debe promocionar el autocuidado, el cuidado mutuo y la prevenci\u00f3n de riesgos en todos los espacios escolares, utilizando las estrategias de gesti\u00f3n que se\u00f1ala la Pol\u00edtica de Seguridad Escolar y Parvularia. En este sentido el Ceat a trav\u00e9s del PISE (Plan Integral de Seguridad Escolar) desarrollar\u00e1 en los d\u00edas 29, 30 y 31 de mayo charlas que llamen a la reflexi\u00f3n sobre la Seguridad Vial y con ello prevenir la ocurrencia de los accidentes del tr\u00e1nsito. Esto se reforzar\u00e1 adem\u00e1s con informaci\u00f3n difundida en nuestras redes sociales y diarios murales de nuestro establecimiento.<\/p>\n<p>Hacemos un cordial y potente llamado a nuestros estudiantes y comunidad al autocuidado al transitar por nuestra ciudad tanto como peatones, conductores y pasajeros.<\/p>\n<p>[\/et_pb_text][\/et_pb_column][\/et_pb_row][et_pb_row _builder_version=\u00bb4.21.0&#8243; _module_preset=\u00bbdefault\u00bb theme_builder_area=\u00bbpost_content\u00bb custom_margin=\u00bb5px||8px||false|false\u00bb custom_padding=\u00bb5px||8px||false|false\u00bb hover_enabled=\u00bb0&#8243; sticky_enabled=\u00bb0&#8243; column_structure=\u00bb1_2,1_2&#8243;][et_pb_column _builder_version=\u00bb4.21.0&#8243; _module_preset=\u00bbdefault\u00bb type=\u00bb1_2&#8243; theme_builder_area=\u00bbpost_content\u00bb][et_pb_image _builder_version=\u00bb4.21.0&#8243; _module_preset=\u00bbdefault\u00bb theme_builder_area=\u00bbpost_content\u00bb title_text=\u00bbIniciamos semana de la seguridad escolar2&#8243; src=\u00bbhttps:\/\/www.ceat.cl\/inicio\/wp-content\/uploads\/2023\/05\/Iniciamos-semana-de-la-seguridad-escolar2.jpg\u00bb box_shadow_style=\u00bbpreset2&#8243; hover_enabled=\u00bb0&#8243; sticky_enabled=\u00bb0&#8243;][\/et_pb_image][et_pb_image _builder_version=\u00bb4.21.0&#8243; _module_preset=\u00bbdefault\u00bb theme_builder_area=\u00bbpost_content\u00bb title_text=\u00bbIniciamos semana de la seguridad escolar4&#8243; src=\u00bbhttps:\/\/www.ceat.cl\/inicio\/wp-content\/uploads\/2023\/05\/Iniciamos-semana-de-la-seguridad-escolar4.jpg\u00bb box_shadow_style=\u00bbpreset2&#8243; hover_enabled=\u00bb0&#8243; sticky_enabled=\u00bb0&#8243;][\/et_pb_image][et_pb_image _builder_version=\u00bb4.21.0&#8243; _module_preset=\u00bbdefault\u00bb theme_builder_area=\u00bbpost_content\u00bb title_text=\u00bbIniciamos semana de la seguridad escolar6&#8243; src=\u00bbhttps:\/\/www.ceat.cl\/inicio\/wp-content\/uploads\/2023\/05\/Iniciamos-semana-de-la-seguridad-escolar6.jpg\u00bb box_shadow_style=\u00bbpreset2&#8243; hover_enabled=\u00bb0&#8243; sticky_enabled=\u00bb0&#8243;][\/et_pb_image][et_pb_image _builder_version=\u00bb4.21.0&#8243; _module_preset=\u00bbdefault\u00bb theme_builder_area=\u00bbpost_content\u00bb title_text=\u00bbIniciamos semana de la seguridad escolar8&#8243; src=\u00bbhttps:\/\/www.ceat.cl\/inicio\/wp-content\/uploads\/2023\/05\/Iniciamos-semana-de-la-seguridad-escolar8.jpg\u00bb box_shadow_style=\u00bbpreset2&#8243; hover_enabled=\u00bb0&#8243; sticky_enabled=\u00bb0&#8243;][\/et_pb_image][\/et_pb_column][et_pb_column _builder_version=\u00bb4.21.0&#8243; _module_preset=\u00bbdefault\u00bb type=\u00bb1_2&#8243; theme_builder_area=\u00bbpost_content\u00bb][et_pb_image _builder_version=\u00bb4.21.0&#8243; _module_preset=\u00bbdefault\u00bb theme_builder_area=\u00bbpost_content\u00bb title_text=\u00bbIniciamos semana de la seguridad escolar3&#8243; src=\u00bbhttps:\/\/www.ceat.cl\/inicio\/wp-content\/uploads\/2023\/05\/Iniciamos-semana-de-la-seguridad-escolar3.jpg\u00bb box_shadow_style=\u00bbpreset2&#8243; hover_enabled=\u00bb0&#8243; sticky_enabled=\u00bb0&#8243;][\/et_pb_image][et_pb_image _builder_version=\u00bb4.21.0&#8243; _module_preset=\u00bbdefault\u00bb theme_builder_area=\u00bbpost_content\u00bb title_text=\u00bbIniciamos semana de la seguridad escolar5&#8243; src=\u00bbhttps:\/\/www.ceat.cl\/inicio\/wp-content\/uploads\/2023\/05\/Iniciamos-semana-de-la-seguridad-escolar5.jpg\u00bb box_shadow_style=\u00bbpreset2&#8243; hover_enabled=\u00bb0&#8243; sticky_enabled=\u00bb0&#8243;][\/et_pb_image][et_pb_image _builder_version=\u00bb4.21.0&#8243; _module_preset=\u00bbdefault\u00bb theme_builder_area=\u00bbpost_content\u00bb title_text=\u00bbIniciamos semana de la seguridad escolar7&#8243; src=\u00bbhttps:\/\/www.ceat.cl\/inicio\/wp-content\/uploads\/2023\/05\/Iniciamos-semana-de-la-seguridad-escolar7.jpg\u00bb box_shadow_style=\u00bbpreset2&#8243; hover_enabled=\u00bb0&#8243; sticky_enabled=\u00bb0&#8243;][\/et_pb_image][et_pb_image _builder_version=\u00bb4.21.0&#8243; _module_preset=\u00bbdefault\u00bb theme_builder_area=\u00bbpost_content\u00bb title_text=\u00bbIniciamos semana de la seguridad escolar9&#8243; src=\u00bbhttps:\/\/www.ceat.cl\/inicio\/wp-content\/uploads\/2023\/05\/Iniciamos-semana-de-la-seguridad-escolar9.jpg\u00bb box_shadow_style=\u00bbpreset2&#8243; hover_enabled=\u00bb0&#8243; sticky_enabled=\u00bb0&#8243;][\/et_pb_image][\/et_pb_column][\/et_pb_row][\/et_pb_section]<\/p>\n","protected":false},"excerpt":{"rendered":"<p>El Ministerio de Educaci\u00f3n conmemora anualmente a fines de mayo, la Semana de la Seguridad Escolar y Parvularia. Cada unidad educativa debe promocionar el autocuidado, el cuidado mutuo y la prevenci\u00f3n de riesgos en todos los espacios escolares, utilizando las estrategias de gesti\u00f3n que se\u00f1ala la Pol\u00edtica de Seguridad Escolar y Parvularia. En este sentido [&hellip;]<\/p>\n","protected":false},"author":2,"featured_media":14454,"comment_status":"open","ping_status":"open","sticky":false,"template":"","format":"standard","meta":{"_et_pb_use_builder":"on","_et_pb_old_content":"","_et_gb_content_width":"","footnotes":""},"categories":[5,3],"tags":[],"class_list":["post-14443","post","type-post","status-publish","format-standard","has-post-thumbnail","hentry","category-noticias","category-not-liceo"],"_links":{"self":[{"href":"https:\/\/www.ceat.cl\/inicio\/wp-json\/wp\/v2\/posts\/14443","targetHints":{"allow":["GET"]}}],"collection":[{"href":"https:\/\/www.ceat.cl\/inicio\/wp-json\/wp\/v2\/posts"}],"about":[{"href":"https:\/\/www.ceat.cl\/inicio\/wp-json\/wp\/v2\/types\/post"}],"author":[{"embeddable":true,"href":"https:\/\/www.ceat.cl\/inicio\/wp-json\/wp\/v2\/users\/2"}],"replies":[{"embeddable":true,"href":"https:\/\/www.ceat.cl\/inicio\/wp-json\/wp\/v2\/comments?post=14443"}],"version-history":[{"count":2,"href":"https:\/\/www.ceat.cl\/inicio\/wp-json\/wp\/v2\/posts\/14443\/revisions"}],"predecessor-version":[{"id":14455,"href":"https:\/\/www.ceat.cl\/inicio\/wp-json\/wp\/v2\/posts\/14443\/revisions\/14455"}],"wp:featuredmedia":[{"embeddable":true,"href":"https:\/\/www.ceat.cl\/inicio\/wp-json\/wp\/v2\/media\/14454"}],"wp:attachment":[{"href":"https:\/\/www.ceat.cl\/inicio\/wp-json\/wp\/v2\/media?parent=14443"}],"wp:term":[{"taxonomy":"category","embeddable":true,"href":"https:\/\/www.ceat.cl\/inicio\/wp-json\/wp\/v2\/categories?post=14443"},{"taxonomy":"post_tag","embeddable":true,"href":"https:\/\/www.ceat.cl\/inicio\/wp-json\/wp\/v2\/tags?post=14443"}],"curies":[{"name":"wp","href":"https:\/\/api.w.org\/{rel}","templated":true}]}}