{"id":14504,"date":"2023-06-08T17:05:44","date_gmt":"2023-06-08T20:05:44","guid":{"rendered":"https:\/\/www.ceat.cl\/inicio\/?p=14504"},"modified":"2023-06-07T23:18:10","modified_gmt":"2023-06-08T02:18:10","slug":"premiacion-concurso-de-metrologia","status":"publish","type":"post","link":"https:\/\/www.ceat.cl\/inicio\/premiacion-concurso-de-metrologia\/","title":{"rendered":"Premiaci\u00f3n Concurso de Metrolog\u00eda"},"content":{"rendered":"<p>[et_pb_section fb_built=\u00bb1&#8243; theme_builder_area=\u00bbpost_content\u00bb _builder_version=\u00bb4.21.0&#8243; _module_preset=\u00bbdefault\u00bb][et_pb_row _builder_version=\u00bb4.21.0&#8243; _module_preset=\u00bbdefault\u00bb theme_builder_area=\u00bbpost_content\u00bb custom_margin=\u00bb5px||8px||false|false\u00bb custom_padding=\u00bb5px||8px||false|false\u00bb hover_enabled=\u00bb0&#8243; sticky_enabled=\u00bb0&#8243;][et_pb_column _builder_version=\u00bb4.21.0&#8243; _module_preset=\u00bbdefault\u00bb type=\u00bb4_4&#8243; theme_builder_area=\u00bbpost_content\u00bb][et_pb_text _builder_version=\u00bb4.21.0&#8243; _module_preset=\u00bbdefault\u00bb theme_builder_area=\u00bbpost_content\u00bb text_orientation=\u00bbjustified\u00bb hover_enabled=\u00bb0&#8243; sticky_enabled=\u00bb0&#8243;]<\/p>\n<p>En el marco de la celebraci\u00f3n del D\u00eda Mundial de la Metrolog\u00eda se realiz\u00f3 el concurso de medici\u00f3n del per\u00edmetro del edificio del CEAT denominado \u201cLa Silueta del CEAT\u201d con la participaci\u00f3n de estudiantes, docentes y asistentes de la educaci\u00f3n.<\/p>\n<p>El martes 6 de junio en la Biblioteca de nuestro establecimiento se realiz\u00f3 la premiaci\u00f3n del concurso con la entrega de reconocimientos a los siguientes ganadores:<\/p>\n<p><strong>Categor\u00eda Adultos:<\/strong><br \/>Primer Lugar: Se\u00f1or Esteban Seguel<br \/>Segundo Lugar: Se\u00f1orita In\u00e9s Ponce<br \/>Tercer Lugar: Se\u00f1orita Karen Garc\u00eda<\/p>\n<p><strong>Categor\u00eda Estudiantes:<\/strong><br \/>Primer Lugar: Se\u00f1or Diego Ortiz. Segundo A\u00f1o E.<br \/>Segundo Lugar: Se\u00f1or Mat\u00edas Olate. Cuarto A\u00f1o E.<br \/>Tercer Lugar: Se\u00f1or Benjam\u00edn Llancap\u00e1n. Cuarto A\u00f1o E<\/p>\n<p>Los valores del per\u00edmetro del CEAT en las unidades de medida solicitadas en el concurso son los siguientes 362 metros y 469 PasosLabra\u00f1a.<\/p>\n<p>[\/et_pb_text][\/et_pb_column][\/et_pb_row][et_pb_row _builder_version=\u00bb4.21.0&#8243; _module_preset=\u00bbdefault\u00bb theme_builder_area=\u00bbpost_content\u00bb custom_margin=\u00bb5px||8px||false|false\u00bb custom_padding=\u00bb5px||8px||false|false\u00bb hover_enabled=\u00bb0&#8243; sticky_enabled=\u00bb0&#8243; column_structure=\u00bb1_2,1_2&#8243;][et_pb_column _builder_version=\u00bb4.21.0&#8243; _module_preset=\u00bbdefault\u00bb type=\u00bb1_2&#8243; theme_builder_area=\u00bbpost_content\u00bb][et_pb_image _builder_version=\u00bb4.21.0&#8243; _module_preset=\u00bbdefault\u00bb theme_builder_area=\u00bbpost_content\u00bb title_text=\u00bbPremiacio\u0301n Concurso de Metrologi\u0301a _3&#8243; src=\u00bbhttps:\/\/www.ceat.cl\/inicio\/wp-content\/uploads\/2023\/06\/Premiacio\u0301n-Concurso-de-Metrologi\u0301a-_3.jpg\u00bb box_shadow_style=\u00bbpreset2&#8243; hover_enabled=\u00bb0&#8243; sticky_enabled=\u00bb0&#8243;][\/et_pb_image][\/et_pb_column][et_pb_column _builder_version=\u00bb4.21.0&#8243; _module_preset=\u00bbdefault\u00bb type=\u00bb1_2&#8243; theme_builder_area=\u00bbpost_content\u00bb][et_pb_image _builder_version=\u00bb4.21.0&#8243; _module_preset=\u00bbdefault\u00bb theme_builder_area=\u00bbpost_content\u00bb title_text=\u00bbPremiacio\u0301n Concurso de Metrologi\u0301a _2&#8243; src=\u00bbhttps:\/\/www.ceat.cl\/inicio\/wp-content\/uploads\/2023\/06\/Premiacio\u0301n-Concurso-de-Metrologi\u0301a-_2.jpg\u00bb box_shadow_style=\u00bbpreset2&#8243; hover_enabled=\u00bb0&#8243; sticky_enabled=\u00bb0&#8243;][\/et_pb_image][\/et_pb_column][\/et_pb_row][et_pb_row _builder_version=\u00bb4.21.0&#8243; _module_preset=\u00bbdefault\u00bb theme_builder_area=\u00bbpost_content\u00bb custom_margin=\u00bb5px||8px||false|false\u00bb custom_padding=\u00bb5px||8px||false|false\u00bb hover_enabled=\u00bb0&#8243; sticky_enabled=\u00bb0&#8243; column_structure=\u00bb1_3,1_3,1_3&#8243;][et_pb_column _builder_version=\u00bb4.21.0&#8243; _module_preset=\u00bbdefault\u00bb type=\u00bb1_3&#8243; theme_builder_area=\u00bbpost_content\u00bb][et_pb_image _builder_version=\u00bb4.21.0&#8243; _module_preset=\u00bbdefault\u00bb theme_builder_area=\u00bbpost_content\u00bb title_text=\u00bbPremiacio\u0301n Concurso de Metrologi\u0301a _4&#8243; src=\u00bbhttps:\/\/www.ceat.cl\/inicio\/wp-content\/uploads\/2023\/06\/Premiacio\u0301n-Concurso-de-Metrologi\u0301a-_4.jpg\u00bb box_shadow_style=\u00bbpreset2&#8243; hover_enabled=\u00bb0&#8243; sticky_enabled=\u00bb0&#8243;][\/et_pb_image][\/et_pb_column][et_pb_column _builder_version=\u00bb4.21.0&#8243; _module_preset=\u00bbdefault\u00bb type=\u00bb1_3&#8243; theme_builder_area=\u00bbpost_content\u00bb][et_pb_image _builder_version=\u00bb4.21.0&#8243; _module_preset=\u00bbdefault\u00bb theme_builder_area=\u00bbpost_content\u00bb title_text=\u00bbPremiacio\u0301n Concurso de Metrologi\u0301a _5&#8243; src=\u00bbhttps:\/\/www.ceat.cl\/inicio\/wp-content\/uploads\/2023\/06\/Premiacio\u0301n-Concurso-de-Metrologi\u0301a-_5.jpg\u00bb box_shadow_style=\u00bbpreset2&#8243; hover_enabled=\u00bb0&#8243; sticky_enabled=\u00bb0&#8243;][\/et_pb_image][\/et_pb_column][et_pb_column _builder_version=\u00bb4.21.0&#8243; _module_preset=\u00bbdefault\u00bb type=\u00bb1_3&#8243; theme_builder_area=\u00bbpost_content\u00bb][et_pb_image _builder_version=\u00bb4.21.0&#8243; _module_preset=\u00bbdefault\u00bb theme_builder_area=\u00bbpost_content\u00bb title_text=\u00bbPremiacio\u0301n Concurso de Metrologi\u0301a _6&#8243; src=\u00bbhttps:\/\/www.ceat.cl\/inicio\/wp-content\/uploads\/2023\/06\/Premiacio\u0301n-Concurso-de-Metrologi\u0301a-_6.jpg\u00bb box_shadow_style=\u00bbpreset2&#8243; hover_enabled=\u00bb0&#8243; sticky_enabled=\u00bb0&#8243;][\/et_pb_image][\/et_pb_column][\/et_pb_row][et_pb_row _builder_version=\u00bb4.21.0&#8243; _module_preset=\u00bbdefault\u00bb theme_builder_area=\u00bbpost_content\u00bb custom_margin=\u00bb5px||8px||false|false\u00bb custom_padding=\u00bb5px||8px||false|false\u00bb hover_enabled=\u00bb0&#8243; sticky_enabled=\u00bb0&#8243;][et_pb_column _builder_version=\u00bb4.21.0&#8243; _module_preset=\u00bbdefault\u00bb type=\u00bb4_4&#8243; theme_builder_area=\u00bbpost_content\u00bb][et_pb_image _builder_version=\u00bb4.21.0&#8243; _module_preset=\u00bbdefault\u00bb theme_builder_area=\u00bbpost_content\u00bb title_text=\u00bbPremiacio\u0301n Concurso De Metrologi\u0301a web\u00bb src=\u00bbhttps:\/\/www.ceat.cl\/inicio\/wp-content\/uploads\/2023\/06\/Premiacio\u0301n-Concurso-De-Metrologi\u0301a-web.jpeg\u00bb box_shadow_style=\u00bbpreset2&#8243; hover_enabled=\u00bb0&#8243; sticky_enabled=\u00bb0&#8243;][\/et_pb_image][\/et_pb_column][\/et_pb_row][\/et_pb_section]<\/p>\n","protected":false},"excerpt":{"rendered":"<p>En el marco de la celebraci\u00f3n del D\u00eda Mundial de la Metrolog\u00eda se realiz\u00f3 el concurso de medici\u00f3n del per\u00edmetro del edificio del CEAT denominado \u201cLa Silueta del CEAT\u201d con la participaci\u00f3n de estudiantes, docentes y asistentes de la educaci\u00f3n. El martes 6 de junio en la Biblioteca de nuestro establecimiento se realiz\u00f3 la premiaci\u00f3n [&hellip;]<\/p>\n","protected":false},"author":2,"featured_media":14507,"comment_status":"open","ping_status":"open","sticky":false,"template":"","format":"standard","meta":{"_et_pb_use_builder":"on","_et_pb_old_content":"","_et_gb_content_width":"","footnotes":""},"categories":[5,3],"tags":[],"class_list":["post-14504","post","type-post","status-publish","format-standard","has-post-thumbnail","hentry","category-noticias","category-not-liceo"],"_links":{"self":[{"href":"https:\/\/www.ceat.cl\/inicio\/wp-json\/wp\/v2\/posts\/14504","targetHints":{"allow":["GET"]}}],"collection":[{"href":"https:\/\/www.ceat.cl\/inicio\/wp-json\/wp\/v2\/posts"}],"about":[{"href":"https:\/\/www.ceat.cl\/inicio\/wp-json\/wp\/v2\/types\/post"}],"author":[{"embeddable":true,"href":"https:\/\/www.ceat.cl\/inicio\/wp-json\/wp\/v2\/users\/2"}],"replies":[{"embeddable":true,"href":"https:\/\/www.ceat.cl\/inicio\/wp-json\/wp\/v2\/comments?post=14504"}],"version-history":[{"count":3,"href":"https:\/\/www.ceat.cl\/inicio\/wp-json\/wp\/v2\/posts\/14504\/revisions"}],"predecessor-version":[{"id":14515,"href":"https:\/\/www.ceat.cl\/inicio\/wp-json\/wp\/v2\/posts\/14504\/revisions\/14515"}],"wp:featuredmedia":[{"embeddable":true,"href":"https:\/\/www.ceat.cl\/inicio\/wp-json\/wp\/v2\/media\/14507"}],"wp:attachment":[{"href":"https:\/\/www.ceat.cl\/inicio\/wp-json\/wp\/v2\/media?parent=14504"}],"wp:term":[{"taxonomy":"category","embeddable":true,"href":"https:\/\/www.ceat.cl\/inicio\/wp-json\/wp\/v2\/categories?post=14504"},{"taxonomy":"post_tag","embeddable":true,"href":"https:\/\/www.ceat.cl\/inicio\/wp-json\/wp\/v2\/tags?post=14504"}],"curies":[{"name":"wp","href":"https:\/\/api.w.org\/{rel}","templated":true}]}}