{"id":14517,"date":"2023-06-13T21:31:36","date_gmt":"2023-06-14T00:31:36","guid":{"rendered":"https:\/\/www.ceat.cl\/inicio\/?p=14517"},"modified":"2023-06-13T21:51:41","modified_gmt":"2023-06-14T00:51:41","slug":"dia-de-los-patrimonios-con-enfoque-de-genero","status":"publish","type":"post","link":"https:\/\/www.ceat.cl\/inicio\/dia-de-los-patrimonios-con-enfoque-de-genero\/","title":{"rendered":"D\u00eda de los Patrimonios con enfoque de g\u00e9nero"},"content":{"rendered":"<p>[et_pb_section fb_built=\u00bb1&#8243; _builder_version=\u00bb4.21.0&#8243; _module_preset=\u00bbdefault\u00bb global_colors_info=\u00bb{}\u00bb][et_pb_row _builder_version=\u00bb4.21.0&#8243; _module_preset=\u00bbdefault\u00bb custom_margin=\u00bb5px||8px||false|false\u00bb custom_padding=\u00bb5px||8px||false|false\u00bb global_colors_info=\u00bb{}\u00bb][et_pb_column type=\u00bb4_4&#8243; _builder_version=\u00bb4.21.0&#8243; _module_preset=\u00bbdefault\u00bb global_colors_info=\u00bb{}\u00bb][et_pb_text _builder_version=\u00bb4.21.0&#8243; _module_preset=\u00bbdefault\u00bb text_orientation=\u00bbjustified\u00bb hover_enabled=\u00bb0&#8243; global_colors_info=\u00bb{}\u00bb sticky_enabled=\u00bb0&#8243;]<\/p>\n<p>Los d\u00edas 27 y 28 de mayo del presente a\u00f1o se celebr\u00f3 el d\u00eda de los patrimonios 2023, bajo este contexto el pasado viernes 9 de junio estudiantes del ACLE de Artes y de 3\u00b0 Medios del CEAT asistieron a un circuito tradicional en el Cementerio General de Concepci\u00f3n, gestionado por el Plan de Formaci\u00f3n Ciudadana. El recorrido los llev\u00f3 por el sector patrimonial, en donde se encuentran importantes personajes hist\u00f3ricos del siglo XIX, no solo para nuestra regi\u00f3n sino tambi\u00e9n para nuestro pa\u00eds. La visita finaliz\u00f3 en la sepultura de Petronila Neira, considerada una santa popular, cuya historia fue relatada y personificada para nuestros\/as estudiantes, quienes pudieron hacer una reflexi\u00f3n sobre el patrimonio cultural en torno a su figura y la historia penquista surgida del femicidio.<\/p>\n<p>Revisa m\u00e1s im\u00e1genes de la visita haciendo <strong><span style=\"color: #993300;\"><a style=\"color: #993300;\" href=\"https:\/\/www.flickr.com\/photos\/corporacionceat\/albums\/72177720309048009\">click aqu\u00ed<\/a><\/span><\/strong><\/p>\n<p>[\/et_pb_text][\/et_pb_column][\/et_pb_row][et_pb_row column_structure=\u00bb1_2,1_2&#8243; _builder_version=\u00bb4.21.0&#8243; _module_preset=\u00bbdefault\u00bb custom_margin=\u00bb5px||8px||false|false\u00bb custom_padding=\u00bb5px||8px||false|false\u00bb global_colors_info=\u00bb{}\u00bb][et_pb_column type=\u00bb1_2&#8243; _builder_version=\u00bb4.21.0&#8243; _module_preset=\u00bbdefault\u00bb global_colors_info=\u00bb{}\u00bb][et_pb_image src=\u00bbhttps:\/\/www.ceat.cl\/inicio\/wp-content\/uploads\/2023\/06\/Di\u0301a-de-los-Patrimonios-con-enfoque-de-ge\u0301nero_1.jpg\u00bb title_text=\u00bbDi\u0301a de los Patrimonios con enfoque de ge\u0301nero_1&#8243; _builder_version=\u00bb4.21.0&#8243; _module_preset=\u00bbdefault\u00bb box_shadow_style=\u00bbpreset2&#8243; global_colors_info=\u00bb{}\u00bb][\/et_pb_image][\/et_pb_column][et_pb_column type=\u00bb1_2&#8243; _builder_version=\u00bb4.21.0&#8243; _module_preset=\u00bbdefault\u00bb global_colors_info=\u00bb{}\u00bb][et_pb_image src=\u00bbhttps:\/\/www.ceat.cl\/inicio\/wp-content\/uploads\/2023\/06\/Di\u0301a-de-los-Patrimonios-con-enfoque-de-ge\u0301nero_2.jpg\u00bb title_text=\u00bbDi\u0301a de los Patrimonios con enfoque de ge\u0301nero_2&#8243; _builder_version=\u00bb4.21.0&#8243; _module_preset=\u00bbdefault\u00bb box_shadow_style=\u00bbpreset2&#8243; global_colors_info=\u00bb{}\u00bb][\/et_pb_image][\/et_pb_column][\/et_pb_row][\/et_pb_section]<\/p>\n","protected":false},"excerpt":{"rendered":"<p>Los d\u00edas 27 y 28 de mayo del presente a\u00f1o se celebr\u00f3 el d\u00eda de los patrimonios 2023, bajo este contexto el pasado viernes 9 de junio estudiantes del ACLE de Artes y de 3\u00b0 Medios del CEAT asistieron a un circuito tradicional en el Cementerio General de Concepci\u00f3n, gestionado por el Plan de Formaci\u00f3n [&hellip;]<\/p>\n","protected":false},"author":2,"featured_media":14520,"comment_status":"open","ping_status":"open","sticky":false,"template":"","format":"standard","meta":{"_et_pb_use_builder":"on","_et_pb_old_content":"","_et_gb_content_width":"","footnotes":""},"categories":[5,3],"tags":[],"class_list":["post-14517","post","type-post","status-publish","format-standard","has-post-thumbnail","hentry","category-noticias","category-not-liceo"],"_links":{"self":[{"href":"https:\/\/www.ceat.cl\/inicio\/wp-json\/wp\/v2\/posts\/14517","targetHints":{"allow":["GET"]}}],"collection":[{"href":"https:\/\/www.ceat.cl\/inicio\/wp-json\/wp\/v2\/posts"}],"about":[{"href":"https:\/\/www.ceat.cl\/inicio\/wp-json\/wp\/v2\/types\/post"}],"author":[{"embeddable":true,"href":"https:\/\/www.ceat.cl\/inicio\/wp-json\/wp\/v2\/users\/2"}],"replies":[{"embeddable":true,"href":"https:\/\/www.ceat.cl\/inicio\/wp-json\/wp\/v2\/comments?post=14517"}],"version-history":[{"count":4,"href":"https:\/\/www.ceat.cl\/inicio\/wp-json\/wp\/v2\/posts\/14517\/revisions"}],"predecessor-version":[{"id":14524,"href":"https:\/\/www.ceat.cl\/inicio\/wp-json\/wp\/v2\/posts\/14517\/revisions\/14524"}],"wp:featuredmedia":[{"embeddable":true,"href":"https:\/\/www.ceat.cl\/inicio\/wp-json\/wp\/v2\/media\/14520"}],"wp:attachment":[{"href":"https:\/\/www.ceat.cl\/inicio\/wp-json\/wp\/v2\/media?parent=14517"}],"wp:term":[{"taxonomy":"category","embeddable":true,"href":"https:\/\/www.ceat.cl\/inicio\/wp-json\/wp\/v2\/categories?post=14517"},{"taxonomy":"post_tag","embeddable":true,"href":"https:\/\/www.ceat.cl\/inicio\/wp-json\/wp\/v2\/tags?post=14517"}],"curies":[{"name":"wp","href":"https:\/\/api.w.org\/{rel}","templated":true}]}}