{"id":14812,"date":"2023-07-31T09:02:33","date_gmt":"2023-07-31T12:02:33","guid":{"rendered":"https:\/\/www.ceat.cl\/inicio\/?p=14812"},"modified":"2023-07-30T15:36:28","modified_gmt":"2023-07-30T18:36:28","slug":"exalumno-de-mec-industrial-comparte-su-experiencia-laboral-con-estudiantes","status":"publish","type":"post","link":"https:\/\/www.ceat.cl\/inicio\/exalumno-de-mec-industrial-comparte-su-experiencia-laboral-con-estudiantes\/","title":{"rendered":"Exalumno de Mec. Industrial comparte su experiencia laboral con estudiantes"},"content":{"rendered":"<p>[et_pb_section fb_built=\u00bb1&#8243; _builder_version=\u00bb4.21.0&#8243; _module_preset=\u00bbdefault\u00bb global_colors_info=\u00bb{}\u00bb][et_pb_row _builder_version=\u00bb4.21.0&#8243; _module_preset=\u00bbdefault\u00bb custom_margin=\u00bb5px||8px||false|false\u00bb custom_padding=\u00bb5px||||false|false\u00bb global_colors_info=\u00bb{}\u00bb][et_pb_column type=\u00bb4_4&#8243; _builder_version=\u00bb4.21.0&#8243; _module_preset=\u00bbdefault\u00bb global_colors_info=\u00bb{}\u00bb][et_pb_text _builder_version=\u00bb4.21.0&#8243; _module_preset=\u00bbdefault\u00bb text_orientation=\u00bbjustified\u00bb hover_enabled=\u00bb0&#8243; global_colors_info=\u00bb{}\u00bb sticky_enabled=\u00bb0&#8243;]<\/p>\n<p>Ex-alumnos compartiendo su experiencia, qu\u00e9 mejor manera de aprender! El viernes 28 de julio tuvimos el placer de recibir, en nuestro taller de automatizaci\u00f3n, a Cristopher Chand\u00eda, exalumno egresado de Mec\u00e1nica Industrial, quien se encuentra trabajando en <strong><span style=\"color: #993300;\"><a style=\"color: #993300;\" href=\"https:\/\/aquagen.cl\/\">aquagenchile<\/a><\/span><\/strong> , al sur de nuestro pa\u00eds. En la charla, Cristopher comparti\u00f3 con estudiantes de 4\u00ba medio E sobre oportunidades laborales en el \u00e1rea y comparti\u00f3 consejos para la vida profesional.<\/p>\n<p>\u00a1Aprendemos de los que ya recorrieron el camino!<\/p>\n<p>[\/et_pb_text][et_pb_image src=\u00bbhttps:\/\/www.ceat.cl\/inicio\/wp-content\/uploads\/2023\/07\/Exalumno-de-Meca\u0301nica-Industrial-comparte-su-experiencia-laboral-en-una-inspiradora-charla-con-estudiantes_3.jpg\u00bb title_text=\u00bbExalumno de Meca\u0301nica Industrial comparte su experiencia laboral en una inspiradora charla con estudiantes_3&#8243; _builder_version=\u00bb4.21.0&#8243; _module_preset=\u00bbdefault\u00bb box_shadow_style=\u00bbpreset2&#8243; global_colors_info=\u00bb{}\u00bb][\/et_pb_image][\/et_pb_column][\/et_pb_row][et_pb_row column_structure=\u00bb1_2,1_2&#8243; _builder_version=\u00bb4.21.0&#8243; _module_preset=\u00bbdefault\u00bb custom_margin=\u00bb5px||8px||false|false\u00bb custom_padding=\u00bb5px||||false|false\u00bb global_colors_info=\u00bb{}\u00bb][et_pb_column type=\u00bb1_2&#8243; _builder_version=\u00bb4.21.0&#8243; _module_preset=\u00bbdefault\u00bb global_colors_info=\u00bb{}\u00bb][et_pb_image src=\u00bbhttps:\/\/www.ceat.cl\/inicio\/wp-content\/uploads\/2023\/07\/Exalumno-de-Meca\u0301nica-Industrial-comparte-su-experiencia-laboral-en-una-inspiradora-charla-con-estudiantes_1.jpg\u00bb title_text=\u00bbExalumno de Meca\u0301nica Industrial comparte su experiencia laboral en una inspiradora charla con estudiantes_1&#8243; _builder_version=\u00bb4.21.0&#8243; _module_preset=\u00bbdefault\u00bb box_shadow_style=\u00bbpreset2&#8243; global_colors_info=\u00bb{}\u00bb][\/et_pb_image][\/et_pb_column][et_pb_column type=\u00bb1_2&#8243; _builder_version=\u00bb4.21.0&#8243; _module_preset=\u00bbdefault\u00bb global_colors_info=\u00bb{}\u00bb][et_pb_image src=\u00bbhttps:\/\/www.ceat.cl\/inicio\/wp-content\/uploads\/2023\/07\/Exalumno-de-Meca\u0301nica-Industrial-comparte-su-experiencia-laboral-en-una-inspiradora-charla-con-estudiantes_2.jpg\u00bb title_text=\u00bbExalumno de Meca\u0301nica Industrial comparte su experiencia laboral en una inspiradora charla con estudiantes_2&#8243; _builder_version=\u00bb4.21.0&#8243; _module_preset=\u00bbdefault\u00bb box_shadow_style=\u00bbpreset2&#8243; global_colors_info=\u00bb{}\u00bb][\/et_pb_image][\/et_pb_column][\/et_pb_row][\/et_pb_section]<\/p>\n","protected":false},"excerpt":{"rendered":"<p>Ex-alumnos compartiendo su experiencia, qu\u00e9 mejor manera de aprender! El viernes 28 de julio tuvimos el placer de recibir, en nuestro taller de automatizaci\u00f3n, a Cristopher Chand\u00eda, exalumno egresado de Mec\u00e1nica Industrial, quien se encuentra trabajando en aquagenchile , al sur de nuestro pa\u00eds. En la charla, Cristopher comparti\u00f3 con estudiantes de 4\u00ba medio E [&hellip;]<\/p>\n","protected":false},"author":2,"featured_media":14815,"comment_status":"open","ping_status":"open","sticky":false,"template":"","format":"standard","meta":{"_et_pb_use_builder":"on","_et_pb_old_content":"","_et_gb_content_width":"","footnotes":""},"categories":[5,3],"tags":[],"class_list":["post-14812","post","type-post","status-publish","format-standard","has-post-thumbnail","hentry","category-noticias","category-not-liceo"],"_links":{"self":[{"href":"https:\/\/www.ceat.cl\/inicio\/wp-json\/wp\/v2\/posts\/14812","targetHints":{"allow":["GET"]}}],"collection":[{"href":"https:\/\/www.ceat.cl\/inicio\/wp-json\/wp\/v2\/posts"}],"about":[{"href":"https:\/\/www.ceat.cl\/inicio\/wp-json\/wp\/v2\/types\/post"}],"author":[{"embeddable":true,"href":"https:\/\/www.ceat.cl\/inicio\/wp-json\/wp\/v2\/users\/2"}],"replies":[{"embeddable":true,"href":"https:\/\/www.ceat.cl\/inicio\/wp-json\/wp\/v2\/comments?post=14812"}],"version-history":[{"count":4,"href":"https:\/\/www.ceat.cl\/inicio\/wp-json\/wp\/v2\/posts\/14812\/revisions"}],"predecessor-version":[{"id":14822,"href":"https:\/\/www.ceat.cl\/inicio\/wp-json\/wp\/v2\/posts\/14812\/revisions\/14822"}],"wp:featuredmedia":[{"embeddable":true,"href":"https:\/\/www.ceat.cl\/inicio\/wp-json\/wp\/v2\/media\/14815"}],"wp:attachment":[{"href":"https:\/\/www.ceat.cl\/inicio\/wp-json\/wp\/v2\/media?parent=14812"}],"wp:term":[{"taxonomy":"category","embeddable":true,"href":"https:\/\/www.ceat.cl\/inicio\/wp-json\/wp\/v2\/categories?post=14812"},{"taxonomy":"post_tag","embeddable":true,"href":"https:\/\/www.ceat.cl\/inicio\/wp-json\/wp\/v2\/tags?post=14812"}],"curies":[{"name":"wp","href":"https:\/\/api.w.org\/{rel}","templated":true}]}}