{"id":14914,"date":"2023-08-31T16:46:34","date_gmt":"2023-08-31T19:46:34","guid":{"rendered":"https:\/\/www.ceat.cl\/inicio\/?p=14914"},"modified":"2023-08-31T16:47:12","modified_gmt":"2023-08-31T19:47:12","slug":"debut-teatro-ceat","status":"publish","type":"post","link":"https:\/\/www.ceat.cl\/inicio\/debut-teatro-ceat\/","title":{"rendered":"Debut Teatro CEAT"},"content":{"rendered":"<p>[et_pb_section fb_built=\u00bb1&#8243; _builder_version=\u00bb4.22.1&#8243; _module_preset=\u00bbdefault\u00bb global_colors_info=\u00bb{}\u00bb][et_pb_row _builder_version=\u00bb4.22.1&#8243; _module_preset=\u00bbdefault\u00bb custom_margin=\u00bb5px||8px||false|false\u00bb custom_padding=\u00bb5px||8px||false|false\u00bb global_colors_info=\u00bb{}\u00bb][et_pb_column type=\u00bb4_4&#8243; _builder_version=\u00bb4.22.1&#8243; _module_preset=\u00bbdefault\u00bb global_colors_info=\u00bb{}\u00bb][et_pb_text _builder_version=\u00bb4.22.1&#8243; _module_preset=\u00bbdefault\u00bb text_orientation=\u00bbjustified\u00bb global_colors_info=\u00bb{}\u00bb]<\/p>\n<p>El grupo de teatro CEAT hizo su debut en el escenario escolar. Encabezados por su monitora, Vivianne Salinas, este grupo de estudiantes hizo realiz\u00f3 su presentaci\u00f3n en el hall de acceso de nuestro liceo, durante el segundo recreo, entreteniendo a quienes estaban presentes o deambulaban por ese sector, instancia que cont\u00f3 con din\u00e1micas l\u00fadicas y se present\u00f3 un extracto de la obra \u201cSe\u00f1or y Se\u00f1or Smith\u201d del teatro de lo absurdo.<\/p>\n<p>La presentaci\u00f3n tuvo como prop\u00f3sito principal dar a conocer las actividades que ofrece el ACLE de Teatro para fomentar el crecimiento personal y art\u00edstico de cada estudiante. La muestra no solo fue una exhibici\u00f3n, sino tambi\u00e9n una invitaci\u00f3n abierta a todos los estudiantes a unirse al grupo y explorar su creatividad en un ambiente enriquecedor. Aquellos que acepten el desaf\u00edo tendr\u00e1n la oportunidad de aprender, crear y, lo m\u00e1s importante, el aprendizaje de trabajo en equipo.<\/p>\n<p>Los\/as estudiantes que forman parte del grupo son de reconocimiento: Pablo Soto, Dusttin Castro, Gerhart Avenda\u00f1o, Crist\u00f3bal Mar\u00edn, Ignacio Espinoza, Noem\u00ed Arriagada, Lucas Parra, Daniela Silva y Matilda Lara.<\/p>\n<p>Visita nuestro \u00e1lbum FLICKR con m\u00e1s fotograf\u00edas de la muestra de teatro <strong><span style=\"color: #993300;\"><a style=\"color: #993300;\" href=\"https:\/\/www.flickr.com\/photos\/corporacionceat\/albums\/72177720310873457\">click aqu\u00ed<\/a><\/span><\/strong><\/p>\n<p>[\/et_pb_text][\/et_pb_column][\/et_pb_row][et_pb_row _builder_version=\u00bb4.22.1&#8243; _module_preset=\u00bbdefault\u00bb custom_margin=\u00bb5px||8px||false|false\u00bb custom_padding=\u00bb5px||8px||false|false\u00bb global_colors_info=\u00bb{}\u00bb][et_pb_column type=\u00bb4_4&#8243; _builder_version=\u00bb4.22.1&#8243; _module_preset=\u00bbdefault\u00bb global_colors_info=\u00bb{}\u00bb][et_pb_image src=\u00bbhttps:\/\/www.ceat.cl\/inicio\/wp-content\/uploads\/2023\/08\/DEBUT-TEATRO-CEAT_1.jpg\u00bb title_text=\u00bbDEBUT TEATRO CEAT_1&#8243; _builder_version=\u00bb4.22.1&#8243; _module_preset=\u00bbdefault\u00bb box_shadow_style=\u00bbpreset2&#8243; global_colors_info=\u00bb{}\u00bb][\/et_pb_image][et_pb_image src=\u00bbhttps:\/\/www.ceat.cl\/inicio\/wp-content\/uploads\/2023\/08\/DEBUT-TEATRO-CEAT_2.jpg\u00bb title_text=\u00bbDEBUT TEATRO CEAT_2&#8243; _builder_version=\u00bb4.22.1&#8243; _module_preset=\u00bbdefault\u00bb box_shadow_style=\u00bbpreset2&#8243; global_colors_info=\u00bb{}\u00bb][\/et_pb_image][\/et_pb_column][\/et_pb_row][\/et_pb_section]<\/p>\n","protected":false},"excerpt":{"rendered":"<p>El grupo de teatro CEAT hizo su debut en el escenario escolar. Encabezados por su monitora, Vivianne Salinas, este grupo de estudiantes hizo realiz\u00f3 su presentaci\u00f3n en el hall de acceso de nuestro liceo, durante el segundo recreo, entreteniendo a quienes estaban presentes o deambulaban por ese sector, instancia que cont\u00f3 con din\u00e1micas l\u00fadicas y [&hellip;]<\/p>\n","protected":false},"author":2,"featured_media":14917,"comment_status":"open","ping_status":"open","sticky":false,"template":"","format":"standard","meta":{"_et_pb_use_builder":"on","_et_pb_old_content":"","_et_gb_content_width":"","footnotes":""},"categories":[5,3],"tags":[],"class_list":["post-14914","post","type-post","status-publish","format-standard","has-post-thumbnail","hentry","category-noticias","category-not-liceo"],"_links":{"self":[{"href":"https:\/\/www.ceat.cl\/inicio\/wp-json\/wp\/v2\/posts\/14914","targetHints":{"allow":["GET"]}}],"collection":[{"href":"https:\/\/www.ceat.cl\/inicio\/wp-json\/wp\/v2\/posts"}],"about":[{"href":"https:\/\/www.ceat.cl\/inicio\/wp-json\/wp\/v2\/types\/post"}],"author":[{"embeddable":true,"href":"https:\/\/www.ceat.cl\/inicio\/wp-json\/wp\/v2\/users\/2"}],"replies":[{"embeddable":true,"href":"https:\/\/www.ceat.cl\/inicio\/wp-json\/wp\/v2\/comments?post=14914"}],"version-history":[{"count":4,"href":"https:\/\/www.ceat.cl\/inicio\/wp-json\/wp\/v2\/posts\/14914\/revisions"}],"predecessor-version":[{"id":14922,"href":"https:\/\/www.ceat.cl\/inicio\/wp-json\/wp\/v2\/posts\/14914\/revisions\/14922"}],"wp:featuredmedia":[{"embeddable":true,"href":"https:\/\/www.ceat.cl\/inicio\/wp-json\/wp\/v2\/media\/14917"}],"wp:attachment":[{"href":"https:\/\/www.ceat.cl\/inicio\/wp-json\/wp\/v2\/media?parent=14914"}],"wp:term":[{"taxonomy":"category","embeddable":true,"href":"https:\/\/www.ceat.cl\/inicio\/wp-json\/wp\/v2\/categories?post=14914"},{"taxonomy":"post_tag","embeddable":true,"href":"https:\/\/www.ceat.cl\/inicio\/wp-json\/wp\/v2\/tags?post=14914"}],"curies":[{"name":"wp","href":"https:\/\/api.w.org\/{rel}","templated":true}]}}