{"id":15231,"date":"2023-10-30T20:38:28","date_gmt":"2023-10-30T23:38:28","guid":{"rendered":"https:\/\/www.ceat.cl\/inicio\/?p=15231"},"modified":"2023-10-30T20:38:31","modified_gmt":"2023-10-30T23:38:31","slug":"ceat-se-suma-al-dialogo-sobre-el-rol-de-las-mujeres-en-la-industria-regional","status":"publish","type":"post","link":"https:\/\/www.ceat.cl\/inicio\/ceat-se-suma-al-dialogo-sobre-el-rol-de-las-mujeres-en-la-industria-regional\/","title":{"rendered":"CEAT se suma al di\u00e1logo sobre el rol de las mujeres en la industria regional"},"content":{"rendered":"<p>[et_pb_section fb_built=\u00bb1&#8243; theme_builder_area=\u00bbpost_content\u00bb _builder_version=\u00bb4.22.1&#8243; _module_preset=\u00bbdefault\u00bb][et_pb_row _builder_version=\u00bb4.22.1&#8243; _module_preset=\u00bbdefault\u00bb theme_builder_area=\u00bbpost_content\u00bb custom_margin=\u00bb5px||8px||false|false\u00bb custom_padding=\u00bb5px||8px||false|false\u00bb hover_enabled=\u00bb0&#8243; sticky_enabled=\u00bb0&#8243;][et_pb_column _builder_version=\u00bb4.22.1&#8243; _module_preset=\u00bbdefault\u00bb type=\u00bb4_4&#8243; theme_builder_area=\u00bbpost_content\u00bb][et_pb_text _builder_version=\u00bb4.22.1&#8243; _module_preset=\u00bbdefault\u00bb theme_builder_area=\u00bbpost_content\u00bb text_orientation=\u00bbjustified\u00bb hover_enabled=\u00bb0&#8243; sticky_enabled=\u00bb0&#8243;]La profesora Oriana Morales, docente de la especialidad de Electr\u00f3nica de nuestro liceo, particip\u00f3 en la \u201cSegunda Jornada Mujeres en la industria: Liderazgo y transformaci\u00f3n en el Biob\u00edo\u201d, un evento que convoc\u00f3 mujeres vinculadas al sector productivo de nuestra zona.<\/p>\n<p>La jornada, organizada por la Red de asistencia Digital Fortalece PYME Biob\u00edo, programa de CORFO ejecutado por el Centro para la industria 4.0 de la Universidad de Concepci\u00f3n, se realiz\u00f3 el pasado martes 24 de octubre en el Club de Campo Bellavista. El objetivo fue generar un espacio de reflexi\u00f3n y debate sobre los desaf\u00edos y oportunidades que enfrentan las mujeres en los \u00e1mbitos industriales metalmec\u00e1nico, forestal maderero y manufacturero general.<\/p>\n<p>La profesora Oriana comparti\u00f3 su experiencia como docente, as\u00ed como tambi\u00e9n explic\u00f3 c\u00f3mo el CEAT entrega a nuestras estudiantes con competencias t\u00e9cnicas para insertarse en el mundo laboral. Asimismo, destac\u00f3 el rol del CEAT como agente de cambio e innovaci\u00f3n en la educaci\u00f3n t\u00e9cnico-profesional y en el desarrollo local desde una mirada de g\u00e9nero.[\/et_pb_text][\/et_pb_column][\/et_pb_row][et_pb_row _builder_version=\u00bb4.22.1&#8243; _module_preset=\u00bbdefault\u00bb theme_builder_area=\u00bbpost_content\u00bb custom_margin=\u00bb5px||8px||false|false\u00bb custom_padding=\u00bb5px||8px||false|false\u00bb hover_enabled=\u00bb0&#8243; sticky_enabled=\u00bb0&#8243; column_structure=\u00bb1_3,1_3,1_3&#8243;][et_pb_column _builder_version=\u00bb4.22.1&#8243; _module_preset=\u00bbdefault\u00bb type=\u00bb1_3&#8243; theme_builder_area=\u00bbpost_content\u00bb][et_pb_image _builder_version=\u00bb4.22.1&#8243; _module_preset=\u00bbdefault\u00bb theme_builder_area=\u00bbpost_content\u00bb title_text=\u00bbCEAT se suma al dia\u0301logo sobre el rol de las mujeres en la industria regional_2&#8243; src=\u00bbhttps:\/\/www.ceat.cl\/inicio\/wp-content\/uploads\/2023\/10\/CEAT-se-suma-al-dia\u0301logo-sobre-el-rol-de-las-mujeres-en-la-industria-regional_2.jpg\u00bb box_shadow_style=\u00bbpreset2&#8243; hover_enabled=\u00bb0&#8243; sticky_enabled=\u00bb0&#8243;][\/et_pb_image][\/et_pb_column][et_pb_column _builder_version=\u00bb4.22.1&#8243; _module_preset=\u00bbdefault\u00bb type=\u00bb1_3&#8243; theme_builder_area=\u00bbpost_content\u00bb][et_pb_image _builder_version=\u00bb4.22.1&#8243; _module_preset=\u00bbdefault\u00bb theme_builder_area=\u00bbpost_content\u00bb title_text=\u00bbCEAT se suma al dia\u0301logo sobre el rol de las mujeres en la industria regional_1&#8243; src=\u00bbhttps:\/\/www.ceat.cl\/inicio\/wp-content\/uploads\/2023\/10\/CEAT-se-suma-al-dia\u0301logo-sobre-el-rol-de-las-mujeres-en-la-industria-regional_1.jpg\u00bb box_shadow_style=\u00bbpreset2&#8243; hover_enabled=\u00bb0&#8243; sticky_enabled=\u00bb0&#8243;][\/et_pb_image][\/et_pb_column][et_pb_column _builder_version=\u00bb4.22.1&#8243; _module_preset=\u00bbdefault\u00bb type=\u00bb1_3&#8243; theme_builder_area=\u00bbpost_content\u00bb][et_pb_image _builder_version=\u00bb4.22.1&#8243; _module_preset=\u00bbdefault\u00bb theme_builder_area=\u00bbpost_content\u00bb title_text=\u00bbCEAT se suma al dia\u0301logo sobre el rol de las mujeres en la industria regional_3&#8243; src=\u00bbhttps:\/\/www.ceat.cl\/inicio\/wp-content\/uploads\/2023\/10\/CEAT-se-suma-al-dia\u0301logo-sobre-el-rol-de-las-mujeres-en-la-industria-regional_3.jpg\u00bb box_shadow_style=\u00bbpreset2&#8243; hover_enabled=\u00bb0&#8243; sticky_enabled=\u00bb0&#8243;][\/et_pb_image][\/et_pb_column][\/et_pb_row][et_pb_row _builder_version=\u00bb4.22.1&#8243; _module_preset=\u00bbdefault\u00bb theme_builder_area=\u00bbpost_content\u00bb custom_margin=\u00bb5px||8px||false|false\u00bb custom_padding=\u00bb5px||8px||false|false\u00bb hover_enabled=\u00bb0&#8243; sticky_enabled=\u00bb0&#8243;][et_pb_column _builder_version=\u00bb4.22.1&#8243; _module_preset=\u00bbdefault\u00bb type=\u00bb4_4&#8243; theme_builder_area=\u00bbpost_content\u00bb][et_pb_image _builder_version=\u00bb4.22.1&#8243; _module_preset=\u00bbdefault\u00bb theme_builder_area=\u00bbpost_content\u00bb title_text=\u00bbCEAT se suma al dia\u0301logo sobre el rol de las mujeres en la industria regional_4&#8243; src=\u00bbhttps:\/\/www.ceat.cl\/inicio\/wp-content\/uploads\/2023\/10\/CEAT-se-suma-al-dia\u0301logo-sobre-el-rol-de-las-mujeres-en-la-industria-regional_4.jpg\u00bb box_shadow_style=\u00bbpreset2&#8243; hover_enabled=\u00bb0&#8243; sticky_enabled=\u00bb0&#8243;][\/et_pb_image][\/et_pb_column][\/et_pb_row][\/et_pb_section]<\/p>\n","protected":false},"excerpt":{"rendered":"<p>La profesora Oriana Morales, docente de la especialidad de Electr\u00f3nica de nuestro liceo, particip\u00f3 en la \u201cSegunda Jornada Mujeres en la industria: Liderazgo y transformaci\u00f3n en el Biob\u00edo\u201d, un evento que convoc\u00f3 mujeres vinculadas al sector productivo de nuestra zona. La jornada, organizada por la Red de asistencia Digital Fortalece PYME Biob\u00edo, programa de CORFO [&hellip;]<\/p>\n","protected":false},"author":2,"featured_media":15235,"comment_status":"open","ping_status":"open","sticky":false,"template":"","format":"standard","meta":{"_et_pb_use_builder":"on","_et_pb_old_content":"","_et_gb_content_width":"","footnotes":""},"categories":[5,3],"tags":[],"class_list":["post-15231","post","type-post","status-publish","format-standard","has-post-thumbnail","hentry","category-noticias","category-not-liceo"],"_links":{"self":[{"href":"https:\/\/www.ceat.cl\/inicio\/wp-json\/wp\/v2\/posts\/15231","targetHints":{"allow":["GET"]}}],"collection":[{"href":"https:\/\/www.ceat.cl\/inicio\/wp-json\/wp\/v2\/posts"}],"about":[{"href":"https:\/\/www.ceat.cl\/inicio\/wp-json\/wp\/v2\/types\/post"}],"author":[{"embeddable":true,"href":"https:\/\/www.ceat.cl\/inicio\/wp-json\/wp\/v2\/users\/2"}],"replies":[{"embeddable":true,"href":"https:\/\/www.ceat.cl\/inicio\/wp-json\/wp\/v2\/comments?post=15231"}],"version-history":[{"count":4,"href":"https:\/\/www.ceat.cl\/inicio\/wp-json\/wp\/v2\/posts\/15231\/revisions"}],"predecessor-version":[{"id":15240,"href":"https:\/\/www.ceat.cl\/inicio\/wp-json\/wp\/v2\/posts\/15231\/revisions\/15240"}],"wp:featuredmedia":[{"embeddable":true,"href":"https:\/\/www.ceat.cl\/inicio\/wp-json\/wp\/v2\/media\/15235"}],"wp:attachment":[{"href":"https:\/\/www.ceat.cl\/inicio\/wp-json\/wp\/v2\/media?parent=15231"}],"wp:term":[{"taxonomy":"category","embeddable":true,"href":"https:\/\/www.ceat.cl\/inicio\/wp-json\/wp\/v2\/categories?post=15231"},{"taxonomy":"post_tag","embeddable":true,"href":"https:\/\/www.ceat.cl\/inicio\/wp-json\/wp\/v2\/tags?post=15231"}],"curies":[{"name":"wp","href":"https:\/\/api.w.org\/{rel}","templated":true}]}}