{"id":15262,"date":"2023-11-06T10:51:22","date_gmt":"2023-11-06T13:51:22","guid":{"rendered":"https:\/\/www.ceat.cl\/inicio\/?p=15262"},"modified":"2023-11-06T10:51:26","modified_gmt":"2023-11-06T13:51:26","slug":"nature-ando-en-la-udec","status":"publish","type":"post","link":"https:\/\/www.ceat.cl\/inicio\/nature-ando-en-la-udec\/","title":{"rendered":"Nature-Ando en la UdeC"},"content":{"rendered":"<p>[et_pb_section fb_built=\u00bb1&#8243; theme_builder_area=\u00bbpost_content\u00bb _builder_version=\u00bb4.22.1&#8243; _module_preset=\u00bbdefault\u00bb][et_pb_row _builder_version=\u00bb4.22.1&#8243; _module_preset=\u00bbdefault\u00bb theme_builder_area=\u00bbpost_content\u00bb custom_margin=\u00bb5px||8px||false|false\u00bb custom_padding=\u00bb5px||8px||false|false\u00bb hover_enabled=\u00bb0&#8243; sticky_enabled=\u00bb0&#8243;][et_pb_column _builder_version=\u00bb4.22.1&#8243; _module_preset=\u00bbdefault\u00bb type=\u00bb4_4&#8243; theme_builder_area=\u00bbpost_content\u00bb][et_pb_text _builder_version=\u00bb4.22.1&#8243; _module_preset=\u00bbdefault\u00bb theme_builder_area=\u00bbpost_content\u00bb text_orientation=\u00bbjustified\u00bb hover_enabled=\u00bb0&#8243; sticky_enabled=\u00bb0&#8243;]<\/p>\n<p>Cuarenta de nuestros\/as estudiantes participaron en el proyecto \u201cNature-Ando\u201d, donde disfrutaron de actividades al aire libre como escalada en muro, t\u00e9cnica de campamento y ejercicio f\u00edsico. Fue una oportunidad \u00fanica para conocer el campus universitario m\u00e1s importante de la regi\u00f3n y compartir con estudiantes y profesores de pedagog\u00eda en educaci\u00f3n f\u00edsica. \u00a1Mira las fotos de esta entretenida jornada, haciendo<span style=\"color: #993300;\"> <a style=\"color: #993300;\" href=\"https:\/\/www.flickr.com\/photos\/corporacionceat\/albums\/72177720312459031\">click aqu\u00ed<\/a><\/span>!<\/p>\n<p>El proyecto \u201cNature-Ando\u201d es una iniciativa del departamento de Educaci\u00f3n F\u00edsica de la Universidad de Concepci\u00f3n, que busca promover la vida sana, el cuidado del medio ambiente y el desarrollo de habilidades socioemocionales en los estudiantes de ense\u00f1anza media. Los participantes son seleccionados por su destacada participaci\u00f3n en las clases de Educaci\u00f3n F\u00edsica de sus respectivos establecimientos, en cuanto al compromiso, responsabilidad y actitud deportiva.<\/p>\n<p>[\/et_pb_text][\/et_pb_column][\/et_pb_row][et_pb_row _builder_version=\u00bb4.22.1&#8243; _module_preset=\u00bbdefault\u00bb theme_builder_area=\u00bbpost_content\u00bb custom_margin=\u00bb5px||8px||false|false\u00bb custom_padding=\u00bb5px||8px||false|false\u00bb hover_enabled=\u00bb0&#8243; sticky_enabled=\u00bb0&#8243; column_structure=\u00bb1_5,3_5,1_5&#8243;][et_pb_column _builder_version=\u00bb4.22.1&#8243; _module_preset=\u00bbdefault\u00bb type=\u00bb1_5&#8243; theme_builder_area=\u00bbpost_content\u00bb][\/et_pb_column][et_pb_column _builder_version=\u00bb4.22.1&#8243; _module_preset=\u00bbdefault\u00bb type=\u00bb3_5&#8243; theme_builder_area=\u00bbpost_content\u00bb][et_pb_image _builder_version=\u00bb4.22.1&#8243; _module_preset=\u00bbdefault\u00bb theme_builder_area=\u00bbpost_content\u00bb title_text=\u00bbNature-Ando_3&#8243; src=\u00bbhttps:\/\/www.ceat.cl\/inicio\/wp-content\/uploads\/2023\/11\/Nature-Ando_3.jpg\u00bb hover_enabled=\u00bb0&#8243; sticky_enabled=\u00bb0&#8243; box_shadow_style=\u00bbpreset2&#8243;][\/et_pb_image][\/et_pb_column][et_pb_column _builder_version=\u00bb4.22.1&#8243; _module_preset=\u00bbdefault\u00bb type=\u00bb1_5&#8243; theme_builder_area=\u00bbpost_content\u00bb][\/et_pb_column][\/et_pb_row][et_pb_row _builder_version=\u00bb4.22.1&#8243; _module_preset=\u00bbdefault\u00bb theme_builder_area=\u00bbpost_content\u00bb custom_margin=\u00bb5px||8px||false|false\u00bb custom_padding=\u00bb5px||8px||false|false\u00bb hover_enabled=\u00bb0&#8243; sticky_enabled=\u00bb0&#8243;][et_pb_column _builder_version=\u00bb4.22.1&#8243; _module_preset=\u00bbdefault\u00bb type=\u00bb4_4&#8243; theme_builder_area=\u00bbpost_content\u00bb][et_pb_text _builder_version=\u00bb4.22.1&#8243; _module_preset=\u00bbdefault\u00bb theme_builder_area=\u00bbpost_content\u00bb text_orientation=\u00bbjustified\u00bb hover_enabled=\u00bb0&#8243; sticky_enabled=\u00bb0&#8243;]<\/p>\n<p>Nuestros\/as estudiantes del Liceo CEAT fueron invitados a participar en esta actividad el pasado jueves 02 de noviembre, gracias a la coordinaci\u00f3n entre el Departamento de Ed. F\u00edsica del CEAT y los profesores Gustavo San Juan y Liliana Cuadra de la Universidad de Concepci\u00f3n. Durante la jornada, los estudiantes pudieron practicar escalada en muro, aprender t\u00e9cnicas de campamento y realizar actividad f\u00edsica al aire libre, todo bajo la supervisi\u00f3n y orientaci\u00f3n de estudiantes de pedagog\u00eda en educaci\u00f3n f\u00edsica. Adem\u00e1s, esta visita fue para muchos de ellos la oportunidad para conocer el campus universitario m\u00e1s importante de la regi\u00f3n, sus instalaciones y su oferta acad\u00e9mica.<\/p>\n<p>Desde el Liceo CEAT, felicitamos a este grupo de estudiantes y los\/as invitamos a continuar por esta senda de responsabilidad y compromiso con sus aprendizajes integrales. Esperamos tener otras instancias de esta misma naturaleza, para motivar la alegr\u00eda por la vida sana y el buen compartir, agradeciendo a la Universidad de Concepci\u00f3n por esta oportunidad colaborativa.<\/p>\n<p>[\/et_pb_text][\/et_pb_column][\/et_pb_row][et_pb_row _builder_version=\u00bb4.22.1&#8243; _module_preset=\u00bbdefault\u00bb theme_builder_area=\u00bbpost_content\u00bb custom_margin=\u00bb5px||8px||false|false\u00bb custom_padding=\u00bb5px||8px||false|false\u00bb hover_enabled=\u00bb0&#8243; sticky_enabled=\u00bb0&#8243; column_structure=\u00bb1_2,1_2&#8243;][et_pb_column _builder_version=\u00bb4.22.1&#8243; _module_preset=\u00bbdefault\u00bb type=\u00bb1_2&#8243; theme_builder_area=\u00bbpost_content\u00bb][et_pb_image _builder_version=\u00bb4.22.1&#8243; _module_preset=\u00bbdefault\u00bb theme_builder_area=\u00bbpost_content\u00bb title_text=\u00bbNature-Ando_2&#8243; src=\u00bbhttps:\/\/www.ceat.cl\/inicio\/wp-content\/uploads\/2023\/11\/Nature-Ando_2.jpg\u00bb hover_enabled=\u00bb0&#8243; sticky_enabled=\u00bb0&#8243; box_shadow_style=\u00bbpreset2&#8243;][\/et_pb_image][\/et_pb_column][et_pb_column _builder_version=\u00bb4.22.1&#8243; _module_preset=\u00bbdefault\u00bb type=\u00bb1_2&#8243; theme_builder_area=\u00bbpost_content\u00bb][et_pb_image _builder_version=\u00bb4.22.1&#8243; _module_preset=\u00bbdefault\u00bb theme_builder_area=\u00bbpost_content\u00bb title_text=\u00bbNature-Ando_1&#8243; src=\u00bbhttps:\/\/www.ceat.cl\/inicio\/wp-content\/uploads\/2023\/11\/Nature-Ando_1.jpg\u00bb hover_enabled=\u00bb0&#8243; sticky_enabled=\u00bb0&#8243; box_shadow_style=\u00bbpreset2&#8243;][\/et_pb_image][\/et_pb_column][\/et_pb_row][\/et_pb_section]<\/p>\n","protected":false},"excerpt":{"rendered":"<p>Cuarenta de nuestros\/as estudiantes participaron en el proyecto \u201cNature-Ando\u201d, donde disfrutaron de actividades al aire libre como escalada en muro, t\u00e9cnica de campamento y ejercicio f\u00edsico. Fue una oportunidad \u00fanica para conocer el campus universitario m\u00e1s importante de la regi\u00f3n y compartir con estudiantes y profesores de pedagog\u00eda en educaci\u00f3n f\u00edsica. \u00a1Mira las fotos de [&hellip;]<\/p>\n","protected":false},"author":2,"featured_media":15265,"comment_status":"open","ping_status":"open","sticky":false,"template":"","format":"standard","meta":{"_et_pb_use_builder":"on","_et_pb_old_content":"","_et_gb_content_width":"","footnotes":""},"categories":[5,3],"tags":[],"class_list":["post-15262","post","type-post","status-publish","format-standard","has-post-thumbnail","hentry","category-noticias","category-not-liceo"],"_links":{"self":[{"href":"https:\/\/www.ceat.cl\/inicio\/wp-json\/wp\/v2\/posts\/15262","targetHints":{"allow":["GET"]}}],"collection":[{"href":"https:\/\/www.ceat.cl\/inicio\/wp-json\/wp\/v2\/posts"}],"about":[{"href":"https:\/\/www.ceat.cl\/inicio\/wp-json\/wp\/v2\/types\/post"}],"author":[{"embeddable":true,"href":"https:\/\/www.ceat.cl\/inicio\/wp-json\/wp\/v2\/users\/2"}],"replies":[{"embeddable":true,"href":"https:\/\/www.ceat.cl\/inicio\/wp-json\/wp\/v2\/comments?post=15262"}],"version-history":[{"count":2,"href":"https:\/\/www.ceat.cl\/inicio\/wp-json\/wp\/v2\/posts\/15262\/revisions"}],"predecessor-version":[{"id":15268,"href":"https:\/\/www.ceat.cl\/inicio\/wp-json\/wp\/v2\/posts\/15262\/revisions\/15268"}],"wp:featuredmedia":[{"embeddable":true,"href":"https:\/\/www.ceat.cl\/inicio\/wp-json\/wp\/v2\/media\/15265"}],"wp:attachment":[{"href":"https:\/\/www.ceat.cl\/inicio\/wp-json\/wp\/v2\/media?parent=15262"}],"wp:term":[{"taxonomy":"category","embeddable":true,"href":"https:\/\/www.ceat.cl\/inicio\/wp-json\/wp\/v2\/categories?post=15262"},{"taxonomy":"post_tag","embeddable":true,"href":"https:\/\/www.ceat.cl\/inicio\/wp-json\/wp\/v2\/tags?post=15262"}],"curies":[{"name":"wp","href":"https:\/\/api.w.org\/{rel}","templated":true}]}}