{"id":15435,"date":"2023-11-27T17:49:06","date_gmt":"2023-11-27T20:49:06","guid":{"rendered":"https:\/\/www.ceat.cl\/inicio\/?p=15435"},"modified":"2023-11-27T21:11:09","modified_gmt":"2023-11-28T00:11:09","slug":"concierto-aniversario-ceat","status":"publish","type":"post","link":"https:\/\/www.ceat.cl\/inicio\/concierto-aniversario-ceat\/","title":{"rendered":"Concierto aniversario CEAT"},"content":{"rendered":"<p>[et_pb_section fb_built=\u00bb1&#8243; _builder_version=\u00bb4.22.1&#8243; _module_preset=\u00bbdefault\u00bb global_colors_info=\u00bb{}\u00bb][et_pb_row _builder_version=\u00bb4.22.1&#8243; _module_preset=\u00bbdefault\u00bb custom_margin=\u00bb5px||8px||false|false\u00bb custom_padding=\u00bb5px||8px||false|false\u00bb global_colors_info=\u00bb{}\u00bb][et_pb_column type=\u00bb4_4&#8243; _builder_version=\u00bb4.22.1&#8243; _module_preset=\u00bbdefault\u00bb global_colors_info=\u00bb{}\u00bb][et_pb_text _builder_version=\u00bb4.22.1&#8243; _module_preset=\u00bbdefault\u00bb text_orientation=\u00bbjustified\u00bb global_colors_info=\u00bb{}\u00bb]Compartimos con la comunidad educativa la publicaci\u00f3n de la Municipalidad de San Pedro de la Paz en relaci\u00f3n al Concierto aniversario \u00abCEAT 30 a\u00f1os\u00bb:<\/p>\n<p>\u00abCon un magn\u00edfico concierto el Centro Educacional de Alta Tecnolog\u00eda (CEAT) celebr\u00f3 otro a\u00f1o m\u00e1s de vida. La ceremonia realizada en el anfiteatro sampedrino fue amenizada con las excepcionales presentaciones de artistas locales, lugar donde lleg\u00f3 el alcalde Javier Gui\u00f1ez y el concejal Marcelo Bersano para acompa\u00f1ar a la comunidad educativa.<\/p>\n<p> Destacamos la labor realizada por el establecimiento durante estas tres d\u00e9cadas en servicio de la educaci\u00f3n y sue\u00f1os de los j\u00f3venes de San Pedro de la Paz <\/p>\n<p> \u00a1Felicitamos a la comunidad Ceatina por valioso trabajo en el desarrollo educativo de la comuna! \u00bb<\/p>\n<p>Fuente: @municipalidadspp &#8211; https:\/\/sanpedrodelapaz.cl\/[\/et_pb_text][\/et_pb_column][\/et_pb_row][et_pb_row column_structure=\u00bb1_2,1_2&#8243; _builder_version=\u00bb4.22.1&#8243; _module_preset=\u00bbdefault\u00bb custom_margin=\u00bb5px||8px||false|false\u00bb custom_padding=\u00bb5px||8px||false|false\u00bb global_colors_info=\u00bb{}\u00bb][et_pb_column type=\u00bb1_2&#8243; _builder_version=\u00bb4.22.1&#8243; _module_preset=\u00bbdefault\u00bb global_colors_info=\u00bb{}\u00bb][et_pb_text _builder_version=\u00bb4.22.1&#8243; _module_preset=\u00bbdefault\u00bb text_orientation=\u00bbjustified\u00bb global_colors_info=\u00bb{}\u00bb]<\/p>\n<p>En este contexto, el pasado 16 de noviembre nuestro Director junto a Gianina D&#8217;Angelo estuvieron presentes en el matinal del Canal 9 Regional, \u00abNuestra Casa\u00bb, en donde realizaron una invitaci\u00f3n a todo el p\u00fablico para asistir al concierto.<\/p>\n<p>Te invitamos a recordar su visita a \u00abNuestra Casa\u00bb en el siguiente link: <strong><span style=\"color: #993300;\"><a style=\"color: #993300;\" href=\"https:\/\/youtu.be\/nTica_KVytk?si=gxYAbWhBr2xpJYut\">https:\/\/youtu.be\/nTica_KVytk?si=gxYAbWhBr2xpJYut<\/a><\/span><\/strong><\/p>\n<p>[\/et_pb_text][\/et_pb_column][et_pb_column type=\u00bb1_2&#8243; _builder_version=\u00bb4.22.1&#8243; _module_preset=\u00bbdefault\u00bb global_colors_info=\u00bb{}\u00bb][et_pb_text _builder_version=\u00bb4.22.1&#8243; _module_preset=\u00bbdefault\u00bb global_colors_info=\u00bb{}\u00bb]<iframe loading=\"lazy\" width=\"560\" height=\"315\" src=\"https:\/\/www.youtube.com\/embed\/nTica_KVytk?si=mwXjJOGx46Ol1WLZ\" title=\"YouTube video player\" frameborder=\"0\" allow=\"accelerometer; autoplay; clipboard-write; encrypted-media; gyroscope; picture-in-picture; web-share\" allowfullscreen><\/iframe>[\/et_pb_text][\/et_pb_column][\/et_pb_row][et_pb_row _builder_version=\u00bb4.22.1&#8243; _module_preset=\u00bbdefault\u00bb custom_margin=\u00bb5px||8px||false|false\u00bb custom_padding=\u00bb5px||8px||false|false\u00bb global_colors_info=\u00bb{}\u00bb][et_pb_column type=\u00bb4_4&#8243; _builder_version=\u00bb4.22.1&#8243; _module_preset=\u00bbdefault\u00bb global_colors_info=\u00bb{}\u00bb][et_pb_image src=\u00bbhttps:\/\/www.ceat.cl\/inicio\/wp-content\/uploads\/2023\/11\/Concierto-aniversario-ceart-2023_3.jpg\u00bb title_text=\u00bbConcierto aniversario ceart 2023_3&#8243; _builder_version=\u00bb4.22.1&#8243; _module_preset=\u00bbdefault\u00bb box_shadow_style=\u00bbpreset2&#8243; global_colors_info=\u00bb{}\u00bb][\/et_pb_image][et_pb_image src=\u00bbhttps:\/\/www.ceat.cl\/inicio\/wp-content\/uploads\/2023\/11\/Concierto-aniversario-ceart-2023_4.jpg\u00bb title_text=\u00bbConcierto aniversario ceart 2023_4&#8243; _builder_version=\u00bb4.22.1&#8243; _module_preset=\u00bbdefault\u00bb box_shadow_style=\u00bbpreset2&#8243; global_colors_info=\u00bb{}\u00bb][\/et_pb_image][et_pb_image src=\u00bbhttps:\/\/www.ceat.cl\/inicio\/wp-content\/uploads\/2023\/11\/Concierto-aniversario-ceart-2023_2.jpg\u00bb title_text=\u00bbConcierto aniversario ceart 2023_2&#8243; _builder_version=\u00bb4.22.1&#8243; _module_preset=\u00bbdefault\u00bb box_shadow_style=\u00bbpreset2&#8243; global_colors_info=\u00bb{}\u00bb][\/et_pb_image][et_pb_image src=\u00bbhttps:\/\/www.ceat.cl\/inicio\/wp-content\/uploads\/2023\/11\/Concierto-aniversario-ceart-2023_1.jpg\u00bb title_text=\u00bbConcierto aniversario ceart 2023_1&#8243; _builder_version=\u00bb4.22.1&#8243; _module_preset=\u00bbdefault\u00bb box_shadow_style=\u00bbpreset2&#8243; global_colors_info=\u00bb{}\u00bb][\/et_pb_image][\/et_pb_column][\/et_pb_row][\/et_pb_section]<\/p>\n","protected":false},"excerpt":{"rendered":"<p>Compartimos con la comunidad educativa la publicaci\u00f3n de la Municipalidad de San Pedro de la Paz en relaci\u00f3n al Concierto aniversario \u00abCEAT 30 a\u00f1os\u00bb: \u00abCon un magn\u00edfico concierto el Centro Educacional de Alta Tecnolog\u00eda (CEAT) celebr\u00f3 otro a\u00f1o m\u00e1s de vida. La ceremonia realizada en el anfiteatro sampedrino fue amenizada con las excepcionales presentaciones de [&hellip;]<\/p>\n","protected":false},"author":2,"featured_media":15438,"comment_status":"open","ping_status":"open","sticky":false,"template":"","format":"standard","meta":{"_et_pb_use_builder":"on","_et_pb_old_content":"","_et_gb_content_width":"","footnotes":""},"categories":[5,3],"tags":[],"class_list":["post-15435","post","type-post","status-publish","format-standard","has-post-thumbnail","hentry","category-noticias","category-not-liceo"],"_links":{"self":[{"href":"https:\/\/www.ceat.cl\/inicio\/wp-json\/wp\/v2\/posts\/15435","targetHints":{"allow":["GET"]}}],"collection":[{"href":"https:\/\/www.ceat.cl\/inicio\/wp-json\/wp\/v2\/posts"}],"about":[{"href":"https:\/\/www.ceat.cl\/inicio\/wp-json\/wp\/v2\/types\/post"}],"author":[{"embeddable":true,"href":"https:\/\/www.ceat.cl\/inicio\/wp-json\/wp\/v2\/users\/2"}],"replies":[{"embeddable":true,"href":"https:\/\/www.ceat.cl\/inicio\/wp-json\/wp\/v2\/comments?post=15435"}],"version-history":[{"count":4,"href":"https:\/\/www.ceat.cl\/inicio\/wp-json\/wp\/v2\/posts\/15435\/revisions"}],"predecessor-version":[{"id":15453,"href":"https:\/\/www.ceat.cl\/inicio\/wp-json\/wp\/v2\/posts\/15435\/revisions\/15453"}],"wp:featuredmedia":[{"embeddable":true,"href":"https:\/\/www.ceat.cl\/inicio\/wp-json\/wp\/v2\/media\/15438"}],"wp:attachment":[{"href":"https:\/\/www.ceat.cl\/inicio\/wp-json\/wp\/v2\/media?parent=15435"}],"wp:term":[{"taxonomy":"category","embeddable":true,"href":"https:\/\/www.ceat.cl\/inicio\/wp-json\/wp\/v2\/categories?post=15435"},{"taxonomy":"post_tag","embeddable":true,"href":"https:\/\/www.ceat.cl\/inicio\/wp-json\/wp\/v2\/tags?post=15435"}],"curies":[{"name":"wp","href":"https:\/\/api.w.org\/{rel}","templated":true}]}}