{"id":15568,"date":"2023-12-08T14:29:37","date_gmt":"2023-12-08T17:29:37","guid":{"rendered":"https:\/\/www.ceat.cl\/inicio\/?p=15568"},"modified":"2023-12-08T14:35:06","modified_gmt":"2023-12-08T17:35:06","slug":"celebrando-el-logro-de-nuestros-nuevos-profesionales","status":"publish","type":"post","link":"https:\/\/www.ceat.cl\/inicio\/celebrando-el-logro-de-nuestros-nuevos-profesionales\/","title":{"rendered":"\u00a1Celebrando el Logro de Nuestros Nuevos Profesionales!"},"content":{"rendered":"<p>[et_pb_section fb_built=\u00bb1&#8243; _builder_version=\u00bb4.22.1&#8243; _module_preset=\u00bbdefault\u00bb global_colors_info=\u00bb{}\u00bb][et_pb_row _builder_version=\u00bb4.22.1&#8243; _module_preset=\u00bbdefault\u00bb custom_margin=\u00bb5px||8px||false|false\u00bb custom_padding=\u00bb5px||8px||false|false\u00bb global_colors_info=\u00bb{}\u00bb][et_pb_column type=\u00bb4_4&#8243; _builder_version=\u00bb4.22.1&#8243; _module_preset=\u00bbdefault\u00bb global_colors_info=\u00bb{}\u00bb][et_pb_text _builder_version=\u00bb4.22.1&#8243; _module_preset=\u00bbdefault\u00bb text_orientation=\u00bbjustified\u00bb hover_enabled=\u00bb0&#8243; global_colors_info=\u00bb{}\u00bb sticky_enabled=\u00bb0&#8243;]<\/p>\n<p>El pasado 30 de noviembre, el Liceo Mauricio Hochschild del CEAT vivi\u00f3 un momento de orgullo al llevar a cabo las ceremonias de Titulaci\u00f3n 2023. Un total de 3791 estudiantes suman, tras estas ceremonias, con los merecidos t\u00edtulos que acreditan su calidad como T\u00e9cnicos, luego de haber completado satisfactoriamente el plan curricular.<\/p>\n<p>La emotiva ceremonia cont\u00f3 con discursos inspiradores de destacados exalumnos que han brillado en el \u00e1mbito laboral. En el \u00e1rea el\u00e9ctrica, el honor de dirigir la palabra recay\u00f3 en el Se\u00f1or Nicol\u00e1s \u00c1lvarez Mellado, T\u00e9cnico en Electr\u00f3nica titulado en 2010 y actual propietario y fundador de la exitosa empresa Comercializadora AYB, especializada en Asesor\u00eda y Desarrollo de Proyectos de Ingenier\u00eda. En el \u00e1rea mec\u00e1nica, el Se\u00f1or Kevin \u00c1lvarez Saavedra, T\u00e9cnico en Mec\u00e1nica Industrial titulado en 2015, comparti\u00f3 su experiencia como Encargado de Calidad en la prestigiosa Maestranza TRASOL desde enero de 2019.<\/p>\n<p>Tras la entrega de los t\u00edtulos, lleg\u00f3 el momento de reconocer a quienes destacaron por representar los ideales de formaci\u00f3n de nuestro liceo. Las DISTINCIONES CONSEJO ASESOR Empresarial de la Corporaci\u00f3n Centro Educacional de Alta Tecnolog\u00eda fueron otorgadas a los reci\u00e9n titulados que sobresalieron en cada especialidad:<\/p>\n<p>Mec\u00e1nica Industrial, menci\u00f3n Mantenimiento Electromec\u00e1nico: Se\u00f1or Sebastian Bravo Su\u00e1rez.<br \/>Mec\u00e1nica Industrial, menci\u00f3n M\u00e1quinas Herramientas: Se\u00f1or Alex Zambrano Carrillo.<br \/>Mec\u00e1nica Automotriz: Se\u00f1or Gerardo Barrera Barrera.<br \/>Electricidad: Se\u00f1orita Constanza Beltr\u00e1n Baeza.<br \/>Electr\u00f3nica: Se\u00f1orita Monserrat P\u00e9rez Fuentes.<br \/>Telecomunicaciones: Se\u00f1or Nicol\u00e1s Jerez Lillo.<\/p>\n<p>\u00a1Felicidades a todos\/as los\/as reci\u00e9n titulados! Les deseamos una vida llena de prosperidad y \u00e9xito en sus futuras carreras profesionales.<\/p>\n<p>\u00a1Revive los emocionantes momentos de la Titulaci\u00f3n 2023! Haz clic en los enlaces para disfrutar de m\u00e1s fotograf\u00edas:<br \/>\ud835\uddd9\ud835\uddfc\ud835\ude01\ud835\uddfc\ud835\ude00 TITULACI\u00d3N \ud835\uddee\u0301\ud835\uddff\ud835\uddf2\ud835\uddee \ud835\uddf2\ud835\uddf9\ud835\uddf2\u0301\ud835\uddf0\ud835\ude01\ud835\uddff\ud835\uddf6\ud835\uddf0\ud835\uddee<br \/><span style=\"color: #993300;\"><a style=\"color: #993300;\" href=\"https:\/\/www.flickr.com\/photos\/corporacionceat\/albums\/72177720313227798\/\">https:\/\/www.flickr.com\/photos\/corporacionceat\/albums\/72177720313227798\/<\/a><\/span><br \/>\ud835\uddd9\ud835\uddfc\ud835\ude01\ud835\uddfc\ud835\ude00 TITULACI\u00d3N \ud835\uddee\u0301\ud835\uddff\ud835\uddf2\ud835\uddee \ud835\udde0\ud835\uddf2\ud835\uddf0\ud835\uddee\u0301\ud835\uddfb\ud835\uddf6\ud835\uddf0\ud835\uddee<br \/><span style=\"color: #993300;\">https:\/\/www.flickr.com\/photos\/corporacionceat\/albums\/72177720313217766<\/span><\/p>\n<p>[\/et_pb_text][\/et_pb_column][\/et_pb_row][et_pb_row column_structure=\u00bb1_2,1_2&#8243; _builder_version=\u00bb4.22.1&#8243; _module_preset=\u00bbdefault\u00bb custom_margin=\u00bb5px||8px||false|false\u00bb custom_padding=\u00bb5px||8px||false|false\u00bb global_colors_info=\u00bb{}\u00bb][et_pb_column type=\u00bb1_2&#8243; _builder_version=\u00bb4.22.1&#8243; _module_preset=\u00bbdefault\u00bb global_colors_info=\u00bb{}\u00bb][et_pb_image src=\u00bbhttps:\/\/www.ceat.cl\/inicio\/wp-content\/uploads\/2023\/12\/\u00a1Celebrando-el-Logro-de-Nuestros-Nuevos-Profesionales-ceremonias-de-titulacio\u0301n-2023_2.jpg\u00bb title_text=\u00bb\u00a1Celebrando el Logro de Nuestros Nuevos Profesionales! ceremonias de titulacio\u0301n 2023_2&#8243; _builder_version=\u00bb4.22.1&#8243; _module_preset=\u00bbdefault\u00bb box_shadow_style=\u00bbpreset2&#8243; global_colors_info=\u00bb{}\u00bb][\/et_pb_image][\/et_pb_column][et_pb_column type=\u00bb1_2&#8243; _builder_version=\u00bb4.22.1&#8243; _module_preset=\u00bbdefault\u00bb global_colors_info=\u00bb{}\u00bb][et_pb_image src=\u00bbhttps:\/\/www.ceat.cl\/inicio\/wp-content\/uploads\/2023\/12\/\u00a1Celebrando-el-Logro-de-Nuestros-Nuevos-Profesionales-ceremonias-de-titulacio\u0301n-2023_3.jpg\u00bb title_text=\u00bb\u00a1Celebrando el Logro de Nuestros Nuevos Profesionales! ceremonias de titulacio\u0301n 2023_3&#8243; _builder_version=\u00bb4.22.1&#8243; _module_preset=\u00bbdefault\u00bb box_shadow_style=\u00bbpreset2&#8243; global_colors_info=\u00bb{}\u00bb][\/et_pb_image][\/et_pb_column][\/et_pb_row][et_pb_row _builder_version=\u00bb4.22.1&#8243; _module_preset=\u00bbdefault\u00bb custom_margin=\u00bb5px||8px||false|false\u00bb custom_padding=\u00bb5px||8px||false|false\u00bb global_colors_info=\u00bb{}\u00bb][et_pb_column type=\u00bb4_4&#8243; _builder_version=\u00bb4.22.1&#8243; _module_preset=\u00bbdefault\u00bb global_colors_info=\u00bb{}\u00bb][et_pb_image src=\u00bbhttps:\/\/www.ceat.cl\/inicio\/wp-content\/uploads\/2023\/12\/\u00a1Celebrando-el-Logro-de-Nuestros-Nuevos-Profesionales-ceremonias-de-titulacio\u0301n-2023_4.jpg\u00bb title_text=\u00bb\u00a1Celebrando el Logro de Nuestros Nuevos Profesionales! ceremonias de titulacio\u0301n 2023_4&#8243; _builder_version=\u00bb4.22.1&#8243; _module_preset=\u00bbdefault\u00bb box_shadow_style=\u00bbpreset2&#8243; global_colors_info=\u00bb{}\u00bb][\/et_pb_image][et_pb_image src=\u00bbhttps:\/\/www.ceat.cl\/inicio\/wp-content\/uploads\/2023\/12\/\u00a1Celebrando-el-Logro-de-Nuestros-Nuevos-Profesionales-ceremonias-de-titulacio\u0301n-2023_5.jpg\u00bb title_text=\u00bb\u00a1Celebrando el Logro de Nuestros Nuevos Profesionales! ceremonias de titulacio\u0301n 2023_5&#8243; _builder_version=\u00bb4.22.1&#8243; _module_preset=\u00bbdefault\u00bb box_shadow_style=\u00bbpreset2&#8243; global_colors_info=\u00bb{}\u00bb][\/et_pb_image][\/et_pb_column][\/et_pb_row][\/et_pb_section]<\/p>\n","protected":false},"excerpt":{"rendered":"<p>El pasado 30 de noviembre, el Liceo Mauricio Hochschild del CEAT vivi\u00f3 un momento de orgullo al llevar a cabo las ceremonias de Titulaci\u00f3n 2023. Un total de 3791 estudiantes suman, tras estas ceremonias, con los merecidos t\u00edtulos que acreditan su calidad como T\u00e9cnicos, luego de haber completado satisfactoriamente el plan curricular. La emotiva ceremonia [&hellip;]<\/p>\n","protected":false},"author":2,"featured_media":15571,"comment_status":"open","ping_status":"open","sticky":false,"template":"","format":"standard","meta":{"_et_pb_use_builder":"on","_et_pb_old_content":"","_et_gb_content_width":"","footnotes":""},"categories":[5,3],"tags":[],"class_list":["post-15568","post","type-post","status-publish","format-standard","has-post-thumbnail","hentry","category-noticias","category-not-liceo"],"_links":{"self":[{"href":"https:\/\/www.ceat.cl\/inicio\/wp-json\/wp\/v2\/posts\/15568","targetHints":{"allow":["GET"]}}],"collection":[{"href":"https:\/\/www.ceat.cl\/inicio\/wp-json\/wp\/v2\/posts"}],"about":[{"href":"https:\/\/www.ceat.cl\/inicio\/wp-json\/wp\/v2\/types\/post"}],"author":[{"embeddable":true,"href":"https:\/\/www.ceat.cl\/inicio\/wp-json\/wp\/v2\/users\/2"}],"replies":[{"embeddable":true,"href":"https:\/\/www.ceat.cl\/inicio\/wp-json\/wp\/v2\/comments?post=15568"}],"version-history":[{"count":3,"href":"https:\/\/www.ceat.cl\/inicio\/wp-json\/wp\/v2\/posts\/15568\/revisions"}],"predecessor-version":[{"id":15579,"href":"https:\/\/www.ceat.cl\/inicio\/wp-json\/wp\/v2\/posts\/15568\/revisions\/15579"}],"wp:featuredmedia":[{"embeddable":true,"href":"https:\/\/www.ceat.cl\/inicio\/wp-json\/wp\/v2\/media\/15571"}],"wp:attachment":[{"href":"https:\/\/www.ceat.cl\/inicio\/wp-json\/wp\/v2\/media?parent=15568"}],"wp:term":[{"taxonomy":"category","embeddable":true,"href":"https:\/\/www.ceat.cl\/inicio\/wp-json\/wp\/v2\/categories?post=15568"},{"taxonomy":"post_tag","embeddable":true,"href":"https:\/\/www.ceat.cl\/inicio\/wp-json\/wp\/v2\/tags?post=15568"}],"curies":[{"name":"wp","href":"https:\/\/api.w.org\/{rel}","templated":true}]}}