{"id":15696,"date":"2024-02-20T19:30:52","date_gmt":"2024-02-20T22:30:52","guid":{"rendered":"https:\/\/www.ceat.cl\/inicio\/?p=15696"},"modified":"2024-02-20T19:31:42","modified_gmt":"2024-02-20T22:31:42","slug":"inicio-de-clases-2024","status":"publish","type":"post","link":"https:\/\/www.ceat.cl\/inicio\/inicio-de-clases-2024\/","title":{"rendered":"Inicio de clases 2024"},"content":{"rendered":"<p>[et_pb_section fb_built=\u00bb1&#8243; _builder_version=\u00bb4.22.1&#8243; _module_preset=\u00bbdefault\u00bb global_colors_info=\u00bb{}\u00bb][et_pb_row _builder_version=\u00bb4.22.1&#8243; _module_preset=\u00bbdefault\u00bb custom_margin=\u00bb5px||8px||false|false\u00bb custom_padding=\u00bb5px||8px||false|false\u00bb global_colors_info=\u00bb{}\u00bb][et_pb_column type=\u00bb4_4&#8243; _builder_version=\u00bb4.22.1&#8243; _module_preset=\u00bbdefault\u00bb global_colors_info=\u00bb{}\u00bb][et_pb_text _builder_version=\u00bb4.22.1&#8243; _module_preset=\u00bbdefault\u00bb text_orientation=\u00bbjustified\u00bb global_colors_info=\u00bb{}\u00bb]El pr\u00f3ximo martes 5 de marzo de 2024 marca el comienzo del nuevo a\u00f1o escolar a las 8:30 de la ma\u00f1ana para todos los niveles en nuestro liceo. Las listas de los cursos de 1\u00ba y 3\u00ba medio estar\u00e1n disponibles tanto en la porter\u00eda como en el hall de ingreso.<\/p>\n<p>El primer d\u00eda de clases, se entregar\u00e1 a los\/as estudiantes los horarios de sus respectivos cursos. Es importante destacar que estos horarios podr\u00edan experimentar ajustes en el transcurso del mes de marzo. El horario de salida ser\u00e1 a las 13:00 horas. <\/p>\n<p>A partir del mi\u00e9rcoles 6 de marzo, la jornada escolar inicia a las 8 de la ma\u00f1ana y su t\u00e9rmino variar\u00e1 de acuerdo al horario espec\u00edfico entregado a cada curso.[\/et_pb_text][\/et_pb_column][\/et_pb_row][et_pb_row column_structure=\u00bb1_4,1_2,1_4&#8243; _builder_version=\u00bb4.22.1&#8243; _module_preset=\u00bbdefault\u00bb custom_margin=\u00bb5px||8px||false|false\u00bb custom_padding=\u00bb5px||8px||false|false\u00bb global_colors_info=\u00bb{}\u00bb][et_pb_column type=\u00bb1_4&#8243; _builder_version=\u00bb4.22.1&#8243; _module_preset=\u00bbdefault\u00bb global_colors_info=\u00bb{}\u00bb][\/et_pb_column][et_pb_column type=\u00bb1_2&#8243; _builder_version=\u00bb4.22.1&#8243; _module_preset=\u00bbdefault\u00bb global_colors_info=\u00bb{}\u00bb][et_pb_image src=\u00bbhttps:\/\/www.ceat.cl\/inicio\/wp-content\/uploads\/2024\/02\/Regreso-a-clases-Moderno-Amarillo.jpeg\u00bb title_text=\u00bbRegreso a clases Moderno Amarillo\u00bb _builder_version=\u00bb4.22.1&#8243; _module_preset=\u00bbdefault\u00bb global_colors_info=\u00bb{}\u00bb][\/et_pb_image][\/et_pb_column][et_pb_column type=\u00bb1_4&#8243; _builder_version=\u00bb4.22.1&#8243; _module_preset=\u00bbdefault\u00bb global_colors_info=\u00bb{}\u00bb][\/et_pb_column][\/et_pb_row][\/et_pb_section]<\/p>\n","protected":false},"excerpt":{"rendered":"<p>El pr\u00f3ximo martes 5 de marzo de 2024 marca el comienzo del nuevo a\u00f1o escolar a las 8:30 de la ma\u00f1ana para todos los niveles en nuestro liceo. Las listas de los cursos de 1\u00ba y 3\u00ba medio estar\u00e1n disponibles tanto en la porter\u00eda como en el hall de ingreso. El primer d\u00eda de clases, [&hellip;]<\/p>\n","protected":false},"author":2,"featured_media":13697,"comment_status":"open","ping_status":"open","sticky":false,"template":"","format":"standard","meta":{"_et_pb_use_builder":"on","_et_pb_old_content":"","_et_gb_content_width":"","footnotes":""},"categories":[5,3],"tags":[],"class_list":["post-15696","post","type-post","status-publish","format-standard","has-post-thumbnail","hentry","category-noticias","category-not-liceo"],"_links":{"self":[{"href":"https:\/\/www.ceat.cl\/inicio\/wp-json\/wp\/v2\/posts\/15696","targetHints":{"allow":["GET"]}}],"collection":[{"href":"https:\/\/www.ceat.cl\/inicio\/wp-json\/wp\/v2\/posts"}],"about":[{"href":"https:\/\/www.ceat.cl\/inicio\/wp-json\/wp\/v2\/types\/post"}],"author":[{"embeddable":true,"href":"https:\/\/www.ceat.cl\/inicio\/wp-json\/wp\/v2\/users\/2"}],"replies":[{"embeddable":true,"href":"https:\/\/www.ceat.cl\/inicio\/wp-json\/wp\/v2\/comments?post=15696"}],"version-history":[{"count":5,"href":"https:\/\/www.ceat.cl\/inicio\/wp-json\/wp\/v2\/posts\/15696\/revisions"}],"predecessor-version":[{"id":15704,"href":"https:\/\/www.ceat.cl\/inicio\/wp-json\/wp\/v2\/posts\/15696\/revisions\/15704"}],"wp:featuredmedia":[{"embeddable":true,"href":"https:\/\/www.ceat.cl\/inicio\/wp-json\/wp\/v2\/media\/13697"}],"wp:attachment":[{"href":"https:\/\/www.ceat.cl\/inicio\/wp-json\/wp\/v2\/media?parent=15696"}],"wp:term":[{"taxonomy":"category","embeddable":true,"href":"https:\/\/www.ceat.cl\/inicio\/wp-json\/wp\/v2\/categories?post=15696"},{"taxonomy":"post_tag","embeddable":true,"href":"https:\/\/www.ceat.cl\/inicio\/wp-json\/wp\/v2\/tags?post=15696"}],"curies":[{"name":"wp","href":"https:\/\/api.w.org\/{rel}","templated":true}]}}