{"id":15718,"date":"2024-03-12T16:28:44","date_gmt":"2024-03-12T19:28:44","guid":{"rendered":"https:\/\/www.ceat.cl\/inicio\/?p=15718"},"modified":"2024-03-12T16:28:47","modified_gmt":"2024-03-12T19:28:47","slug":"conmemoracion-8m-en-la-biblioteca-ceat","status":"publish","type":"post","link":"https:\/\/www.ceat.cl\/inicio\/conmemoracion-8m-en-la-biblioteca-ceat\/","title":{"rendered":"Conmemoraci\u00f3n 8M en la biblioteca CEAT"},"content":{"rendered":"<p>[et_pb_section fb_built=\u00bb1&#8243; theme_builder_area=\u00bbpost_content\u00bb _builder_version=\u00bb4.22.1&#8243; _module_preset=\u00bbdefault\u00bb][et_pb_row _builder_version=\u00bb4.22.1&#8243; _module_preset=\u00bbdefault\u00bb theme_builder_area=\u00bbpost_content\u00bb custom_margin=\u00bb5px||8px||false|false\u00bb custom_padding=\u00bb5px||8px||false|false\u00bb hover_enabled=\u00bb0&#8243; sticky_enabled=\u00bb0&#8243;][et_pb_column _builder_version=\u00bb4.22.1&#8243; _module_preset=\u00bbdefault\u00bb type=\u00bb4_4&#8243; theme_builder_area=\u00bbpost_content\u00bb][et_pb_text _builder_version=\u00bb4.22.1&#8243; _module_preset=\u00bbdefault\u00bb theme_builder_area=\u00bbpost_content\u00bb text_orientation=\u00bbjustified\u00bb hover_enabled=\u00bb0&#8243; sticky_enabled=\u00bb0&#8243;]El viernes 8 de marzo, en el marco de las acciones preparadas por nuestra instituci\u00f3n en conmemoraci\u00f3n del D\u00eda Internacional de la Mujer, se realiz\u00f3 en la Biblioteca-CRA una actividad que consisti\u00f3 en la entrega a nuestras visitantes de un marcap\u00e1ginas con mujeres destacadas de la zona, especialmente de San Pedro de la Paz, donde estamos instalados desde hace 30 a\u00f1os.<\/p>\n<p>El equipo de la Biblioteca, en dif\u00edcil decisi\u00f3n, se qued\u00f3 con las siguientes destacadas mujeres:<\/p>\n<p>&#8211; Luz Marina Vergara Carrasco, profesora UCSC, exprofesora CEAT, actriz y escritora.<br \/>\n&#8211; Melita y Antonia Abraham Sch\u00fcssler, deportistas sampedrinas de Remo con m\u00e1s medallas panamericanas.<br \/>\n&#8211; Susana Matus Fredericksen, armadora, pescadora artesanal y dirigente sindical.<br \/>\n&#8211; Claudia Pino Saravia, Directora y Fundadora del Festival Internacional de Cine de Lebu.<br \/>\n&#8211; Consuelo Hermosilla, Directora de Fundaci\u00f3n Antonia, madre de Antonia Garros (QEPD)<br \/>\n&#8211; Ester Roa Rebolledo, primera alcaldesa de Concepci\u00f3n.<\/p>\n<p>Dispusimos libros para que pudieran solicitar con plazo ampliado hasta el 1 de abril.  Entre los que eligieron est\u00e1n: Gambito de dama, Los miserables, Poemas franceses, Cinder, Crep\u00fasculo, Mujeres modernas de Chile, Cal\u00edope, Afrodita, Cuentos de buenas noches para ni\u00f1as rebeldes, Las lobas de oto\u00f1o, Eclipse y Dolores Clairbone.[\/et_pb_text][\/et_pb_column][\/et_pb_row][et_pb_row _builder_version=\u00bb4.22.1&#8243; _module_preset=\u00bbdefault\u00bb theme_builder_area=\u00bbpost_content\u00bb custom_margin=\u00bb5px||8px||false|false\u00bb custom_padding=\u00bb5px||8px||false|false\u00bb hover_enabled=\u00bb0&#8243; sticky_enabled=\u00bb0&#8243; column_structure=\u00bb1_3,1_3,1_3&#8243;][et_pb_column _builder_version=\u00bb4.22.1&#8243; _module_preset=\u00bbdefault\u00bb type=\u00bb1_3&#8243; theme_builder_area=\u00bbpost_content\u00bb][et_pb_image _builder_version=\u00bb4.22.1&#8243; _module_preset=\u00bbdefault\u00bb theme_builder_area=\u00bbpost_content\u00bb title_text=\u00bb8M en la biblioteca CEAT_1&#8243; src=\u00bbhttps:\/\/www.ceat.cl\/inicio\/wp-content\/uploads\/2024\/03\/8M-en-la-biblioteca-CEAT_1.jpg\u00bb box_shadow_style=\u00bbpreset2&#8243; hover_enabled=\u00bb0&#8243; sticky_enabled=\u00bb0&#8243;][\/et_pb_image][\/et_pb_column][et_pb_column _builder_version=\u00bb4.22.1&#8243; _module_preset=\u00bbdefault\u00bb type=\u00bb1_3&#8243; theme_builder_area=\u00bbpost_content\u00bb][et_pb_image _builder_version=\u00bb4.22.1&#8243; _module_preset=\u00bbdefault\u00bb theme_builder_area=\u00bbpost_content\u00bb title_text=\u00bb8M en la biblioteca CEAT_2&#8243; src=\u00bbhttps:\/\/www.ceat.cl\/inicio\/wp-content\/uploads\/2024\/03\/8M-en-la-biblioteca-CEAT_2.jpg\u00bb box_shadow_style=\u00bbpreset2&#8243; hover_enabled=\u00bb0&#8243; sticky_enabled=\u00bb0&#8243;][\/et_pb_image][\/et_pb_column][et_pb_column _builder_version=\u00bb4.22.1&#8243; _module_preset=\u00bbdefault\u00bb type=\u00bb1_3&#8243; theme_builder_area=\u00bbpost_content\u00bb][et_pb_image _builder_version=\u00bb4.22.1&#8243; _module_preset=\u00bbdefault\u00bb theme_builder_area=\u00bbpost_content\u00bb title_text=\u00bb8M en la biblioteca CEAT_3&#8243; src=\u00bbhttps:\/\/www.ceat.cl\/inicio\/wp-content\/uploads\/2024\/03\/8M-en-la-biblioteca-CEAT_3.jpg\u00bb box_shadow_style=\u00bbpreset2&#8243; hover_enabled=\u00bb0&#8243; sticky_enabled=\u00bb0&#8243;][\/et_pb_image][\/et_pb_column][\/et_pb_row][et_pb_row _builder_version=\u00bb4.22.1&#8243; _module_preset=\u00bbdefault\u00bb theme_builder_area=\u00bbpost_content\u00bb custom_margin=\u00bb5px||8px||false|false\u00bb custom_padding=\u00bb5px||8px||false|false\u00bb hover_enabled=\u00bb0&#8243; sticky_enabled=\u00bb0&#8243;][et_pb_column _builder_version=\u00bb4.22.1&#8243; _module_preset=\u00bbdefault\u00bb type=\u00bb4_4&#8243; theme_builder_area=\u00bbpost_content\u00bb][et_pb_image _builder_version=\u00bb4.22.1&#8243; _module_preset=\u00bbdefault\u00bb theme_builder_area=\u00bbpost_content\u00bb title_text=\u00bb8M en la biblioteca CEAT_4&#8243; src=\u00bbhttps:\/\/www.ceat.cl\/inicio\/wp-content\/uploads\/2024\/03\/8M-en-la-biblioteca-CEAT_4-scaled.jpg\u00bb box_shadow_style=\u00bbpreset2&#8243; hover_enabled=\u00bb0&#8243; sticky_enabled=\u00bb0&#8243;][\/et_pb_image][\/et_pb_column][\/et_pb_row][\/et_pb_section]<\/p>\n","protected":false},"excerpt":{"rendered":"<p>El viernes 8 de marzo, en el marco de las acciones preparadas por nuestra instituci\u00f3n en conmemoraci\u00f3n del D\u00eda Internacional de la Mujer, se realiz\u00f3 en la Biblioteca-CRA una actividad que consisti\u00f3 en la entrega a nuestras visitantes de un marcap\u00e1ginas con mujeres destacadas de la zona, especialmente de San Pedro de la Paz, donde [&hellip;]<\/p>\n","protected":false},"author":2,"featured_media":15721,"comment_status":"open","ping_status":"open","sticky":false,"template":"","format":"standard","meta":{"_et_pb_use_builder":"on","_et_pb_old_content":"","_et_gb_content_width":"","footnotes":""},"categories":[5,3],"tags":[],"class_list":["post-15718","post","type-post","status-publish","format-standard","has-post-thumbnail","hentry","category-noticias","category-not-liceo"],"_links":{"self":[{"href":"https:\/\/www.ceat.cl\/inicio\/wp-json\/wp\/v2\/posts\/15718","targetHints":{"allow":["GET"]}}],"collection":[{"href":"https:\/\/www.ceat.cl\/inicio\/wp-json\/wp\/v2\/posts"}],"about":[{"href":"https:\/\/www.ceat.cl\/inicio\/wp-json\/wp\/v2\/types\/post"}],"author":[{"embeddable":true,"href":"https:\/\/www.ceat.cl\/inicio\/wp-json\/wp\/v2\/users\/2"}],"replies":[{"embeddable":true,"href":"https:\/\/www.ceat.cl\/inicio\/wp-json\/wp\/v2\/comments?post=15718"}],"version-history":[{"count":3,"href":"https:\/\/www.ceat.cl\/inicio\/wp-json\/wp\/v2\/posts\/15718\/revisions"}],"predecessor-version":[{"id":15726,"href":"https:\/\/www.ceat.cl\/inicio\/wp-json\/wp\/v2\/posts\/15718\/revisions\/15726"}],"wp:featuredmedia":[{"embeddable":true,"href":"https:\/\/www.ceat.cl\/inicio\/wp-json\/wp\/v2\/media\/15721"}],"wp:attachment":[{"href":"https:\/\/www.ceat.cl\/inicio\/wp-json\/wp\/v2\/media?parent=15718"}],"wp:term":[{"taxonomy":"category","embeddable":true,"href":"https:\/\/www.ceat.cl\/inicio\/wp-json\/wp\/v2\/categories?post=15718"},{"taxonomy":"post_tag","embeddable":true,"href":"https:\/\/www.ceat.cl\/inicio\/wp-json\/wp\/v2\/tags?post=15718"}],"curies":[{"name":"wp","href":"https:\/\/api.w.org\/{rel}","templated":true}]}}