{"id":15778,"date":"2024-04-06T09:03:34","date_gmt":"2024-04-06T12:03:34","guid":{"rendered":"https:\/\/www.ceat.cl\/inicio\/?p=15778"},"modified":"2024-04-05T21:07:42","modified_gmt":"2024-04-06T00:07:42","slug":"a-un-mes-del-primer-dia-de-clases-2024","status":"publish","type":"post","link":"https:\/\/www.ceat.cl\/inicio\/a-un-mes-del-primer-dia-de-clases-2024\/","title":{"rendered":"A un mes del primer d\u00eda de clases 2024"},"content":{"rendered":"<p>[et_pb_section fb_built=\u00bb1&#8243; theme_builder_area=\u00bbpost_content\u00bb _builder_version=\u00bb4.22.1&#8243; _module_preset=\u00bbdefault\u00bb][et_pb_row _builder_version=\u00bb4.22.1&#8243; _module_preset=\u00bbdefault\u00bb theme_builder_area=\u00bbpost_content\u00bb][et_pb_column _builder_version=\u00bb4.22.1&#8243; _module_preset=\u00bbdefault\u00bb type=\u00bb4_4&#8243; theme_builder_area=\u00bbpost_content\u00bb][et_pb_text _builder_version=\u00bb4.22.1&#8243; _module_preset=\u00bbdefault\u00bb theme_builder_area=\u00bbpost_content\u00bb text_orientation=\u00bbjustified\u00bb hover_enabled=\u00bb0&#8243; sticky_enabled=\u00bb0&#8243;]<\/p>\n<p>Desde el 5 de marzo, nuestra comunidad educativa se reuni\u00f3 para dar inicio a un nuevo a\u00f1o escolar 2024 lleno de oportunidades y experiencias. En este primer mes de clases, recordamos con cari\u00f1o aquel emocionante primer d\u00eda lleno de sonrisas, nerviosismo y la promesa de nuevos conocimientos por descubrir.<br \/>\u00a1Revivamos juntos esos momentos especiales a trav\u00e9s de estas fotos, haciendo <span style=\"color: #993300;\"><strong><a style=\"color: #993300;\" href=\"https:\/\/www.flickr.com\/photos\/corporacionceat\/albums\/72177720316018200\">click aqu\u00ed<\/a><\/strong><\/span>!<\/p>\n<p>[\/et_pb_text][et_pb_image _builder_version=\u00bb4.22.1&#8243; _module_preset=\u00bbdefault\u00bb theme_builder_area=\u00bbpost_content\u00bb title_text=\u00bbCELEBRAMOS UN MES DE CLASES 2024&#8243; src=\u00bbhttps:\/\/www.ceat.cl\/inicio\/wp-content\/uploads\/2024\/04\/CELEBRAMOS-UN-MES-DE-CLASES-2024.jpeg\u00bb url=\u00bbhttps:\/\/www.flickr.com\/photos\/corporacionceat\/albums\/72177720316018200&#8243; box_shadow_style=\u00bbpreset2&#8243; hover_enabled=\u00bb0&#8243; sticky_enabled=\u00bb0&#8243;][\/et_pb_image][\/et_pb_column][\/et_pb_row][\/et_pb_section]<\/p>\n","protected":false},"excerpt":{"rendered":"<p>Desde el 5 de marzo, nuestra comunidad educativa se reuni\u00f3 para dar inicio a un nuevo a\u00f1o escolar 2024 lleno de oportunidades y experiencias. En este primer mes de clases, recordamos con cari\u00f1o aquel emocionante primer d\u00eda lleno de sonrisas, nerviosismo y la promesa de nuevos conocimientos por descubrir.\u00a1Revivamos juntos esos momentos especiales a trav\u00e9s [&hellip;]<\/p>\n","protected":false},"author":2,"featured_media":15781,"comment_status":"open","ping_status":"open","sticky":false,"template":"","format":"standard","meta":{"_et_pb_use_builder":"on","_et_pb_old_content":"","_et_gb_content_width":"","footnotes":""},"categories":[5,3],"tags":[],"class_list":["post-15778","post","type-post","status-publish","format-standard","has-post-thumbnail","hentry","category-noticias","category-not-liceo"],"_links":{"self":[{"href":"https:\/\/www.ceat.cl\/inicio\/wp-json\/wp\/v2\/posts\/15778","targetHints":{"allow":["GET"]}}],"collection":[{"href":"https:\/\/www.ceat.cl\/inicio\/wp-json\/wp\/v2\/posts"}],"about":[{"href":"https:\/\/www.ceat.cl\/inicio\/wp-json\/wp\/v2\/types\/post"}],"author":[{"embeddable":true,"href":"https:\/\/www.ceat.cl\/inicio\/wp-json\/wp\/v2\/users\/2"}],"replies":[{"embeddable":true,"href":"https:\/\/www.ceat.cl\/inicio\/wp-json\/wp\/v2\/comments?post=15778"}],"version-history":[{"count":3,"href":"https:\/\/www.ceat.cl\/inicio\/wp-json\/wp\/v2\/posts\/15778\/revisions"}],"predecessor-version":[{"id":15783,"href":"https:\/\/www.ceat.cl\/inicio\/wp-json\/wp\/v2\/posts\/15778\/revisions\/15783"}],"wp:featuredmedia":[{"embeddable":true,"href":"https:\/\/www.ceat.cl\/inicio\/wp-json\/wp\/v2\/media\/15781"}],"wp:attachment":[{"href":"https:\/\/www.ceat.cl\/inicio\/wp-json\/wp\/v2\/media?parent=15778"}],"wp:term":[{"taxonomy":"category","embeddable":true,"href":"https:\/\/www.ceat.cl\/inicio\/wp-json\/wp\/v2\/categories?post=15778"},{"taxonomy":"post_tag","embeddable":true,"href":"https:\/\/www.ceat.cl\/inicio\/wp-json\/wp\/v2\/tags?post=15778"}],"curies":[{"name":"wp","href":"https:\/\/api.w.org\/{rel}","templated":true}]}}