{"id":15881,"date":"2024-05-06T17:44:15","date_gmt":"2024-05-06T20:44:15","guid":{"rendered":"https:\/\/www.ceat.cl\/inicio\/?p=15881"},"modified":"2024-05-06T17:44:19","modified_gmt":"2024-05-06T20:44:19","slug":"la-importancia-del-nem-charla-ust-sede-concepcion","status":"publish","type":"post","link":"https:\/\/www.ceat.cl\/inicio\/la-importancia-del-nem-charla-ust-sede-concepcion\/","title":{"rendered":"\u00abLa importancia del NEM\u00bb Charla UST sede Concepci\u00f3n"},"content":{"rendered":"<p>[et_pb_section fb_built=\u00bb1&#8243; theme_builder_area=\u00bbpost_content\u00bb _builder_version=\u00bb4.22.1&#8243; _module_preset=\u00bbdefault\u00bb][et_pb_row _builder_version=\u00bb4.22.1&#8243; _module_preset=\u00bbdefault\u00bb theme_builder_area=\u00bbpost_content\u00bb][et_pb_column _builder_version=\u00bb4.22.1&#8243; _module_preset=\u00bbdefault\u00bb type=\u00bb4_4&#8243; theme_builder_area=\u00bbpost_content\u00bb][et_pb_text _builder_version=\u00bb4.22.1&#8243; _module_preset=\u00bbdefault\u00bb theme_builder_area=\u00bbpost_content\u00bb text_orientation=\u00bbjustified\u00bb hover_enabled=\u00bb0&#8243; sticky_enabled=\u00bb0&#8243;]El equipo de Admisi\u00f3n de la Universidad Santo Tom\u00e1s sede Concepci\u00f3n motiv\u00f3 a nuestros estudiantes de tercer a\u00f1o medio con la charla \u00abLa importancia del NEM\u00bb. Esta actividad busc\u00f3 incentivar el esfuerzo acad\u00e9mico para obtener excelentes resultados en la ense\u00f1anza media y alcanzar un puntaje destacado en la PAES. <\/p>\n<p>\u00a1Agradecemos a Santo Tom\u00e1s por su valiosa colaboraci\u00f3n! [\/et_pb_text][et_pb_image _builder_version=\u00bb4.22.1&#8243; _module_preset=\u00bbdefault\u00bb theme_builder_area=\u00bbpost_content\u00bb title_text=\u00bbLa importancia del NEM Charla UST sede Concepcio\u0301n\u00bb src=\u00bbhttps:\/\/www.ceat.cl\/inicio\/wp-content\/uploads\/2024\/05\/22La-importancia-del-NEM22-Charla-UST-sede-Concepcio\u0301n.jpeg\u00bb box_shadow_style=\u00bbpreset2&#8243; hover_enabled=\u00bb0&#8243; sticky_enabled=\u00bb0&#8243;][\/et_pb_image][\/et_pb_column][\/et_pb_row][\/et_pb_section]<\/p>\n","protected":false},"excerpt":{"rendered":"<p>El equipo de Admisi\u00f3n de la Universidad Santo Tom\u00e1s sede Concepci\u00f3n motiv\u00f3 a nuestros estudiantes de tercer a\u00f1o medio con la charla \u00abLa importancia del NEM\u00bb. Esta actividad busc\u00f3 incentivar el esfuerzo acad\u00e9mico para obtener excelentes resultados en la ense\u00f1anza media y alcanzar un puntaje destacado en la PAES. \u00a1Agradecemos a Santo Tom\u00e1s por su [&hellip;]<\/p>\n","protected":false},"author":2,"featured_media":15884,"comment_status":"open","ping_status":"open","sticky":false,"template":"","format":"standard","meta":{"_et_pb_use_builder":"on","_et_pb_old_content":"","_et_gb_content_width":"","footnotes":""},"categories":[5,3],"tags":[],"class_list":["post-15881","post","type-post","status-publish","format-standard","has-post-thumbnail","hentry","category-noticias","category-not-liceo"],"_links":{"self":[{"href":"https:\/\/www.ceat.cl\/inicio\/wp-json\/wp\/v2\/posts\/15881","targetHints":{"allow":["GET"]}}],"collection":[{"href":"https:\/\/www.ceat.cl\/inicio\/wp-json\/wp\/v2\/posts"}],"about":[{"href":"https:\/\/www.ceat.cl\/inicio\/wp-json\/wp\/v2\/types\/post"}],"author":[{"embeddable":true,"href":"https:\/\/www.ceat.cl\/inicio\/wp-json\/wp\/v2\/users\/2"}],"replies":[{"embeddable":true,"href":"https:\/\/www.ceat.cl\/inicio\/wp-json\/wp\/v2\/comments?post=15881"}],"version-history":[{"count":2,"href":"https:\/\/www.ceat.cl\/inicio\/wp-json\/wp\/v2\/posts\/15881\/revisions"}],"predecessor-version":[{"id":15885,"href":"https:\/\/www.ceat.cl\/inicio\/wp-json\/wp\/v2\/posts\/15881\/revisions\/15885"}],"wp:featuredmedia":[{"embeddable":true,"href":"https:\/\/www.ceat.cl\/inicio\/wp-json\/wp\/v2\/media\/15884"}],"wp:attachment":[{"href":"https:\/\/www.ceat.cl\/inicio\/wp-json\/wp\/v2\/media?parent=15881"}],"wp:term":[{"taxonomy":"category","embeddable":true,"href":"https:\/\/www.ceat.cl\/inicio\/wp-json\/wp\/v2\/categories?post=15881"},{"taxonomy":"post_tag","embeddable":true,"href":"https:\/\/www.ceat.cl\/inicio\/wp-json\/wp\/v2\/tags?post=15881"}],"curies":[{"name":"wp","href":"https:\/\/api.w.org\/{rel}","templated":true}]}}