{"id":15927,"date":"2024-05-14T17:24:16","date_gmt":"2024-05-14T20:24:16","guid":{"rendered":"https:\/\/www.ceat.cl\/inicio\/?p=15927"},"modified":"2024-05-14T17:26:29","modified_gmt":"2024-05-14T20:26:29","slug":"vamos-huerteando-en-comunidad","status":"publish","type":"post","link":"https:\/\/www.ceat.cl\/inicio\/vamos-huerteando-en-comunidad\/","title":{"rendered":"\u00abVamos Huerteando en Comunidad\u00bb"},"content":{"rendered":"<p>[et_pb_section fb_built=\u00bb1&#8243; _builder_version=\u00bb4.22.1&#8243; _module_preset=\u00bbdefault\u00bb global_colors_info=\u00bb{}\u00bb][et_pb_row _builder_version=\u00bb4.22.1&#8243; _module_preset=\u00bbdefault\u00bb custom_margin=\u00bb5px||8px||false|false\u00bb custom_padding=\u00bb5px||8px||false|false\u00bb global_colors_info=\u00bb{}\u00bb][et_pb_column type=\u00bb4_4&#8243; _builder_version=\u00bb4.22.1&#8243; _module_preset=\u00bbdefault\u00bb global_colors_info=\u00bb{}\u00bb][et_pb_text _builder_version=\u00bb4.22.1&#8243; _module_preset=\u00bbdefault\u00bb hover_enabled=\u00bb0&#8243; global_colors_info=\u00bb{}\u00bb sticky_enabled=\u00bb0&#8243;]<\/p>\n<p>En una ma\u00f1ana cargada de entusiasmo y compromiso, el Liceo CEAT de San Pedro de la Paz fue testigo de un importante evento en sus dependencias: la instalaci\u00f3n del primer huerto educativo del programa \u00abVamos Huerteando en Comunidad\u00bb en su edici\u00f3n 2024, iniciativa impulsada por ONG CETSUR.<\/p>\n<p>Este huerto se espera convertir en un espacio vivo de aprendizaje para las y los estudiantes que participen en su cuidado y mantenimiento. El programa incluye, adem\u00e1s, seis talleres que abordar\u00e1n tem\u00e1ticas como agricultura ecol\u00f3gica y alimentaci\u00f3n saludable con pertinencia territorial, as\u00ed como de preparaciones culinarias con los alimentos frescos que se cultivar\u00e1n en el huerto.<\/p>\n<p>Esta iniciativa, financiada por el Programa \u00abElige Vivir Sano\u00bb del Ministerio de Desarrollo Social y Familia, no solo promueve la interacci\u00f3n con la naturaleza, plantas y semillas fomentando h\u00e1bitos de vida saludable, sino que tambi\u00e9n fortalece el sentido de comunidad dentro del liceo. A trav\u00e9s del trabajo en equipo y el desarrollo de habilidades pr\u00e1cticas y conocimientos para ser agentes de cambio en su entorno y promotores de un estilo de vida m\u00e1s sustentable.<\/p>\n<p>Este proyecto educativo se alinea con la certificaci\u00f3n ambiental del CEAT, reafirmando su compromiso con la promoci\u00f3n y cuidado del entorno.<\/p>\n<p>M\u00e1s im\u00e1genes de la jornada de implementaci\u00f3n de nuestro Huerto, ha <strong><span style=\"color: #993300;\"><a style=\"color: #993300;\" href=\"https:\/\/www.flickr.com\/photos\/corporacionceat\/albums\/72177720316926550\">click aqu\u00ed<\/a><\/span><\/strong><\/p>\n<p>Fuente: cetsur ong<br \/>https:\/\/www.instagram.com\/cetsur_ong\/<\/p>\n<p>[\/et_pb_text][\/et_pb_column][\/et_pb_row][et_pb_row column_structure=\u00bb1_2,1_2&#8243; _builder_version=\u00bb4.22.1&#8243; _module_preset=\u00bbdefault\u00bb custom_margin=\u00bb5px||8px||false|false\u00bb custom_padding=\u00bb5px||8px||false|false\u00bb global_colors_info=\u00bb{}\u00bb][et_pb_column type=\u00bb1_2&#8243; _builder_version=\u00bb4.22.1&#8243; _module_preset=\u00bbdefault\u00bb global_colors_info=\u00bb{}\u00bb][et_pb_image src=\u00bbhttps:\/\/www.ceat.cl\/inicio\/wp-content\/uploads\/2024\/05\/programa-Vamos-Huerteando-en-Comunidad_1.jpg\u00bb title_text=\u00bbprograma Vamos Huerteando en Comunidad_1&#8243; _builder_version=\u00bb4.22.1&#8243; _module_preset=\u00bbdefault\u00bb box_shadow_style=\u00bbpreset2&#8243; global_colors_info=\u00bb{}\u00bb][\/et_pb_image][\/et_pb_column][et_pb_column type=\u00bb1_2&#8243; _builder_version=\u00bb4.22.1&#8243; _module_preset=\u00bbdefault\u00bb global_colors_info=\u00bb{}\u00bb][et_pb_image src=\u00bbhttps:\/\/www.ceat.cl\/inicio\/wp-content\/uploads\/2024\/05\/programa-Vamos-Huerteando-en-Comunidad_2.jpg\u00bb title_text=\u00bbprograma Vamos Huerteando en Comunidad_2&#8243; _builder_version=\u00bb4.22.1&#8243; _module_preset=\u00bbdefault\u00bb box_shadow_style=\u00bbpreset2&#8243; global_colors_info=\u00bb{}\u00bb][\/et_pb_image][\/et_pb_column][\/et_pb_row][et_pb_row _builder_version=\u00bb4.22.1&#8243; _module_preset=\u00bbdefault\u00bb custom_margin=\u00bb5px||8px||false|false\u00bb custom_padding=\u00bb5px||8px||false|false\u00bb global_colors_info=\u00bb{}\u00bb][et_pb_column type=\u00bb4_4&#8243; _builder_version=\u00bb4.22.1&#8243; _module_preset=\u00bbdefault\u00bb global_colors_info=\u00bb{}\u00bb][et_pb_image src=\u00bbhttps:\/\/www.ceat.cl\/inicio\/wp-content\/uploads\/2024\/05\/programa-Vamos-Huerteando-en-Comunidad_3.jpg\u00bb title_text=\u00bbprograma Vamos Huerteando en Comunidad_3&#8243; _builder_version=\u00bb4.22.1&#8243; _module_preset=\u00bbdefault\u00bb box_shadow_style=\u00bbpreset2&#8243; global_colors_info=\u00bb{}\u00bb][\/et_pb_image][\/et_pb_column][\/et_pb_row][\/et_pb_section]<\/p>\n","protected":false},"excerpt":{"rendered":"<p>En una ma\u00f1ana cargada de entusiasmo y compromiso, el Liceo CEAT de San Pedro de la Paz fue testigo de un importante evento en sus dependencias: la instalaci\u00f3n del primer huerto educativo del programa \u00abVamos Huerteando en Comunidad\u00bb en su edici\u00f3n 2024, iniciativa impulsada por ONG CETSUR. Este huerto se espera convertir en un espacio [&hellip;]<\/p>\n","protected":false},"author":2,"featured_media":15930,"comment_status":"open","ping_status":"open","sticky":false,"template":"","format":"standard","meta":{"_et_pb_use_builder":"on","_et_pb_old_content":"","_et_gb_content_width":"","footnotes":""},"categories":[5,3],"tags":[],"class_list":["post-15927","post","type-post","status-publish","format-standard","has-post-thumbnail","hentry","category-noticias","category-not-liceo"],"_links":{"self":[{"href":"https:\/\/www.ceat.cl\/inicio\/wp-json\/wp\/v2\/posts\/15927","targetHints":{"allow":["GET"]}}],"collection":[{"href":"https:\/\/www.ceat.cl\/inicio\/wp-json\/wp\/v2\/posts"}],"about":[{"href":"https:\/\/www.ceat.cl\/inicio\/wp-json\/wp\/v2\/types\/post"}],"author":[{"embeddable":true,"href":"https:\/\/www.ceat.cl\/inicio\/wp-json\/wp\/v2\/users\/2"}],"replies":[{"embeddable":true,"href":"https:\/\/www.ceat.cl\/inicio\/wp-json\/wp\/v2\/comments?post=15927"}],"version-history":[{"count":3,"href":"https:\/\/www.ceat.cl\/inicio\/wp-json\/wp\/v2\/posts\/15927\/revisions"}],"predecessor-version":[{"id":15935,"href":"https:\/\/www.ceat.cl\/inicio\/wp-json\/wp\/v2\/posts\/15927\/revisions\/15935"}],"wp:featuredmedia":[{"embeddable":true,"href":"https:\/\/www.ceat.cl\/inicio\/wp-json\/wp\/v2\/media\/15930"}],"wp:attachment":[{"href":"https:\/\/www.ceat.cl\/inicio\/wp-json\/wp\/v2\/media?parent=15927"}],"wp:term":[{"taxonomy":"category","embeddable":true,"href":"https:\/\/www.ceat.cl\/inicio\/wp-json\/wp\/v2\/categories?post=15927"},{"taxonomy":"post_tag","embeddable":true,"href":"https:\/\/www.ceat.cl\/inicio\/wp-json\/wp\/v2\/tags?post=15927"}],"curies":[{"name":"wp","href":"https:\/\/api.w.org\/{rel}","templated":true}]}}