{"id":15968,"date":"2024-05-16T19:05:33","date_gmt":"2024-05-16T22:05:33","guid":{"rendered":"https:\/\/www.ceat.cl\/inicio\/?p=15968"},"modified":"2024-05-16T14:11:03","modified_gmt":"2024-05-16T17:11:03","slug":"teatro-y-danza-visitaron-el-museo-de-historia-natural-de-concepcion","status":"publish","type":"post","link":"https:\/\/www.ceat.cl\/inicio\/teatro-y-danza-visitaron-el-museo-de-historia-natural-de-concepcion\/","title":{"rendered":"Teatro y danza visitaron el Museo de Historia natural de Concepci\u00f3n"},"content":{"rendered":"<p>[et_pb_section fb_built=\u00bb1&#8243; theme_builder_area=\u00bbpost_content\u00bb _builder_version=\u00bb4.22.1&#8243; _module_preset=\u00bbdefault\u00bb][et_pb_row _builder_version=\u00bb4.22.1&#8243; _module_preset=\u00bbdefault\u00bb theme_builder_area=\u00bbpost_content\u00bb custom_margin=\u00bb5px||8px||false|false\u00bb custom_padding=\u00bb5px||8px||false|false\u00bb hover_enabled=\u00bb0&#8243; sticky_enabled=\u00bb0&#8243;][et_pb_column _builder_version=\u00bb4.22.1&#8243; _module_preset=\u00bbdefault\u00bb type=\u00bb4_4&#8243; theme_builder_area=\u00bbpost_content\u00bb][et_pb_text _builder_version=\u00bb4.22.1&#8243; _module_preset=\u00bbdefault\u00bb theme_builder_area=\u00bbpost_content\u00bb text_orientation=\u00bbjustified\u00bb hover_enabled=\u00bb0&#8243; sticky_enabled=\u00bb0&#8243;]Las Acle de Teatro y Baile Urbano llevaron la educaci\u00f3n a otro nivel con una visita pedag\u00f3gica al Museo de la Historia Natural de Concepci\u00f3n<\/p>\n<p>Los talleres son una poderosa herramienta en la educaci\u00f3n juvenil. Con la convicci\u00f3n de que la cultura entra por los ojos para luego adentrarse en la mente y en el coraz\u00f3n, Las Acle ofrecen experiencias enriquecedoras que van m\u00e1s all\u00e1 de las aulas. <\/p>\n<p>A trav\u00e9s de esta visita, los j\u00f3venes no solo ampliaron su conocimiento sobre la naturaleza y la historia, sino que tambi\u00e9n fortalecieron su aprecio por el arte y la danza. \u00a1Un viaje que los ayudar\u00e1 a convertirse en personas m\u00e1s completas y conscientes! [\/et_pb_text][\/et_pb_column][\/et_pb_row][et_pb_row _builder_version=\u00bb4.22.1&#8243; _module_preset=\u00bbdefault\u00bb theme_builder_area=\u00bbpost_content\u00bb custom_margin=\u00bb5px||8px||false|false\u00bb custom_padding=\u00bb5px||8px||false|false\u00bb hover_enabled=\u00bb0&#8243; sticky_enabled=\u00bb0&#8243; column_structure=\u00bb1_2,1_2&#8243;][et_pb_column _builder_version=\u00bb4.22.1&#8243; _module_preset=\u00bbdefault\u00bb type=\u00bb1_2&#8243; theme_builder_area=\u00bbpost_content\u00bb][et_pb_image _builder_version=\u00bb4.22.1&#8243; _module_preset=\u00bbdefault\u00bb theme_builder_area=\u00bbpost_content\u00bb box_shadow_style=\u00bbpreset2&#8243; hover_enabled=\u00bb0&#8243; sticky_enabled=\u00bb0&#8243; title_text=\u00bbTeatro y danza visitaron el Museo de Historia natural de Concepcio\u0301n_1&#8243; src=\u00bbhttps:\/\/www.ceat.cl\/inicio\/wp-content\/uploads\/2024\/05\/Teatro-y-danza-visitaron-el-Museo-de-Historia-natural-de-Concepcio\u0301n_1.jpg\u00bb][\/et_pb_image][\/et_pb_column][et_pb_column _builder_version=\u00bb4.22.1&#8243; _module_preset=\u00bbdefault\u00bb type=\u00bb1_2&#8243; theme_builder_area=\u00bbpost_content\u00bb][et_pb_image _builder_version=\u00bb4.22.1&#8243; _module_preset=\u00bbdefault\u00bb theme_builder_area=\u00bbpost_content\u00bb box_shadow_style=\u00bbpreset2&#8243; hover_enabled=\u00bb0&#8243; sticky_enabled=\u00bb0&#8243; title_text=\u00bbTeatro y danza visitaron el Museo de Historia natural de Concepcio\u0301n_2&#8243; src=\u00bbhttps:\/\/www.ceat.cl\/inicio\/wp-content\/uploads\/2024\/05\/Teatro-y-danza-visitaron-el-Museo-de-Historia-natural-de-Concepcio\u0301n_2.jpg\u00bb][\/et_pb_image][\/et_pb_column][\/et_pb_row][\/et_pb_section]<\/p>\n","protected":false},"excerpt":{"rendered":"<p>Las Acle de Teatro y Baile Urbano llevaron la educaci\u00f3n a otro nivel con una visita pedag\u00f3gica al Museo de la Historia Natural de Concepci\u00f3n Los talleres son una poderosa herramienta en la educaci\u00f3n juvenil. Con la convicci\u00f3n de que la cultura entra por los ojos para luego adentrarse en la mente y en el [&hellip;]<\/p>\n","protected":false},"author":2,"featured_media":15974,"comment_status":"open","ping_status":"open","sticky":false,"template":"","format":"standard","meta":{"_et_pb_use_builder":"on","_et_pb_old_content":"","_et_gb_content_width":"","footnotes":""},"categories":[5,3],"tags":[],"class_list":["post-15968","post","type-post","status-publish","format-standard","has-post-thumbnail","hentry","category-noticias","category-not-liceo"],"_links":{"self":[{"href":"https:\/\/www.ceat.cl\/inicio\/wp-json\/wp\/v2\/posts\/15968","targetHints":{"allow":["GET"]}}],"collection":[{"href":"https:\/\/www.ceat.cl\/inicio\/wp-json\/wp\/v2\/posts"}],"about":[{"href":"https:\/\/www.ceat.cl\/inicio\/wp-json\/wp\/v2\/types\/post"}],"author":[{"embeddable":true,"href":"https:\/\/www.ceat.cl\/inicio\/wp-json\/wp\/v2\/users\/2"}],"replies":[{"embeddable":true,"href":"https:\/\/www.ceat.cl\/inicio\/wp-json\/wp\/v2\/comments?post=15968"}],"version-history":[{"count":2,"href":"https:\/\/www.ceat.cl\/inicio\/wp-json\/wp\/v2\/posts\/15968\/revisions"}],"predecessor-version":[{"id":15975,"href":"https:\/\/www.ceat.cl\/inicio\/wp-json\/wp\/v2\/posts\/15968\/revisions\/15975"}],"wp:featuredmedia":[{"embeddable":true,"href":"https:\/\/www.ceat.cl\/inicio\/wp-json\/wp\/v2\/media\/15974"}],"wp:attachment":[{"href":"https:\/\/www.ceat.cl\/inicio\/wp-json\/wp\/v2\/media?parent=15968"}],"wp:term":[{"taxonomy":"category","embeddable":true,"href":"https:\/\/www.ceat.cl\/inicio\/wp-json\/wp\/v2\/categories?post=15968"},{"taxonomy":"post_tag","embeddable":true,"href":"https:\/\/www.ceat.cl\/inicio\/wp-json\/wp\/v2\/tags?post=15968"}],"curies":[{"name":"wp","href":"https:\/\/api.w.org\/{rel}","templated":true}]}}