{"id":16071,"date":"2024-06-04T21:05:36","date_gmt":"2024-06-05T00:05:36","guid":{"rendered":"https:\/\/www.ceat.cl\/inicio\/?p=16071"},"modified":"2024-06-04T21:17:22","modified_gmt":"2024-06-05T00:17:22","slug":"dia-de-la-metrologia","status":"publish","type":"post","link":"https:\/\/www.ceat.cl\/inicio\/dia-de-la-metrologia\/","title":{"rendered":"D\u00eda de la Metrolog\u00eda"},"content":{"rendered":"<p>[et_pb_section fb_built=\u00bb1&#8243; _builder_version=\u00bb4.22.1&#8243; _module_preset=\u00bbdefault\u00bb global_colors_info=\u00bb{}\u00bb][et_pb_row _builder_version=\u00bb4.22.1&#8243; _module_preset=\u00bbdefault\u00bb custom_margin=\u00bb5px||8px||false|false\u00bb custom_padding=\u00bb5px||||false|false\u00bb global_colors_info=\u00bb{}\u00bb][et_pb_column type=\u00bb4_4&#8243; _builder_version=\u00bb4.22.1&#8243; _module_preset=\u00bbdefault\u00bb global_colors_info=\u00bb{}\u00bb][et_pb_text _builder_version=\u00bb4.22.1&#8243; _module_preset=\u00bbdefault\u00bb text_orientation=\u00bbjustified\u00bb hover_enabled=\u00bb0&#8243; global_colors_info=\u00bb{}\u00bb sticky_enabled=\u00bb0&#8243;]<\/p>\n<p>En el marco del D\u00eda Mundial de la Metrolog\u00eda, que se celebra en mayo de cada a\u00f1o, el Liceo Mauricio Hochschild del CEAT organiz\u00f3 una exhibici\u00f3n de instrumentos de medici\u00f3n de cada una de sus especialidades, como una forma de destacar esta importante efem\u00e9ride de la Formaci\u00f3n T\u00e9cnico Profesional. La muestra se realiz\u00f3 en el auditorio institucional el martes 28 de mayo, con el prop\u00f3sito de resaltar la importancia de la Metrolog\u00eda en la formaci\u00f3n de t\u00e9cnicos y apoyar el trabajo de orientaci\u00f3n de nuestros estudiantes de segundo a\u00f1o para una mejor elecci\u00f3n de su especialidad.<\/p>\n<p>Cada una de las especialidades del CEAT expuso instrumentos de medici\u00f3n propios de sus \u00e1mbitos de trabajo. Se sumaron a esta presentaci\u00f3n instituciones de Educaci\u00f3n Superior con las cuales se mantienen estrechos v\u00ednculos para el apoyo formativo de nuestros estudiantes. El Instituto Profesional VIRGINIO G\u00d3MEZ present\u00f3 instrumentaci\u00f3n de Mec\u00e1nica Industrial, DUOC UC de Telecomunicaciones, INACAP de Mec\u00e1nica Automotriz y Mec\u00e1nica Industrial y la UNIVERSIDAD SANTA MARIA de Electricidad.<\/p>\n<p>A la exposici\u00f3n asistieron m\u00e1s de 300 estudiantes de distintos niveles, los que mostraron mucho inter\u00e9s en las aplicaciones de la instrumentaci\u00f3n que alumnos de cursos superiores del CEAT mostraron a sus compa\u00f1eros y los que profesionales de las instituciones de educaci\u00f3n superior presentaron en la<br \/>muestra.<\/p>\n<p>Paralelamente se desarroll\u00f3 un concurso consistente en preguntas sobre la misma muestra, que tuvo como ganadores a los siguientes alumnos:<\/p>\n<p>Primer Lugar: Dylan Tonioni Fonseca. Cuarto C<br \/>Segundo Lugar: Mat\u00edas Mu\u00f1oz Sep\u00falveda. Segundo D<br \/>Tercer Lugar: Mat\u00edas Gonz\u00e1lez Solis. Segundo C<\/p>\n<p>M\u00e1s im\u00e1genes de la jornada de exposiciones, las encuentras haciendo <a href=\"https:\/\/www.flickr.com\/photos\/corporacionceat\/albums\/72177720317606292\"><span style=\"color: #993300;\"><strong>Click Aqu\u00ed<\/strong><\/span><\/a><\/p>\n<p>[\/et_pb_text][\/et_pb_column][\/et_pb_row][et_pb_row column_structure=\u00bb1_3,1_3,1_3&#8243; _builder_version=\u00bb4.22.1&#8243; _module_preset=\u00bbdefault\u00bb custom_margin=\u00bb5px||8px||false|false\u00bb custom_padding=\u00bb5px||||false|false\u00bb global_colors_info=\u00bb{}\u00bb][et_pb_column type=\u00bb1_3&#8243; _builder_version=\u00bb4.22.1&#8243; _module_preset=\u00bbdefault\u00bb global_colors_info=\u00bb{}\u00bb][et_pb_image src=\u00bbhttps:\/\/www.ceat.cl\/inicio\/wp-content\/uploads\/2024\/06\/Dia-de-la-metrologia17.jpg\u00bb title_text=\u00bbDia de la metrologia17&#8243; _builder_version=\u00bb4.22.1&#8243; _module_preset=\u00bbdefault\u00bb box_shadow_style=\u00bbpreset2&#8243; global_colors_info=\u00bb{}\u00bb][\/et_pb_image][\/et_pb_column][et_pb_column type=\u00bb1_3&#8243; _builder_version=\u00bb4.22.1&#8243; _module_preset=\u00bbdefault\u00bb global_colors_info=\u00bb{}\u00bb][et_pb_image src=\u00bbhttps:\/\/www.ceat.cl\/inicio\/wp-content\/uploads\/2024\/06\/Dia-de-la-metrologia14.jpg\u00bb title_text=\u00bbDia de la metrologia14&#8243; _builder_version=\u00bb4.22.1&#8243; _module_preset=\u00bbdefault\u00bb box_shadow_style=\u00bbpreset2&#8243; global_colors_info=\u00bb{}\u00bb][\/et_pb_image][\/et_pb_column][et_pb_column type=\u00bb1_3&#8243; _builder_version=\u00bb4.22.1&#8243; _module_preset=\u00bbdefault\u00bb global_colors_info=\u00bb{}\u00bb][et_pb_image src=\u00bbhttps:\/\/www.ceat.cl\/inicio\/wp-content\/uploads\/2024\/06\/Dia-de-la-metrologia11.jpg\u00bb title_text=\u00bbDia de la metrologia11&#8243; _builder_version=\u00bb4.22.1&#8243; _module_preset=\u00bbdefault\u00bb box_shadow_style=\u00bbpreset2&#8243; global_colors_info=\u00bb{}\u00bb][\/et_pb_image][\/et_pb_column][\/et_pb_row][et_pb_row column_structure=\u00bb1_2,1_2&#8243; _builder_version=\u00bb4.22.1&#8243; _module_preset=\u00bbdefault\u00bb custom_margin=\u00bb5px||8px||false|false\u00bb custom_padding=\u00bb5px||||false|false\u00bb global_colors_info=\u00bb{}\u00bb][et_pb_column type=\u00bb1_2&#8243; _builder_version=\u00bb4.22.1&#8243; _module_preset=\u00bbdefault\u00bb global_colors_info=\u00bb{}\u00bb][et_pb_image src=\u00bbhttps:\/\/www.ceat.cl\/inicio\/wp-content\/uploads\/2024\/06\/Dia-de-la-metrologia8.jpg\u00bb title_text=\u00bbDia de la metrologia8&#8243; _builder_version=\u00bb4.22.1&#8243; _module_preset=\u00bbdefault\u00bb box_shadow_style=\u00bbpreset2&#8243; global_colors_info=\u00bb{}\u00bb][\/et_pb_image][\/et_pb_column][et_pb_column type=\u00bb1_2&#8243; _builder_version=\u00bb4.22.1&#8243; _module_preset=\u00bbdefault\u00bb global_colors_info=\u00bb{}\u00bb][et_pb_image src=\u00bbhttps:\/\/www.ceat.cl\/inicio\/wp-content\/uploads\/2024\/06\/Dia-de-la-metrologia5.jpg\u00bb title_text=\u00bbDia de la metrologia5&#8243; _builder_version=\u00bb4.22.1&#8243; _module_preset=\u00bbdefault\u00bb box_shadow_style=\u00bbpreset2&#8243; global_colors_info=\u00bb{}\u00bb][\/et_pb_image][\/et_pb_column][\/et_pb_row][\/et_pb_section]<\/p>\n","protected":false},"excerpt":{"rendered":"<p>En el marco del D\u00eda Mundial de la Metrolog\u00eda, que se celebra en mayo de cada a\u00f1o, el Liceo Mauricio Hochschild del CEAT organiz\u00f3 una exhibici\u00f3n de instrumentos de medici\u00f3n de cada una de sus especialidades, como una forma de destacar esta importante efem\u00e9ride de la Formaci\u00f3n T\u00e9cnico Profesional. La muestra se realiz\u00f3 en el [&hellip;]<\/p>\n","protected":false},"author":2,"featured_media":16078,"comment_status":"open","ping_status":"open","sticky":false,"template":"","format":"standard","meta":{"_et_pb_use_builder":"on","_et_pb_old_content":"","_et_gb_content_width":"","footnotes":""},"categories":[5,3],"tags":[],"class_list":["post-16071","post","type-post","status-publish","format-standard","has-post-thumbnail","hentry","category-noticias","category-not-liceo"],"_links":{"self":[{"href":"https:\/\/www.ceat.cl\/inicio\/wp-json\/wp\/v2\/posts\/16071","targetHints":{"allow":["GET"]}}],"collection":[{"href":"https:\/\/www.ceat.cl\/inicio\/wp-json\/wp\/v2\/posts"}],"about":[{"href":"https:\/\/www.ceat.cl\/inicio\/wp-json\/wp\/v2\/types\/post"}],"author":[{"embeddable":true,"href":"https:\/\/www.ceat.cl\/inicio\/wp-json\/wp\/v2\/users\/2"}],"replies":[{"embeddable":true,"href":"https:\/\/www.ceat.cl\/inicio\/wp-json\/wp\/v2\/comments?post=16071"}],"version-history":[{"count":4,"href":"https:\/\/www.ceat.cl\/inicio\/wp-json\/wp\/v2\/posts\/16071\/revisions"}],"predecessor-version":[{"id":16083,"href":"https:\/\/www.ceat.cl\/inicio\/wp-json\/wp\/v2\/posts\/16071\/revisions\/16083"}],"wp:featuredmedia":[{"embeddable":true,"href":"https:\/\/www.ceat.cl\/inicio\/wp-json\/wp\/v2\/media\/16078"}],"wp:attachment":[{"href":"https:\/\/www.ceat.cl\/inicio\/wp-json\/wp\/v2\/media?parent=16071"}],"wp:term":[{"taxonomy":"category","embeddable":true,"href":"https:\/\/www.ceat.cl\/inicio\/wp-json\/wp\/v2\/categories?post=16071"},{"taxonomy":"post_tag","embeddable":true,"href":"https:\/\/www.ceat.cl\/inicio\/wp-json\/wp\/v2\/tags?post=16071"}],"curies":[{"name":"wp","href":"https:\/\/api.w.org\/{rel}","templated":true}]}}