{"id":16151,"date":"2024-06-12T19:05:22","date_gmt":"2024-06-12T22:05:22","guid":{"rendered":"https:\/\/www.ceat.cl\/inicio\/?p=16151"},"modified":"2024-06-12T19:05:26","modified_gmt":"2024-06-12T22:05:26","slug":"damos-la-bienvenida-a-nuestra-nueva-directora-sra-karina-diaz","status":"publish","type":"post","link":"https:\/\/www.ceat.cl\/inicio\/damos-la-bienvenida-a-nuestra-nueva-directora-sra-karina-diaz\/","title":{"rendered":"Damos la bienvenida a nuestra nueva Directora: Sra. Karina D\u00edaz"},"content":{"rendered":"<p>[et_pb_section fb_built=\u00bb1&#8243; admin_label=\u00bbsection\u00bb _builder_version=\u00bb4.16&#8243; global_colors_info=\u00bb{}\u00bb][et_pb_row admin_label=\u00bbrow\u00bb _builder_version=\u00bb4.22.1&#8243; background_size=\u00bbinitial\u00bb background_position=\u00bbtop_left\u00bb background_repeat=\u00bbrepeat\u00bb hover_enabled=\u00bb0&#8243; global_colors_info=\u00bb{}\u00bb sticky_enabled=\u00bb0&#8243;][et_pb_column type=\u00bb4_4&#8243; _builder_version=\u00bb4.16&#8243; custom_padding=\u00bb|||\u00bb global_colors_info=\u00bb{}\u00bb custom_padding__hover=\u00bb|||\u00bb][et_pb_text _builder_version=\u00bb4.22.1&#8243; _module_preset=\u00bbdefault\u00bb hover_enabled=\u00bb0&#8243; sticky_enabled=\u00bb0&#8243;]\u00a1Tenemos emocionantes noticias que compartir! A partir del 1 de junio de 2024, damos la m\u00e1s c\u00e1lida bienvenida a la Sra. Karina D\u00edaz Melgarejo, quien ha asumido el cargo de Directora del Centro Educacional de Alta Tecnolog\u00eda y, por consiguiente, del Liceo Mauricio Hochschild.<\/p>\n<p>Desde su primer d\u00eda, la Sra. D\u00edaz Melgarejo ha estado inmersa en la vida del colegio. El lunes 3, particip\u00f3 en su primera reuni\u00f3n de directivos, presidida por el Sr. Pedro Ram\u00edrez, Presidente de nuestra corporaci\u00f3n. Adem\u00e1s, por la tarde, tuvo el honor de presentarse ante el Consejo General de Profesores. En su primera semana como directora, ha mantenido reuniones con todos los equipos de trabajo, como as\u00ed tambi\u00e9n con la directiva del Centro General de Padres y Apoderados y Centro de Alumnos,\u00a0 tanto para familiarizarse con sus funciones como para conectarse a nivel personal..<\/p>\n<p>En los pr\u00f3ximos d\u00edas, nuestra directora se reunir\u00e1 con nuestros\/as estudiantes, no solo a trav\u00e9s del Centro de Alumnos, sino tambi\u00e9n con todo el estudiantado del CEAT. Es un momento emocionante para todos nosotros, y estamos seguros de que su liderazgo nos llevar\u00e1 a nuevos horizontes.<\/p>\n<p>Queremos expresar nuestra gratitud a la Sra. Karina D\u00edaz por aceptar este importante desaf\u00edo y reconocer la dedicada labor del Sr. Claudio Ihl Dausend, quien durante m\u00e1s de 30 a\u00f1os sirvi\u00f3 como Director &#8211; Gerente.<\/p>\n<p>\u00a1Le deseamos todo el \u00e9xito en su gesti\u00f3n y estamos emocionados por el futuro que nos espera bajo su direcci\u00f3n!<br \/>\n[\/et_pb_text][et_pb_image _builder_version=\u00bb4.22.1&#8243; _module_preset=\u00bbdefault\u00bb title_text=\u00bbDamos la Bienvenida a Nuestra Nueva Directora\u00bb src=\u00bbhttps:\/\/www.ceat.cl\/inicio\/wp-content\/uploads\/2024\/06\/Damos-la-Bienvenida-a-Nuestra-Nueva-Directora.jpeg\u00bb box_shadow_style=\u00bbpreset2&#8243; hover_enabled=\u00bb0&#8243; sticky_enabled=\u00bb0&#8243;][\/et_pb_image][\/et_pb_column][\/et_pb_row][\/et_pb_section]<\/p>\n","protected":false},"excerpt":{"rendered":"<p>\u00a1Tenemos emocionantes noticias que compartir! A partir del 1 de junio de 2024, damos la m\u00e1s c\u00e1lida bienvenida a la Sra. Karina D\u00edaz Melgarejo, quien ha asumido el cargo de Directora del Centro Educacional de Alta Tecnolog\u00eda y, por consiguiente, del Liceo Mauricio Hochschild. Desde su primer d\u00eda, la Sra. D\u00edaz Melgarejo ha estado inmersa [&hellip;]<\/p>\n","protected":false},"author":2,"featured_media":16154,"comment_status":"open","ping_status":"open","sticky":false,"template":"","format":"standard","meta":{"_et_pb_use_builder":"on","_et_pb_old_content":"","_et_gb_content_width":"","footnotes":""},"categories":[5,3],"tags":[],"class_list":["post-16151","post","type-post","status-publish","format-standard","has-post-thumbnail","hentry","category-noticias","category-not-liceo"],"_links":{"self":[{"href":"https:\/\/www.ceat.cl\/inicio\/wp-json\/wp\/v2\/posts\/16151","targetHints":{"allow":["GET"]}}],"collection":[{"href":"https:\/\/www.ceat.cl\/inicio\/wp-json\/wp\/v2\/posts"}],"about":[{"href":"https:\/\/www.ceat.cl\/inicio\/wp-json\/wp\/v2\/types\/post"}],"author":[{"embeddable":true,"href":"https:\/\/www.ceat.cl\/inicio\/wp-json\/wp\/v2\/users\/2"}],"replies":[{"embeddable":true,"href":"https:\/\/www.ceat.cl\/inicio\/wp-json\/wp\/v2\/comments?post=16151"}],"version-history":[{"count":4,"href":"https:\/\/www.ceat.cl\/inicio\/wp-json\/wp\/v2\/posts\/16151\/revisions"}],"predecessor-version":[{"id":16158,"href":"https:\/\/www.ceat.cl\/inicio\/wp-json\/wp\/v2\/posts\/16151\/revisions\/16158"}],"wp:featuredmedia":[{"embeddable":true,"href":"https:\/\/www.ceat.cl\/inicio\/wp-json\/wp\/v2\/media\/16154"}],"wp:attachment":[{"href":"https:\/\/www.ceat.cl\/inicio\/wp-json\/wp\/v2\/media?parent=16151"}],"wp:term":[{"taxonomy":"category","embeddable":true,"href":"https:\/\/www.ceat.cl\/inicio\/wp-json\/wp\/v2\/categories?post=16151"},{"taxonomy":"post_tag","embeddable":true,"href":"https:\/\/www.ceat.cl\/inicio\/wp-json\/wp\/v2\/tags?post=16151"}],"curies":[{"name":"wp","href":"https:\/\/api.w.org\/{rel}","templated":true}]}}