{"id":16357,"date":"2024-08-01T20:05:17","date_gmt":"2024-08-01T23:05:17","guid":{"rendered":"https:\/\/www.ceat.cl\/inicio\/?p=16357"},"modified":"2024-08-01T20:05:21","modified_gmt":"2024-08-01T23:05:21","slug":"suspension-de-clases","status":"publish","type":"post","link":"https:\/\/www.ceat.cl\/inicio\/suspension-de-clases\/","title":{"rendered":"Suspensi\u00f3n de clases"},"content":{"rendered":"<p>[et_pb_section fb_built=\u00bb1&#8243; theme_builder_area=\u00bbpost_content\u00bb _builder_version=\u00bb4.27.0&#8243; _module_preset=\u00bbdefault\u00bb][et_pb_row _builder_version=\u00bb4.27.0&#8243; _module_preset=\u00bbdefault\u00bb theme_builder_area=\u00bbpost_content\u00bb hover_enabled=\u00bb0&#8243; sticky_enabled=\u00bb0&#8243;][et_pb_column _builder_version=\u00bb4.27.0&#8243; _module_preset=\u00bbdefault\u00bb type=\u00bb4_4&#8243; theme_builder_area=\u00bbpost_content\u00bb][et_pb_text _builder_version=\u00bb4.27.0&#8243; _module_preset=\u00bbdefault\u00bb theme_builder_area=\u00bbpost_content\u00bb text_orientation=\u00bbjustified\u00bb hover_enabled=\u00bb0&#8243; sticky_enabled=\u00bb0&#8243;]De acuerdo con la informaci\u00f3n emitida por la Secretar\u00eda Ministerial de Educaci\u00f3n del Biob\u00edo, informamos a la comunidad educativa que no habr\u00e1 actividades acad\u00e9micas ni extracurriculares. Asimismo, no se realizar\u00e1n atenciones ni entrevistas con apoderados\/as.[\/et_pb_text][et_pb_image _builder_version=\u00bb4.27.0&#8243; _module_preset=\u00bbdefault\u00bb theme_builder_area=\u00bbpost_content\u00bb title_text=\u00bbSUSpensio\u0301ndeclases02082024&#8243; src=\u00bbhttps:\/\/www.ceat.cl\/inicio\/wp-content\/uploads\/2024\/08\/SUSpensio\u0301ndeclases02082024.jpg\u00bb box_shadow_style=\u00bbpreset2&#8243; hover_enabled=\u00bb0&#8243; sticky_enabled=\u00bb0&#8243;][\/et_pb_image][\/et_pb_column][\/et_pb_row][\/et_pb_section]<\/p>\n","protected":false},"excerpt":{"rendered":"<p>De acuerdo con la informaci\u00f3n emitida por la Secretar\u00eda Ministerial de Educaci\u00f3n del Biob\u00edo, informamos a la comunidad educativa que no habr\u00e1 actividades acad\u00e9micas ni extracurriculares. Asimismo, no se realizar\u00e1n atenciones ni entrevistas con apoderados\/as.<\/p>\n","protected":false},"author":2,"featured_media":16360,"comment_status":"open","ping_status":"open","sticky":false,"template":"","format":"standard","meta":{"_et_pb_use_builder":"on","_et_pb_old_content":"","_et_gb_content_width":"","footnotes":""},"categories":[5,3],"tags":[],"class_list":["post-16357","post","type-post","status-publish","format-standard","has-post-thumbnail","hentry","category-noticias","category-not-liceo"],"_links":{"self":[{"href":"https:\/\/www.ceat.cl\/inicio\/wp-json\/wp\/v2\/posts\/16357","targetHints":{"allow":["GET"]}}],"collection":[{"href":"https:\/\/www.ceat.cl\/inicio\/wp-json\/wp\/v2\/posts"}],"about":[{"href":"https:\/\/www.ceat.cl\/inicio\/wp-json\/wp\/v2\/types\/post"}],"author":[{"embeddable":true,"href":"https:\/\/www.ceat.cl\/inicio\/wp-json\/wp\/v2\/users\/2"}],"replies":[{"embeddable":true,"href":"https:\/\/www.ceat.cl\/inicio\/wp-json\/wp\/v2\/comments?post=16357"}],"version-history":[{"count":2,"href":"https:\/\/www.ceat.cl\/inicio\/wp-json\/wp\/v2\/posts\/16357\/revisions"}],"predecessor-version":[{"id":16361,"href":"https:\/\/www.ceat.cl\/inicio\/wp-json\/wp\/v2\/posts\/16357\/revisions\/16361"}],"wp:featuredmedia":[{"embeddable":true,"href":"https:\/\/www.ceat.cl\/inicio\/wp-json\/wp\/v2\/media\/16360"}],"wp:attachment":[{"href":"https:\/\/www.ceat.cl\/inicio\/wp-json\/wp\/v2\/media?parent=16357"}],"wp:term":[{"taxonomy":"category","embeddable":true,"href":"https:\/\/www.ceat.cl\/inicio\/wp-json\/wp\/v2\/categories?post=16357"},{"taxonomy":"post_tag","embeddable":true,"href":"https:\/\/www.ceat.cl\/inicio\/wp-json\/wp\/v2\/tags?post=16357"}],"curies":[{"name":"wp","href":"https:\/\/api.w.org\/{rel}","templated":true}]}}