{"id":16387,"date":"2024-08-07T12:54:18","date_gmt":"2024-08-07T15:54:18","guid":{"rendered":"https:\/\/www.ceat.cl\/inicio\/?p=16387"},"modified":"2024-08-07T12:54:21","modified_gmt":"2024-08-07T15:54:21","slug":"jornada-de-alternancia-en-ip-virginio-gomez","status":"publish","type":"post","link":"https:\/\/www.ceat.cl\/inicio\/jornada-de-alternancia-en-ip-virginio-gomez\/","title":{"rendered":"Jornada de alternancia en IP Virginio G\u00f3mez"},"content":{"rendered":"<p>[et_pb_section fb_built=\u00bb1&#8243; theme_builder_area=\u00bbpost_content\u00bb _builder_version=\u00bb4.27.0&#8243; _module_preset=\u00bbdefault\u00bb][et_pb_row _builder_version=\u00bb4.27.0&#8243; _module_preset=\u00bbdefault\u00bb theme_builder_area=\u00bbpost_content\u00bb][et_pb_column _builder_version=\u00bb4.27.0&#8243; _module_preset=\u00bbdefault\u00bb type=\u00bb4_4&#8243; theme_builder_area=\u00bbpost_content\u00bb][et_pb_text _builder_version=\u00bb4.27.0&#8243; _module_preset=\u00bbdefault\u00bb theme_builder_area=\u00bbpost_content\u00bb text_orientation=\u00bbjustified\u00bb hover_enabled=\u00bb0&#8243; sticky_enabled=\u00bb0&#8243;]El mi\u00e9rcoles 31 de julio, los estudiantes de 4\u00ba medio G de Mec\u00e1nica Automotriz participaron en una enriquecedora actividad de profundizaci\u00f3n y complemento de conocimientos en el \u00e1rea de electricidad y electromovilidad. Esta actividad tuvo como objetivo darles a conocer las carreras del \u00e1rea automotriz del Instituto Profesional Virginio G\u00f3mez (IPVG) y realizar una actividad pr\u00e1ctica en los talleres de la Escuela Tecnol\u00f3gica Industrial.<\/p>\n<p>Durante la jornada, nuestros estudiantes participaron en los talleres de: Electromovilidad, Autotr\u00f3nica y Simuladores de Maquinaria Pesada.<\/p>\n<p>Al finalizar, nuestros estudiantes recibieron diplomas en reconocimiento a su participaci\u00f3n y compromiso. Agradecemos al Instituto Profesional Virginio G\u00f3mez por la invitaci\u00f3n y la oportunidad brindada a nuestros alumnos para ampliar sus conocimientos y habilidades en estas \u00e1reas tan relevantes para el futuro de la industria automotriz.[\/et_pb_text][et_pb_image _builder_version=\u00bb4.27.0&#8243; _module_preset=\u00bbdefault\u00bb theme_builder_area=\u00bbpost_content\u00bb hover_enabled=\u00bb0&#8243; sticky_enabled=\u00bb0&#8243; box_shadow_style=\u00bbpreset2&#8243; title_text=\u00bbJornada de alternancia en IP Virginio Go\u0301mez_2&#8243; src=\u00bbhttps:\/\/www.ceat.cl\/inicio\/wp-content\/uploads\/2024\/08\/Jornada-de-alternancia-en-IP-Virginio-Go\u0301mez_2.jpg\u00bb][\/et_pb_image][et_pb_image _builder_version=\u00bb4.27.0&#8243; _module_preset=\u00bbdefault\u00bb theme_builder_area=\u00bbpost_content\u00bb hover_enabled=\u00bb0&#8243; sticky_enabled=\u00bb0&#8243; box_shadow_style=\u00bbpreset2&#8243; title_text=\u00bbJornada de alternancia en IP Virginio Go\u0301mez_1&#8243; src=\u00bbhttps:\/\/www.ceat.cl\/inicio\/wp-content\/uploads\/2024\/08\/Jornada-de-alternancia-en-IP-Virginio-Go\u0301mez_1.jpg\u00bb][\/et_pb_image][\/et_pb_column][\/et_pb_row][\/et_pb_section]<\/p>\n","protected":false},"excerpt":{"rendered":"<p>El mi\u00e9rcoles 31 de julio, los estudiantes de 4\u00ba medio G de Mec\u00e1nica Automotriz participaron en una enriquecedora actividad de profundizaci\u00f3n y complemento de conocimientos en el \u00e1rea de electricidad y electromovilidad. Esta actividad tuvo como objetivo darles a conocer las carreras del \u00e1rea automotriz del Instituto Profesional Virginio G\u00f3mez (IPVG) y realizar una actividad [&hellip;]<\/p>\n","protected":false},"author":2,"featured_media":16391,"comment_status":"open","ping_status":"open","sticky":false,"template":"","format":"standard","meta":{"_et_pb_use_builder":"on","_et_pb_old_content":"","_et_gb_content_width":"","footnotes":""},"categories":[5,3],"tags":[],"class_list":["post-16387","post","type-post","status-publish","format-standard","has-post-thumbnail","hentry","category-noticias","category-not-liceo"],"_links":{"self":[{"href":"https:\/\/www.ceat.cl\/inicio\/wp-json\/wp\/v2\/posts\/16387","targetHints":{"allow":["GET"]}}],"collection":[{"href":"https:\/\/www.ceat.cl\/inicio\/wp-json\/wp\/v2\/posts"}],"about":[{"href":"https:\/\/www.ceat.cl\/inicio\/wp-json\/wp\/v2\/types\/post"}],"author":[{"embeddable":true,"href":"https:\/\/www.ceat.cl\/inicio\/wp-json\/wp\/v2\/users\/2"}],"replies":[{"embeddable":true,"href":"https:\/\/www.ceat.cl\/inicio\/wp-json\/wp\/v2\/comments?post=16387"}],"version-history":[{"count":3,"href":"https:\/\/www.ceat.cl\/inicio\/wp-json\/wp\/v2\/posts\/16387\/revisions"}],"predecessor-version":[{"id":16393,"href":"https:\/\/www.ceat.cl\/inicio\/wp-json\/wp\/v2\/posts\/16387\/revisions\/16393"}],"wp:featuredmedia":[{"embeddable":true,"href":"https:\/\/www.ceat.cl\/inicio\/wp-json\/wp\/v2\/media\/16391"}],"wp:attachment":[{"href":"https:\/\/www.ceat.cl\/inicio\/wp-json\/wp\/v2\/media?parent=16387"}],"wp:term":[{"taxonomy":"category","embeddable":true,"href":"https:\/\/www.ceat.cl\/inicio\/wp-json\/wp\/v2\/categories?post=16387"},{"taxonomy":"post_tag","embeddable":true,"href":"https:\/\/www.ceat.cl\/inicio\/wp-json\/wp\/v2\/tags?post=16387"}],"curies":[{"name":"wp","href":"https:\/\/api.w.org\/{rel}","templated":true}]}}