{"id":16554,"date":"2024-08-30T17:00:26","date_gmt":"2024-08-30T20:00:26","guid":{"rendered":"https:\/\/www.ceat.cl\/inicio\/?p=16554"},"modified":"2024-08-29T22:12:28","modified_gmt":"2024-08-30T01:12:28","slug":"semana-de-la-educacion-tp-charlas-testimoniales","status":"publish","type":"post","link":"https:\/\/www.ceat.cl\/inicio\/semana-de-la-educacion-tp-charlas-testimoniales\/","title":{"rendered":"Semana de la Educaci\u00f3n TP: Charlas Testimoniales"},"content":{"rendered":"<p>[et_pb_section fb_built=\u00bb1&#8243; theme_builder_area=\u00bbpost_content\u00bb _builder_version=\u00bb4.27.0&#8243; _module_preset=\u00bbdefault\u00bb][et_pb_row _builder_version=\u00bb4.27.0&#8243; _module_preset=\u00bbdefault\u00bb theme_builder_area=\u00bbpost_content\u00bb custom_margin=\u00bb5px||8px||false|false\u00bb custom_padding=\u00bb5px||8px||false|false\u00bb hover_enabled=\u00bb0&#8243; sticky_enabled=\u00bb0&#8243;][et_pb_column _builder_version=\u00bb4.27.0&#8243; _module_preset=\u00bbdefault\u00bb type=\u00bb4_4&#8243; theme_builder_area=\u00bbpost_content\u00bb][et_pb_text _builder_version=\u00bb4.27.0&#8243; _module_preset=\u00bbdefault\u00bb theme_builder_area=\u00bbpost_content\u00bb text_orientation=\u00bbjustified\u00bb hover_enabled=\u00bb0&#8243; sticky_enabled=\u00bb0&#8243;]Durante la semana de la educaci\u00f3n t\u00e9cnico profesional, recibimos a destacados exalumnos que compartieron sus experiencias con nuestros estudiantes:<\/p>\n<p>Mec\u00e1nica Automotriz: Nuestro exalumno de la generaci\u00f3n 2013, Jos\u00e9 Tarife\u00f1o, Ingeniero Automotriz y Jefe del Departamento de Repuestos en Chrysler Bruno Fritsch, Concepci\u00f3n, nos brind\u00f3 una inspiradora charla sobre su trayectoria profesional-.<\/p>\n<p>Electr\u00f3nica: Freddy Troncoso, egresado en 2016, comparti\u00f3 sus valiosas experiencias y conocimientos con nuestros estudiantes de electr\u00f3nica, motiv\u00e1ndolos a seguir sus pasos en el mundo de la tecnolog\u00eda.<\/p>\n<p>Mec\u00e1nica Industrial (4\u00b0 Medio E): Ariel Avil\u00e9s, Ingeniero en Mantenimiento Industrial y exalumno de nuestra especialidad de Mec\u00e1nica Industrial (generaci\u00f3n 2014), ofreci\u00f3 una charla sobre su carrera profesional y las oportunidades en el campo del mantenimiento industrial.<\/p>\n<p>Telecomunicaciones: Pablo G\u00f3mez, Ingeniero en Conectividad y Redes, egresado en 2018, quien actualmente trabaja en la Facultad de Ciencias Naturales y Oceanogr\u00e1ficas de la UdeC como Administrador y Soporte de Redes, comparti\u00f3 sus experiencias y el impacto de su formaci\u00f3n en telecomunicaciones en su carrera profesional.<\/p>\n<p>Agradecemos a nuestros exalumnos por sus valiosas contribuciones y por inspirar a nuestros estudiantes a alcanzar sus metas profesionales.[\/et_pb_text][\/et_pb_column][\/et_pb_row][et_pb_row _builder_version=\u00bb4.27.0&#8243; _module_preset=\u00bbdefault\u00bb theme_builder_area=\u00bbpost_content\u00bb custom_margin=\u00bb5px||8px||false|false\u00bb custom_padding=\u00bb5px||8px||false|false\u00bb hover_enabled=\u00bb0&#8243; sticky_enabled=\u00bb0&#8243; column_structure=\u00bb1_2,1_2&#8243;][et_pb_column _builder_version=\u00bb4.27.0&#8243; _module_preset=\u00bbdefault\u00bb type=\u00bb1_2&#8243; theme_builder_area=\u00bbpost_content\u00bb][et_pb_image _builder_version=\u00bb4.27.0&#8243; _module_preset=\u00bbdefault\u00bb theme_builder_area=\u00bbpost_content\u00bb title_text=\u00bbSemana de la Educacio\u0301n TP: Charlas Testimoniales_1&#8243; src=\u00bbhttps:\/\/www.ceat.cl\/inicio\/wp-content\/uploads\/2024\/08\/Semana-de-la-Educacio\u0301n-TP-Charlas-Testimoniales_1.jpg\u00bb box_shadow_style=\u00bbpreset2&#8243; hover_enabled=\u00bb0&#8243; sticky_enabled=\u00bb0&#8243;][\/et_pb_image][et_pb_image _builder_version=\u00bb4.27.0&#8243; _module_preset=\u00bbdefault\u00bb theme_builder_area=\u00bbpost_content\u00bb title_text=\u00bbSemana de la Educacio\u0301n TP: Charlas Testimoniales_9&#8243; src=\u00bbhttps:\/\/www.ceat.cl\/inicio\/wp-content\/uploads\/2024\/08\/Semana-de-la-Educacio\u0301n-TP-Charlas-Testimoniales_9.jpg\u00bb box_shadow_style=\u00bbpreset2&#8243; hover_enabled=\u00bb0&#8243; sticky_enabled=\u00bb0&#8243;][\/et_pb_image][\/et_pb_column][et_pb_column _builder_version=\u00bb4.27.0&#8243; _module_preset=\u00bbdefault\u00bb type=\u00bb1_2&#8243; theme_builder_area=\u00bbpost_content\u00bb][et_pb_image _builder_version=\u00bb4.27.0&#8243; _module_preset=\u00bbdefault\u00bb theme_builder_area=\u00bbpost_content\u00bb title_text=\u00bbSemana de la Educacio\u0301n TP: Charlas Testimoniales_5&#8243; src=\u00bbhttps:\/\/www.ceat.cl\/inicio\/wp-content\/uploads\/2024\/08\/Semana-de-la-Educacio\u0301n-TP-Charlas-Testimoniales_5.jpg\u00bb box_shadow_style=\u00bbpreset2&#8243; hover_enabled=\u00bb0&#8243; sticky_enabled=\u00bb0&#8243;][\/et_pb_image][et_pb_image _builder_version=\u00bb4.27.0&#8243; _module_preset=\u00bbdefault\u00bb theme_builder_area=\u00bbpost_content\u00bb title_text=\u00bbSemana de la Educacio\u0301n TP: Charlas Testimoniales_12&#8243; src=\u00bbhttps:\/\/www.ceat.cl\/inicio\/wp-content\/uploads\/2024\/08\/Semana-de-la-Educacio\u0301n-TP-Charlas-Testimoniales_12.jpg\u00bb box_shadow_style=\u00bbpreset2&#8243; hover_enabled=\u00bb0&#8243; sticky_enabled=\u00bb0&#8243;][\/et_pb_image][\/et_pb_column][\/et_pb_row][\/et_pb_section]<\/p>\n","protected":false},"excerpt":{"rendered":"<p>Durante la semana de la educaci\u00f3n t\u00e9cnico profesional, recibimos a destacados exalumnos que compartieron sus experiencias con nuestros estudiantes: Mec\u00e1nica Automotriz: Nuestro exalumno de la generaci\u00f3n 2013, Jos\u00e9 Tarife\u00f1o, Ingeniero Automotriz y Jefe del Departamento de Repuestos en Chrysler Bruno Fritsch, Concepci\u00f3n, nos brind\u00f3 una inspiradora charla sobre su trayectoria profesional-. Electr\u00f3nica: Freddy Troncoso, egresado [&hellip;]<\/p>\n","protected":false},"author":2,"featured_media":16561,"comment_status":"open","ping_status":"open","sticky":false,"template":"","format":"standard","meta":{"_et_pb_use_builder":"on","_et_pb_old_content":"","_et_gb_content_width":"","footnotes":""},"categories":[5,3],"tags":[],"class_list":["post-16554","post","type-post","status-publish","format-standard","has-post-thumbnail","hentry","category-noticias","category-not-liceo"],"_links":{"self":[{"href":"https:\/\/www.ceat.cl\/inicio\/wp-json\/wp\/v2\/posts\/16554","targetHints":{"allow":["GET"]}}],"collection":[{"href":"https:\/\/www.ceat.cl\/inicio\/wp-json\/wp\/v2\/posts"}],"about":[{"href":"https:\/\/www.ceat.cl\/inicio\/wp-json\/wp\/v2\/types\/post"}],"author":[{"embeddable":true,"href":"https:\/\/www.ceat.cl\/inicio\/wp-json\/wp\/v2\/users\/2"}],"replies":[{"embeddable":true,"href":"https:\/\/www.ceat.cl\/inicio\/wp-json\/wp\/v2\/comments?post=16554"}],"version-history":[{"count":2,"href":"https:\/\/www.ceat.cl\/inicio\/wp-json\/wp\/v2\/posts\/16554\/revisions"}],"predecessor-version":[{"id":16562,"href":"https:\/\/www.ceat.cl\/inicio\/wp-json\/wp\/v2\/posts\/16554\/revisions\/16562"}],"wp:featuredmedia":[{"embeddable":true,"href":"https:\/\/www.ceat.cl\/inicio\/wp-json\/wp\/v2\/media\/16561"}],"wp:attachment":[{"href":"https:\/\/www.ceat.cl\/inicio\/wp-json\/wp\/v2\/media?parent=16554"}],"wp:term":[{"taxonomy":"category","embeddable":true,"href":"https:\/\/www.ceat.cl\/inicio\/wp-json\/wp\/v2\/categories?post=16554"},{"taxonomy":"post_tag","embeddable":true,"href":"https:\/\/www.ceat.cl\/inicio\/wp-json\/wp\/v2\/tags?post=16554"}],"curies":[{"name":"wp","href":"https:\/\/api.w.org\/{rel}","templated":true}]}}