{"id":16752,"date":"2024-09-27T15:25:43","date_gmt":"2024-09-27T18:25:43","guid":{"rendered":"https:\/\/www.ceat.cl\/inicio\/?p=16752"},"modified":"2024-09-27T15:25:47","modified_gmt":"2024-09-27T18:25:47","slug":"punto-limpio-movil","status":"publish","type":"post","link":"https:\/\/www.ceat.cl\/inicio\/punto-limpio-movil\/","title":{"rendered":"Punto Limpio M\u00f3vil"},"content":{"rendered":"<p>[et_pb_section fb_built=\u00bb1&#8243; theme_builder_area=\u00bbpost_content\u00bb _builder_version=\u00bb4.27.0&#8243; _module_preset=\u00bbdefault\u00bb][et_pb_row _builder_version=\u00bb4.27.0&#8243; _module_preset=\u00bbdefault\u00bb theme_builder_area=\u00bbpost_content\u00bb][et_pb_column _builder_version=\u00bb4.27.0&#8243; _module_preset=\u00bbdefault\u00bb type=\u00bb4_4&#8243; theme_builder_area=\u00bbpost_content\u00bb][et_pb_text _builder_version=\u00bb4.27.0&#8243; _module_preset=\u00bbdefault\u00bb theme_builder_area=\u00bbpost_content\u00bb text_orientation=\u00bbjustified\u00bb hover_enabled=\u00bb0&#8243; sticky_enabled=\u00bb0&#8243;]Felicitamos a los estudiantes que utilizan regularmente el punto limpio m\u00f3vil, disponible para la comunidad los d\u00edas viernes, gracias a la colaboraci\u00f3n de la Municipalidad de San Pedro de la Paz. Esta iniciativa busca promover la conciencia sobre la importancia del reciclaje y la gesti\u00f3n de residuos. Destacamos especialmente la gesti\u00f3n del 4to a\u00f1o E por su compromiso con el medio ambiente. Este servicio itinerante permite a los j\u00f3venes depositar materiales reciclables de manera f\u00e1cil y accesible, fomentando pr\u00e1cticas sostenibles en la comunidad.<\/p>\n<p>Invitamos a todos los miembros de la comunidad a participar activamente en esta iniciativa, ya que su compromiso es clave para el \u00e9xito del proyecto.[\/et_pb_text][et_pb_image _builder_version=\u00bb4.27.0&#8243; _module_preset=\u00bbdefault\u00bb theme_builder_area=\u00bbpost_content\u00bb title_text=\u00bbPunto Limpio Mo\u0301vil\u00bb src=\u00bbhttps:\/\/www.ceat.cl\/inicio\/wp-content\/uploads\/2024\/09\/Punto-Limpio-Mo\u0301vil.jpg\u00bb box_shadow_style=\u00bbpreset2&#8243; hover_enabled=\u00bb0&#8243; sticky_enabled=\u00bb0&#8243;][\/et_pb_image][\/et_pb_column][\/et_pb_row][\/et_pb_section]<\/p>\n","protected":false},"excerpt":{"rendered":"<p>Felicitamos a los estudiantes que utilizan regularmente el punto limpio m\u00f3vil, disponible para la comunidad los d\u00edas viernes, gracias a la colaboraci\u00f3n de la Municipalidad de San Pedro de la Paz. Esta iniciativa busca promover la conciencia sobre la importancia del reciclaje y la gesti\u00f3n de residuos. Destacamos especialmente la gesti\u00f3n del 4to a\u00f1o E [&hellip;]<\/p>\n","protected":false},"author":2,"featured_media":16755,"comment_status":"open","ping_status":"open","sticky":false,"template":"","format":"standard","meta":{"_et_pb_use_builder":"on","_et_pb_old_content":"","_et_gb_content_width":"","footnotes":""},"categories":[5,3],"tags":[],"class_list":["post-16752","post","type-post","status-publish","format-standard","has-post-thumbnail","hentry","category-noticias","category-not-liceo"],"_links":{"self":[{"href":"https:\/\/www.ceat.cl\/inicio\/wp-json\/wp\/v2\/posts\/16752","targetHints":{"allow":["GET"]}}],"collection":[{"href":"https:\/\/www.ceat.cl\/inicio\/wp-json\/wp\/v2\/posts"}],"about":[{"href":"https:\/\/www.ceat.cl\/inicio\/wp-json\/wp\/v2\/types\/post"}],"author":[{"embeddable":true,"href":"https:\/\/www.ceat.cl\/inicio\/wp-json\/wp\/v2\/users\/2"}],"replies":[{"embeddable":true,"href":"https:\/\/www.ceat.cl\/inicio\/wp-json\/wp\/v2\/comments?post=16752"}],"version-history":[{"count":2,"href":"https:\/\/www.ceat.cl\/inicio\/wp-json\/wp\/v2\/posts\/16752\/revisions"}],"predecessor-version":[{"id":16756,"href":"https:\/\/www.ceat.cl\/inicio\/wp-json\/wp\/v2\/posts\/16752\/revisions\/16756"}],"wp:featuredmedia":[{"embeddable":true,"href":"https:\/\/www.ceat.cl\/inicio\/wp-json\/wp\/v2\/media\/16755"}],"wp:attachment":[{"href":"https:\/\/www.ceat.cl\/inicio\/wp-json\/wp\/v2\/media?parent=16752"}],"wp:term":[{"taxonomy":"category","embeddable":true,"href":"https:\/\/www.ceat.cl\/inicio\/wp-json\/wp\/v2\/categories?post=16752"},{"taxonomy":"post_tag","embeddable":true,"href":"https:\/\/www.ceat.cl\/inicio\/wp-json\/wp\/v2\/tags?post=16752"}],"curies":[{"name":"wp","href":"https:\/\/api.w.org\/{rel}","templated":true}]}}