{"id":16836,"date":"2024-10-08T10:43:12","date_gmt":"2024-10-08T13:43:12","guid":{"rendered":"https:\/\/www.ceat.cl\/inicio\/?p=16836"},"modified":"2024-10-08T10:43:16","modified_gmt":"2024-10-08T13:43:16","slug":"taller-de-plan-local-de-cambio-climatico","status":"publish","type":"post","link":"https:\/\/www.ceat.cl\/inicio\/taller-de-plan-local-de-cambio-climatico\/","title":{"rendered":"Taller de Plan Local de Cambio Clim\u00e1tico"},"content":{"rendered":"<p>[et_pb_section fb_built=\u00bb1&#8243; theme_builder_area=\u00bbpost_content\u00bb _builder_version=\u00bb4.27.0&#8243; _module_preset=\u00bbdefault\u00bb][et_pb_row _builder_version=\u00bb4.27.0&#8243; _module_preset=\u00bbdefault\u00bb theme_builder_area=\u00bbpost_content\u00bb][et_pb_column _builder_version=\u00bb4.27.0&#8243; _module_preset=\u00bbdefault\u00bb type=\u00bb4_4&#8243; theme_builder_area=\u00bbpost_content\u00bb][et_pb_text _builder_version=\u00bb4.27.0&#8243; _module_preset=\u00bbdefault\u00bb theme_builder_area=\u00bbpost_content\u00bb text_orientation=\u00bbjustified\u00bb hover_enabled=\u00bb0&#8243; sticky_enabled=\u00bb0&#8243;]Dentro del enfoque medioambiental del CEAT, estudiantes de 1\u00b0 a 4\u00b0 a\u00f1o medio participaron en un taller colaborativo para elaborar el Plan Local de Cambio Clim\u00e1tico Comunal de San Pedro de la Paz. Durante esta actividad, los j\u00f3venes compartieron su perspectiva innovadora, expresando ideas y preocupaciones sobre el cambio clim\u00e1tico.<br \/>\nEl enfoque comunitario del taller promovi\u00f3 un di\u00e1logo enriquecedor entre estudiantes y facilitadores, subrayando c\u00f3mo tanto las acciones individuales como las colectivas pueden contribuir a un entorno m\u00e1s sostenible. La participaci\u00f3n activa de los alumnos fue fundamental para el \u00e9xito del proceso, convirtiendo el taller en un espacio para fortalecer el compromiso colectivo hacia la sostenibilidad y capacitar a los estudiantes para que se conviertan en agentes de cambio en su comunidad.<br \/>\n[\/et_pb_text][et_pb_image _builder_version=\u00bb4.27.0&#8243; _module_preset=\u00bbdefault\u00bb theme_builder_area=\u00bbpost_content\u00bb title_text=\u00bbTaller Colaborativo para un Plan Local de Cambio Clima\u0301tico_2&#8243; src=\u00bbhttps:\/\/www.ceat.cl\/inicio\/wp-content\/uploads\/2024\/10\/Taller-Colaborativo-para-un-Plan-Local-de-Cambio-Clima\u0301tico_2.jpg\u00bb box_shadow_style=\u00bbpreset2&#8243; hover_enabled=\u00bb0&#8243; sticky_enabled=\u00bb0&#8243;][\/et_pb_image][et_pb_image _builder_version=\u00bb4.27.0&#8243; _module_preset=\u00bbdefault\u00bb theme_builder_area=\u00bbpost_content\u00bb title_text=\u00bbTaller Colaborativo para un Plan Local de Cambio Clima\u0301tico_1&#8243; src=\u00bbhttps:\/\/www.ceat.cl\/inicio\/wp-content\/uploads\/2024\/10\/Taller-Colaborativo-para-un-Plan-Local-de-Cambio-Clima\u0301tico_1.jpg\u00bb box_shadow_style=\u00bbpreset2&#8243; hover_enabled=\u00bb0&#8243; sticky_enabled=\u00bb0&#8243;][\/et_pb_image][\/et_pb_column][\/et_pb_row][\/et_pb_section]<\/p>\n","protected":false},"excerpt":{"rendered":"<p>Dentro del enfoque medioambiental del CEAT, estudiantes de 1\u00b0 a 4\u00b0 a\u00f1o medio participaron en un taller colaborativo para elaborar el Plan Local de Cambio Clim\u00e1tico Comunal de San Pedro de la Paz. Durante esta actividad, los j\u00f3venes compartieron su perspectiva innovadora, expresando ideas y preocupaciones sobre el cambio clim\u00e1tico. El enfoque comunitario del taller [&hellip;]<\/p>\n","protected":false},"author":2,"featured_media":16839,"comment_status":"open","ping_status":"open","sticky":false,"template":"","format":"standard","meta":{"_et_pb_use_builder":"on","_et_pb_old_content":"","_et_gb_content_width":"","footnotes":""},"categories":[5,3],"tags":[],"class_list":["post-16836","post","type-post","status-publish","format-standard","has-post-thumbnail","hentry","category-noticias","category-not-liceo"],"_links":{"self":[{"href":"https:\/\/www.ceat.cl\/inicio\/wp-json\/wp\/v2\/posts\/16836","targetHints":{"allow":["GET"]}}],"collection":[{"href":"https:\/\/www.ceat.cl\/inicio\/wp-json\/wp\/v2\/posts"}],"about":[{"href":"https:\/\/www.ceat.cl\/inicio\/wp-json\/wp\/v2\/types\/post"}],"author":[{"embeddable":true,"href":"https:\/\/www.ceat.cl\/inicio\/wp-json\/wp\/v2\/users\/2"}],"replies":[{"embeddable":true,"href":"https:\/\/www.ceat.cl\/inicio\/wp-json\/wp\/v2\/comments?post=16836"}],"version-history":[{"count":2,"href":"https:\/\/www.ceat.cl\/inicio\/wp-json\/wp\/v2\/posts\/16836\/revisions"}],"predecessor-version":[{"id":16841,"href":"https:\/\/www.ceat.cl\/inicio\/wp-json\/wp\/v2\/posts\/16836\/revisions\/16841"}],"wp:featuredmedia":[{"embeddable":true,"href":"https:\/\/www.ceat.cl\/inicio\/wp-json\/wp\/v2\/media\/16839"}],"wp:attachment":[{"href":"https:\/\/www.ceat.cl\/inicio\/wp-json\/wp\/v2\/media?parent=16836"}],"wp:term":[{"taxonomy":"category","embeddable":true,"href":"https:\/\/www.ceat.cl\/inicio\/wp-json\/wp\/v2\/categories?post=16836"},{"taxonomy":"post_tag","embeddable":true,"href":"https:\/\/www.ceat.cl\/inicio\/wp-json\/wp\/v2\/tags?post=16836"}],"curies":[{"name":"wp","href":"https:\/\/api.w.org\/{rel}","templated":true}]}}