{"id":16894,"date":"2024-10-15T09:35:10","date_gmt":"2024-10-15T12:35:10","guid":{"rendered":"https:\/\/www.ceat.cl\/inicio\/?p=16894"},"modified":"2024-10-16T11:45:50","modified_gmt":"2024-10-16T14:45:50","slug":"taller-de-huerto-escolar-visita-museo-p-del-rio-zanartu","status":"publish","type":"post","link":"https:\/\/www.ceat.cl\/inicio\/taller-de-huerto-escolar-visita-museo-p-del-rio-zanartu\/","title":{"rendered":"Taller de Huerto Escolar visita Museo P. del R\u00edo Za\u00f1artu"},"content":{"rendered":"<p>[et_pb_section fb_built=\u00bb1&#8243; _builder_version=\u00bb4.27.0&#8243; _module_preset=\u00bbdefault\u00bb global_colors_info=\u00bb{}\u00bb][et_pb_row _builder_version=\u00bb4.27.0&#8243; _module_preset=\u00bbdefault\u00bb global_colors_info=\u00bb{}\u00bb][et_pb_column type=\u00bb4_4&#8243; _builder_version=\u00bb4.27.0&#8243; _module_preset=\u00bbdefault\u00bb global_colors_info=\u00bb{}\u00bb][et_pb_text _builder_version=\u00bb4.27.0&#8243; _module_preset=\u00bbdefault\u00bb text_orientation=\u00bbjustified\u00bb global_colors_info=\u00bb{}\u00bb]El Taller de Huerto Escolar se extiende m\u00e1s all\u00e1 del aula, brindando a los estudiantes una oportunidad \u00fanica de aprender sobre conservaci\u00f3n ambiental en un entorno natural. Durante la visita al Parque Pedro del R\u00edo Za\u00f1artu, los alumnos participan en una caminata guiada por el Sendero de la Estaci\u00f3n de Biolog\u00eda Terrestre de la Udec, donde exploran la biodiversidad local y aprenden sobre la importancia de la conservaci\u00f3n de ecosistemas.<\/p>\n<p>Adem\u00e1s, los estudiantes tienen la oportunidad de involucrarse en actividades de restauraci\u00f3n en el Centro de Flora Nativa del parque, lo que les permite aplicar sus conocimientos de manera pr\u00e1ctica. Este intercambio no solo enriquece su aprendizaje, sino que tambi\u00e9n fomenta el trabajo comunitario, el di\u00e1logo, desarrollan  un sentido de responsabilidad y conexi\u00f3n con la naturaleza, convirti\u00e9ndose en agentes de cambio en su comunidad.[\/et_pb_text][et_pb_image src=\u00bbhttps:\/\/www.ceat.cl\/inicio\/wp-content\/uploads\/2024\/10\/Taller-de-Huerto-Escolar-visita-Museo-P.-del-Ri\u0301o-Zan\u0303artu2.jpg\u00bb title_text=\u00bbTaller de Huerto Escolar visita Museo P. del Ri\u0301o Zan\u0303artu2&#8243; _builder_version=\u00bb4.27.0&#8243; _module_preset=\u00bbdefault\u00bb box_shadow_style=\u00bbpreset2&#8243; global_colors_info=\u00bb{}\u00bb][\/et_pb_image][et_pb_image src=\u00bbhttps:\/\/www.ceat.cl\/inicio\/wp-content\/uploads\/2024\/10\/Taller-de-Huerto-Escolar-visita-Museo-P.-del-Ri\u0301o-Zan\u0303artu1.jpg\u00bb title_text=\u00bbTaller de Huerto Escolar visita Museo P. del Ri\u0301o Zan\u0303artu1&#8243; _builder_version=\u00bb4.27.0&#8243; _module_preset=\u00bbdefault\u00bb box_shadow_style=\u00bbpreset2&#8243; global_colors_info=\u00bb{}\u00bb][\/et_pb_image][\/et_pb_column][\/et_pb_row][\/et_pb_section]<\/p>\n","protected":false},"excerpt":{"rendered":"<p>El Taller de Huerto Escolar se extiende m\u00e1s all\u00e1 del aula, brindando a los estudiantes una oportunidad \u00fanica de aprender sobre conservaci\u00f3n ambiental en un entorno natural. Durante la visita al Parque Pedro del R\u00edo Za\u00f1artu, los alumnos participan en una caminata guiada por el Sendero de la Estaci\u00f3n de Biolog\u00eda Terrestre de la Udec, [&hellip;]<\/p>\n","protected":false},"author":2,"featured_media":16897,"comment_status":"open","ping_status":"open","sticky":false,"template":"","format":"standard","meta":{"_et_pb_use_builder":"on","_et_pb_old_content":"","_et_gb_content_width":"","footnotes":""},"categories":[5,3],"tags":[],"class_list":["post-16894","post","type-post","status-publish","format-standard","has-post-thumbnail","hentry","category-noticias","category-not-liceo"],"_links":{"self":[{"href":"https:\/\/www.ceat.cl\/inicio\/wp-json\/wp\/v2\/posts\/16894","targetHints":{"allow":["GET"]}}],"collection":[{"href":"https:\/\/www.ceat.cl\/inicio\/wp-json\/wp\/v2\/posts"}],"about":[{"href":"https:\/\/www.ceat.cl\/inicio\/wp-json\/wp\/v2\/types\/post"}],"author":[{"embeddable":true,"href":"https:\/\/www.ceat.cl\/inicio\/wp-json\/wp\/v2\/users\/2"}],"replies":[{"embeddable":true,"href":"https:\/\/www.ceat.cl\/inicio\/wp-json\/wp\/v2\/comments?post=16894"}],"version-history":[{"count":3,"href":"https:\/\/www.ceat.cl\/inicio\/wp-json\/wp\/v2\/posts\/16894\/revisions"}],"predecessor-version":[{"id":16900,"href":"https:\/\/www.ceat.cl\/inicio\/wp-json\/wp\/v2\/posts\/16894\/revisions\/16900"}],"wp:featuredmedia":[{"embeddable":true,"href":"https:\/\/www.ceat.cl\/inicio\/wp-json\/wp\/v2\/media\/16897"}],"wp:attachment":[{"href":"https:\/\/www.ceat.cl\/inicio\/wp-json\/wp\/v2\/media?parent=16894"}],"wp:term":[{"taxonomy":"category","embeddable":true,"href":"https:\/\/www.ceat.cl\/inicio\/wp-json\/wp\/v2\/categories?post=16894"},{"taxonomy":"post_tag","embeddable":true,"href":"https:\/\/www.ceat.cl\/inicio\/wp-json\/wp\/v2\/tags?post=16894"}],"curies":[{"name":"wp","href":"https:\/\/api.w.org\/{rel}","templated":true}]}}