{"id":16930,"date":"2024-10-16T13:00:25","date_gmt":"2024-10-16T16:00:25","guid":{"rendered":"https:\/\/www.ceat.cl\/inicio\/?p=16930"},"modified":"2024-10-16T12:30:08","modified_gmt":"2024-10-16T15:30:08","slug":"celebrando-la-comunidad-educativa-en-el-ceat","status":"publish","type":"post","link":"https:\/\/www.ceat.cl\/inicio\/celebrando-la-comunidad-educativa-en-el-ceat\/","title":{"rendered":"\u00a1Celebrando la Comunidad Educativa en el CEAT!"},"content":{"rendered":"<p>[et_pb_section fb_built=\u00bb1&#8243; _builder_version=\u00bb4.27.0&#8243; _module_preset=\u00bbdefault\u00bb global_colors_info=\u00bb{}\u00bb][et_pb_row _builder_version=\u00bb4.27.0&#8243; _module_preset=\u00bbdefault\u00bb global_colors_info=\u00bb{}\u00bb][et_pb_column type=\u00bb4_4&#8243; _builder_version=\u00bb4.27.0&#8243; _module_preset=\u00bbdefault\u00bb global_colors_info=\u00bb{}\u00bb][et_pb_text _builder_version=\u00bb4.27.0&#8243; _module_preset=\u00bbdefault\u00bb text_orientation=\u00bbjustified\u00bb global_colors_info=\u00bb{}\u00bb]El lunes 14 de octubre, el Centro General de Padres y Apoderados de nuestro querido CEAT organiz\u00f3 una maravillosa recepci\u00f3n para todos los asistentes de la educaci\u00f3n y docentes de nuestro liceo. Este encuentro, que se llev\u00f3 a cabo antes del consejo de profesores, fue una oportunidad perfecta para disfrutar de momentos de esparcimiento y camarader\u00eda entre todos los presentes.<\/p>\n<p>Queremos expresar nuestro m\u00e1s sincero agradecimiento al Centro General de Padres por este hermoso gesto, que resalta la importancia del trabajo en equipo y la colaboraci\u00f3n en nuestra comunidad educativa. Esta recepci\u00f3n se celebr\u00f3 en el marco del D\u00eda del Asistente de la Educaci\u00f3n y el D\u00eda del Profesor, reconociendo el valioso aporte de cada uno en el crecimiento de nuestros estudiantes.[\/et_pb_text][et_pb_image src=\u00bbhttps:\/\/www.ceat.cl\/inicio\/wp-content\/uploads\/2024\/10\/\u00a1Celebrando-la-Comunidad-Educativa-en-el-CEAT-_2.jpg\u00bb title_text=\u00bb\u00a1Celebrando la Comunidad Educativa en el CEAT! _2&#8243; _builder_version=\u00bb4.27.0&#8243; _module_preset=\u00bbdefault\u00bb box_shadow_style=\u00bbpreset2&#8243; global_colors_info=\u00bb{}\u00bb][\/et_pb_image][et_pb_image src=\u00bbhttps:\/\/www.ceat.cl\/inicio\/wp-content\/uploads\/2024\/10\/\u00a1Celebrando-la-Comunidad-Educativa-en-el-CEAT-_1.jpg\u00bb title_text=\u00bb\u00a1Celebrando la Comunidad Educativa en el CEAT! _1&#8243; _builder_version=\u00bb4.27.0&#8243; _module_preset=\u00bbdefault\u00bb box_shadow_style=\u00bbpreset2&#8243; global_colors_info=\u00bb{}\u00bb][\/et_pb_image][\/et_pb_column][\/et_pb_row][\/et_pb_section]<\/p>\n","protected":false},"excerpt":{"rendered":"<p>El lunes 14 de octubre, el Centro General de Padres y Apoderados de nuestro querido CEAT organiz\u00f3 una maravillosa recepci\u00f3n para todos los asistentes de la educaci\u00f3n y docentes de nuestro liceo. Este encuentro, que se llev\u00f3 a cabo antes del consejo de profesores, fue una oportunidad perfecta para disfrutar de momentos de esparcimiento y [&hellip;]<\/p>\n","protected":false},"author":2,"featured_media":16933,"comment_status":"open","ping_status":"open","sticky":false,"template":"","format":"standard","meta":{"_et_pb_use_builder":"on","_et_pb_old_content":"","_et_gb_content_width":"","footnotes":""},"categories":[5,3],"tags":[],"class_list":["post-16930","post","type-post","status-publish","format-standard","has-post-thumbnail","hentry","category-noticias","category-not-liceo"],"_links":{"self":[{"href":"https:\/\/www.ceat.cl\/inicio\/wp-json\/wp\/v2\/posts\/16930","targetHints":{"allow":["GET"]}}],"collection":[{"href":"https:\/\/www.ceat.cl\/inicio\/wp-json\/wp\/v2\/posts"}],"about":[{"href":"https:\/\/www.ceat.cl\/inicio\/wp-json\/wp\/v2\/types\/post"}],"author":[{"embeddable":true,"href":"https:\/\/www.ceat.cl\/inicio\/wp-json\/wp\/v2\/users\/2"}],"replies":[{"embeddable":true,"href":"https:\/\/www.ceat.cl\/inicio\/wp-json\/wp\/v2\/comments?post=16930"}],"version-history":[{"count":3,"href":"https:\/\/www.ceat.cl\/inicio\/wp-json\/wp\/v2\/posts\/16930\/revisions"}],"predecessor-version":[{"id":16937,"href":"https:\/\/www.ceat.cl\/inicio\/wp-json\/wp\/v2\/posts\/16930\/revisions\/16937"}],"wp:featuredmedia":[{"embeddable":true,"href":"https:\/\/www.ceat.cl\/inicio\/wp-json\/wp\/v2\/media\/16933"}],"wp:attachment":[{"href":"https:\/\/www.ceat.cl\/inicio\/wp-json\/wp\/v2\/media?parent=16930"}],"wp:term":[{"taxonomy":"category","embeddable":true,"href":"https:\/\/www.ceat.cl\/inicio\/wp-json\/wp\/v2\/categories?post=16930"},{"taxonomy":"post_tag","embeddable":true,"href":"https:\/\/www.ceat.cl\/inicio\/wp-json\/wp\/v2\/tags?post=16930"}],"curies":[{"name":"wp","href":"https:\/\/api.w.org\/{rel}","templated":true}]}}