{"id":17057,"date":"2024-11-05T15:00:11","date_gmt":"2024-11-05T18:00:11","guid":{"rendered":"https:\/\/www.ceat.cl\/inicio\/?p=17057"},"modified":"2024-11-05T15:01:55","modified_gmt":"2024-11-05T18:01:55","slug":"jornadas-de-capacitacion-para-jovenes-lideres","status":"publish","type":"post","link":"https:\/\/www.ceat.cl\/inicio\/jornadas-de-capacitacion-para-jovenes-lideres\/","title":{"rendered":"Jornadas de Capacitaci\u00f3n para J\u00f3venes L\u00edderes"},"content":{"rendered":"<p>[et_pb_section fb_built=\u00bb1&#8243; _builder_version=\u00bb4.27.0&#8243; _module_preset=\u00bbdefault\u00bb global_colors_info=\u00bb{}\u00bb][et_pb_row _builder_version=\u00bb4.27.0&#8243; _module_preset=\u00bbdefault\u00bb custom_margin=\u00bb5px||5px||false|false\u00bb custom_padding=\u00bb5px||5px||false|false\u00bb global_colors_info=\u00bb{}\u00bb][et_pb_column type=\u00bb4_4&#8243; _builder_version=\u00bb4.27.0&#8243; _module_preset=\u00bbdefault\u00bb global_colors_info=\u00bb{}\u00bb][et_pb_text _builder_version=\u00bb4.27.0&#8243; _module_preset=\u00bbdefault\u00bb text_orientation=\u00bbjustified\u00bb hover_enabled=\u00bb0&#8243; global_colors_info=\u00bb{}\u00bb sticky_enabled=\u00bb0&#8243;]Las jornadas de capacitaci\u00f3n juvenil enfocadas en j\u00f3venes l\u00edderes de San Pedro de la Paz se estar\u00e1n llevando a cabo los d\u00edas martes 5 y 12 de noviembre en la Biblioteca P\u00fablica de San Pedro de la Paz. La actividad es liderada por Felipe Cartes Salgado, cientista pol\u00edtico y presidente del Directorio Observatorio Pol\u00edtica y Defensa. Estas jornadas tienen como objetivo entregar a los j\u00f3venes herramientas clave para comprender y fortalecer su rol como ciudadanos, promoviendo, adem\u00e1s, una mayor vinculaci\u00f3n entre las instituciones educativas y la Oficina Municipal de J\u00f3venes.[\/et_pb_text][\/et_pb_column][\/et_pb_row][et_pb_row column_structure=\u00bb1_2,1_2&#8243; _builder_version=\u00bb4.27.0&#8243; _module_preset=\u00bbdefault\u00bb custom_margin=\u00bb5px||5px||false|false\u00bb custom_padding=\u00bb5px||5px||false|false\u00bb global_colors_info=\u00bb{}\u00bb][et_pb_column type=\u00bb1_2&#8243; _builder_version=\u00bb4.27.0&#8243; _module_preset=\u00bbdefault\u00bb global_colors_info=\u00bb{}\u00bb][et_pb_image src=\u00bbhttps:\/\/www.ceat.cl\/inicio\/wp-content\/uploads\/2024\/11\/Jornadas-de-Capacitacio\u0301n-para-Jo\u0301venes-Li\u0301deres_1.jpg\u00bb title_text=\u00bbJornadas de Capacitacio\u0301n para Jo\u0301venes Li\u0301deres_1&#8243; _builder_version=\u00bb4.27.0&#8243; _module_preset=\u00bbdefault\u00bb box_shadow_style=\u00bbpreset2&#8243; global_colors_info=\u00bb{}\u00bb][\/et_pb_image][\/et_pb_column][et_pb_column type=\u00bb1_2&#8243; _builder_version=\u00bb4.27.0&#8243; _module_preset=\u00bbdefault\u00bb global_colors_info=\u00bb{}\u00bb][et_pb_image src=\u00bbhttps:\/\/www.ceat.cl\/inicio\/wp-content\/uploads\/2024\/11\/Jornadas-de-Capacitacio\u0301n-para-Jo\u0301venes-Li\u0301deres_3.jpg\u00bb title_text=\u00bbJornadas de Capacitacio\u0301n para Jo\u0301venes Li\u0301deres_3&#8243; _builder_version=\u00bb4.27.0&#8243; _module_preset=\u00bbdefault\u00bb box_shadow_style=\u00bbpreset2&#8243; global_colors_info=\u00bb{}\u00bb][\/et_pb_image][\/et_pb_column][\/et_pb_row][et_pb_row _builder_version=\u00bb4.27.0&#8243; _module_preset=\u00bbdefault\u00bb custom_margin=\u00bb5px||5px||false|false\u00bb custom_padding=\u00bb5px||5px||false|false\u00bb global_colors_info=\u00bb{}\u00bb][et_pb_column type=\u00bb4_4&#8243; _builder_version=\u00bb4.27.0&#8243; _module_preset=\u00bbdefault\u00bb global_colors_info=\u00bb{}\u00bb][et_pb_image src=\u00bbhttps:\/\/www.ceat.cl\/inicio\/wp-content\/uploads\/2024\/11\/Jornadas-de-Capacitacio\u0301n-para-Jo\u0301venes-Li\u0301deres_2.jpg\u00bb title_text=\u00bbJornadas de Capacitacio\u0301n para Jo\u0301venes Li\u0301deres_2&#8243; _builder_version=\u00bb4.27.0&#8243; _module_preset=\u00bbdefault\u00bb box_shadow_style=\u00bbpreset2&#8243; global_colors_info=\u00bb{}\u00bb][\/et_pb_image][\/et_pb_column][\/et_pb_row][\/et_pb_section]<\/p>\n","protected":false},"excerpt":{"rendered":"<p>Las jornadas de capacitaci\u00f3n juvenil enfocadas en j\u00f3venes l\u00edderes de San Pedro de la Paz se estar\u00e1n llevando a cabo los d\u00edas martes 5 y 12 de noviembre en la Biblioteca P\u00fablica de San Pedro de la Paz. La actividad es liderada por Felipe Cartes Salgado, cientista pol\u00edtico y presidente del Directorio Observatorio Pol\u00edtica y [&hellip;]<\/p>\n","protected":false},"author":2,"featured_media":17060,"comment_status":"open","ping_status":"open","sticky":false,"template":"","format":"standard","meta":{"_et_pb_use_builder":"on","_et_pb_old_content":"","_et_gb_content_width":"","footnotes":""},"categories":[5,3],"tags":[],"class_list":["post-17057","post","type-post","status-publish","format-standard","has-post-thumbnail","hentry","category-noticias","category-not-liceo"],"_links":{"self":[{"href":"https:\/\/www.ceat.cl\/inicio\/wp-json\/wp\/v2\/posts\/17057","targetHints":{"allow":["GET"]}}],"collection":[{"href":"https:\/\/www.ceat.cl\/inicio\/wp-json\/wp\/v2\/posts"}],"about":[{"href":"https:\/\/www.ceat.cl\/inicio\/wp-json\/wp\/v2\/types\/post"}],"author":[{"embeddable":true,"href":"https:\/\/www.ceat.cl\/inicio\/wp-json\/wp\/v2\/users\/2"}],"replies":[{"embeddable":true,"href":"https:\/\/www.ceat.cl\/inicio\/wp-json\/wp\/v2\/comments?post=17057"}],"version-history":[{"count":4,"href":"https:\/\/www.ceat.cl\/inicio\/wp-json\/wp\/v2\/posts\/17057\/revisions"}],"predecessor-version":[{"id":17067,"href":"https:\/\/www.ceat.cl\/inicio\/wp-json\/wp\/v2\/posts\/17057\/revisions\/17067"}],"wp:featuredmedia":[{"embeddable":true,"href":"https:\/\/www.ceat.cl\/inicio\/wp-json\/wp\/v2\/media\/17060"}],"wp:attachment":[{"href":"https:\/\/www.ceat.cl\/inicio\/wp-json\/wp\/v2\/media?parent=17057"}],"wp:term":[{"taxonomy":"category","embeddable":true,"href":"https:\/\/www.ceat.cl\/inicio\/wp-json\/wp\/v2\/categories?post=17057"},{"taxonomy":"post_tag","embeddable":true,"href":"https:\/\/www.ceat.cl\/inicio\/wp-json\/wp\/v2\/tags?post=17057"}],"curies":[{"name":"wp","href":"https:\/\/api.w.org\/{rel}","templated":true}]}}