{"id":17105,"date":"2024-11-07T18:33:56","date_gmt":"2024-11-07T21:33:56","guid":{"rendered":"https:\/\/www.ceat.cl\/inicio\/?p=17105"},"modified":"2024-11-07T18:33:59","modified_gmt":"2024-11-07T21:33:59","slug":"inacap-premia-el-desempeno-docente-del-prof-labrana","status":"publish","type":"post","link":"https:\/\/www.ceat.cl\/inicio\/inacap-premia-el-desempeno-docente-del-prof-labrana\/","title":{"rendered":"INACAP Premia el Desempe\u00f1o Docente del Prof. Labra\u00f1a"},"content":{"rendered":"<p>[et_pb_section fb_built=\u00bb1&#8243; theme_builder_area=\u00bbpost_content\u00bb _builder_version=\u00bb4.27.0&#8243; _module_preset=\u00bbdefault\u00bb][et_pb_row _builder_version=\u00bb4.27.0&#8243; _module_preset=\u00bbdefault\u00bb theme_builder_area=\u00bbpost_content\u00bb][et_pb_column _builder_version=\u00bb4.27.0&#8243; _module_preset=\u00bbdefault\u00bb type=\u00bb4_4&#8243; theme_builder_area=\u00bbpost_content\u00bb][et_pb_text _builder_version=\u00bb4.27.0&#8243; _module_preset=\u00bbdefault\u00bb theme_builder_area=\u00bbpost_content\u00bb text_orientation=\u00bbjustified\u00bb hover_enabled=\u00bb0&#8243; sticky_enabled=\u00bb0&#8243;]Nuestro profesor Patricio Labra\u00f1a Lara fue homenajeado en la reciente ceremonia de premiaci\u00f3n organizada por INACAP Sede Concepci\u00f3n-Talcahuano, donde se destac\u00f3 su notable trayectoria laboral de 33 a\u00f1os en esta prestigiosa instituci\u00f3n de educaci\u00f3n superior. Durante la ceremonia, el Director Acad\u00e9mico de INACAP, Sr. Jorge Ochipinti Uribe, entreg\u00f3 el \u00abReconocimiento al Desempe\u00f1o Docente\u00bb al profesor Labra\u00f1a, quien tambi\u00e9n forma parte de nuestro liceo en la especialidad de mec\u00e1nica industrial.<\/p>\n<p>Felicitamos con gran orgullo al Profesor Labra\u00f1a por este merecido reconocimiento, que refleja su dedicaci\u00f3n y compromiso con la educaci\u00f3n t\u00e9cnica y el desarrollo de nuevas generaciones.<br \/>\n[\/et_pb_text][et_pb_image _builder_version=\u00bb4.27.0&#8243; _module_preset=\u00bbdefault\u00bb theme_builder_area=\u00bbpost_content\u00bb title_text=\u00bbINACAP Premia el Desempen\u0303o Docente del Prof. Labran\u0303a_1&#8243; src=\u00bbhttps:\/\/www.ceat.cl\/inicio\/wp-content\/uploads\/2024\/11\/INACAP-Premia-el-Desempen\u0303o-Docente-del-Prof.-Labran\u0303a_1.jpg\u00bb box_shadow_style=\u00bbpreset2&#8243; hover_enabled=\u00bb0&#8243; sticky_enabled=\u00bb0&#8243;][\/et_pb_image][et_pb_image _builder_version=\u00bb4.27.0&#8243; _module_preset=\u00bbdefault\u00bb theme_builder_area=\u00bbpost_content\u00bb title_text=\u00bbINACAP Premia el Desempen\u0303o Docente del Prof. Labran\u0303a_2&#8243; src=\u00bbhttps:\/\/www.ceat.cl\/inicio\/wp-content\/uploads\/2024\/11\/INACAP-Premia-el-Desempen\u0303o-Docente-del-Prof.-Labran\u0303a_2.jpg\u00bb box_shadow_style=\u00bbpreset2&#8243; hover_enabled=\u00bb0&#8243; sticky_enabled=\u00bb0&#8243;][\/et_pb_image][\/et_pb_column][\/et_pb_row][\/et_pb_section]<\/p>\n","protected":false},"excerpt":{"rendered":"<p>Nuestro profesor Patricio Labra\u00f1a Lara fue homenajeado en la reciente ceremonia de premiaci\u00f3n organizada por INACAP Sede Concepci\u00f3n-Talcahuano, donde se destac\u00f3 su notable trayectoria laboral de 33 a\u00f1os en esta prestigiosa instituci\u00f3n de educaci\u00f3n superior. Durante la ceremonia, el Director Acad\u00e9mico de INACAP, Sr. Jorge Ochipinti Uribe, entreg\u00f3 el \u00abReconocimiento al Desempe\u00f1o Docente\u00bb al profesor [&hellip;]<\/p>\n","protected":false},"author":2,"featured_media":17108,"comment_status":"open","ping_status":"open","sticky":false,"template":"","format":"standard","meta":{"_et_pb_use_builder":"on","_et_pb_old_content":"","_et_gb_content_width":"","footnotes":""},"categories":[5,3],"tags":[],"class_list":["post-17105","post","type-post","status-publish","format-standard","has-post-thumbnail","hentry","category-noticias","category-not-liceo"],"_links":{"self":[{"href":"https:\/\/www.ceat.cl\/inicio\/wp-json\/wp\/v2\/posts\/17105","targetHints":{"allow":["GET"]}}],"collection":[{"href":"https:\/\/www.ceat.cl\/inicio\/wp-json\/wp\/v2\/posts"}],"about":[{"href":"https:\/\/www.ceat.cl\/inicio\/wp-json\/wp\/v2\/types\/post"}],"author":[{"embeddable":true,"href":"https:\/\/www.ceat.cl\/inicio\/wp-json\/wp\/v2\/users\/2"}],"replies":[{"embeddable":true,"href":"https:\/\/www.ceat.cl\/inicio\/wp-json\/wp\/v2\/comments?post=17105"}],"version-history":[{"count":2,"href":"https:\/\/www.ceat.cl\/inicio\/wp-json\/wp\/v2\/posts\/17105\/revisions"}],"predecessor-version":[{"id":17110,"href":"https:\/\/www.ceat.cl\/inicio\/wp-json\/wp\/v2\/posts\/17105\/revisions\/17110"}],"wp:featuredmedia":[{"embeddable":true,"href":"https:\/\/www.ceat.cl\/inicio\/wp-json\/wp\/v2\/media\/17108"}],"wp:attachment":[{"href":"https:\/\/www.ceat.cl\/inicio\/wp-json\/wp\/v2\/media?parent=17105"}],"wp:term":[{"taxonomy":"category","embeddable":true,"href":"https:\/\/www.ceat.cl\/inicio\/wp-json\/wp\/v2\/categories?post=17105"},{"taxonomy":"post_tag","embeddable":true,"href":"https:\/\/www.ceat.cl\/inicio\/wp-json\/wp\/v2\/tags?post=17105"}],"curies":[{"name":"wp","href":"https:\/\/api.w.org\/{rel}","templated":true}]}}