{"id":17234,"date":"2024-11-12T20:15:06","date_gmt":"2024-11-12T23:15:06","guid":{"rendered":"https:\/\/www.ceat.cl\/inicio\/?p=17234"},"modified":"2024-11-12T15:17:59","modified_gmt":"2024-11-12T18:17:59","slug":"charla-sobre-economia-circular-y-ley-rep","status":"publish","type":"post","link":"https:\/\/www.ceat.cl\/inicio\/charla-sobre-economia-circular-y-ley-rep\/","title":{"rendered":"Charla sobre Econom\u00eda Circular y Ley REP"},"content":{"rendered":"<p>[et_pb_section fb_built=\u00bb1&#8243; theme_builder_area=\u00bbpost_content\u00bb _builder_version=\u00bb4.27.0&#8243; _module_preset=\u00bbdefault\u00bb][et_pb_row _builder_version=\u00bb4.27.0&#8243; _module_preset=\u00bbdefault\u00bb theme_builder_area=\u00bbpost_content\u00bb][et_pb_column _builder_version=\u00bb4.27.0&#8243; _module_preset=\u00bbdefault\u00bb type=\u00bb4_4&#8243; theme_builder_area=\u00bbpost_content\u00bb][et_pb_text _builder_version=\u00bb4.27.0&#8243; _module_preset=\u00bbdefault\u00bb theme_builder_area=\u00bbpost_content\u00bb text_orientation=\u00bbjustified\u00bb hover_enabled=\u00bb0&#8243; sticky_enabled=\u00bb0&#8243;]Nuestro Liceo contin\u00faa demostrando su compromiso con el cuidado del medio ambiente a trav\u00e9s de iniciativas formativas para su comunidad educativa. En esta ocasi\u00f3n, los profesores participaron en una charla sobre Responsabilidad Extendida del Productor (Ley REP) y Econom\u00eda Circular, dictada por un profesional del \u00e1rea de Medio Ambiente de la Municipalidad de San Pedro de la Paz, con el apoyo de Bioclean. Esta actividad reafirma el prop\u00f3sito de promover pr\u00e1cticas sostenibles y desarrollar conciencia sobre la importancia de reducir, reutilizar y reciclar en nuestra vida diaria y entorno escolar. Gracias a este tipo de alianzas y charlas, seguimos avanzando y promoviendo la formaci\u00f3n de una comunidad escolar consciente y comprometida con el planeta.[\/et_pb_text][et_pb_image _builder_version=\u00bb4.27.0&#8243; _module_preset=\u00bbdefault\u00bb theme_builder_area=\u00bbpost_content\u00bb title_text=\u00bbCharla a docentes sobre Economi\u0301a Circular y Ley REP\u00bb src=\u00bbhttps:\/\/www.ceat.cl\/inicio\/wp-content\/uploads\/2024\/11\/Charla-a-docentes-sobre-Economi\u0301a-Circular-y-Ley-REP.jpg\u00bb hover_enabled=\u00bb0&#8243; sticky_enabled=\u00bb0&#8243; box_shadow_style=\u00bbpreset2&#8243;][\/et_pb_image][et_pb_image _builder_version=\u00bb4.27.0&#8243; _module_preset=\u00bbdefault\u00bb theme_builder_area=\u00bbpost_content\u00bb title_text=\u00bbCharla a docentes sobre Economi\u0301a Circular y Ley REP (2)\u00bb src=\u00bbhttps:\/\/www.ceat.cl\/inicio\/wp-content\/uploads\/2024\/11\/Charla-a-docentes-sobre-Economi\u0301a-Circular-y-Ley-REP-2.jpg\u00bb hover_enabled=\u00bb0&#8243; sticky_enabled=\u00bb0&#8243; box_shadow_style=\u00bbpreset2&#8243;][\/et_pb_image][\/et_pb_column][\/et_pb_row][\/et_pb_section]<\/p>\n","protected":false},"excerpt":{"rendered":"<p>Nuestro Liceo contin\u00faa demostrando su compromiso con el cuidado del medio ambiente a trav\u00e9s de iniciativas formativas para su comunidad educativa. En esta ocasi\u00f3n, los profesores participaron en una charla sobre Responsabilidad Extendida del Productor (Ley REP) y Econom\u00eda Circular, dictada por un profesional del \u00e1rea de Medio Ambiente de la Municipalidad de San Pedro [&hellip;]<\/p>\n","protected":false},"author":2,"featured_media":17238,"comment_status":"open","ping_status":"open","sticky":false,"template":"","format":"standard","meta":{"_et_pb_use_builder":"on","_et_pb_old_content":"","_et_gb_content_width":"","footnotes":""},"categories":[5,3],"tags":[],"class_list":["post-17234","post","type-post","status-publish","format-standard","has-post-thumbnail","hentry","category-noticias","category-not-liceo"],"_links":{"self":[{"href":"https:\/\/www.ceat.cl\/inicio\/wp-json\/wp\/v2\/posts\/17234","targetHints":{"allow":["GET"]}}],"collection":[{"href":"https:\/\/www.ceat.cl\/inicio\/wp-json\/wp\/v2\/posts"}],"about":[{"href":"https:\/\/www.ceat.cl\/inicio\/wp-json\/wp\/v2\/types\/post"}],"author":[{"embeddable":true,"href":"https:\/\/www.ceat.cl\/inicio\/wp-json\/wp\/v2\/users\/2"}],"replies":[{"embeddable":true,"href":"https:\/\/www.ceat.cl\/inicio\/wp-json\/wp\/v2\/comments?post=17234"}],"version-history":[{"count":2,"href":"https:\/\/www.ceat.cl\/inicio\/wp-json\/wp\/v2\/posts\/17234\/revisions"}],"predecessor-version":[{"id":17239,"href":"https:\/\/www.ceat.cl\/inicio\/wp-json\/wp\/v2\/posts\/17234\/revisions\/17239"}],"wp:featuredmedia":[{"embeddable":true,"href":"https:\/\/www.ceat.cl\/inicio\/wp-json\/wp\/v2\/media\/17238"}],"wp:attachment":[{"href":"https:\/\/www.ceat.cl\/inicio\/wp-json\/wp\/v2\/media?parent=17234"}],"wp:term":[{"taxonomy":"category","embeddable":true,"href":"https:\/\/www.ceat.cl\/inicio\/wp-json\/wp\/v2\/categories?post=17234"},{"taxonomy":"post_tag","embeddable":true,"href":"https:\/\/www.ceat.cl\/inicio\/wp-json\/wp\/v2\/tags?post=17234"}],"curies":[{"name":"wp","href":"https:\/\/api.w.org\/{rel}","templated":true}]}}