{"id":17881,"date":"2024-12-06T08:41:01","date_gmt":"2024-12-06T11:41:01","guid":{"rendered":"https:\/\/www.ceat.cl\/inicio\/?p=17881"},"modified":"2024-12-04T22:01:25","modified_gmt":"2024-12-05T01:01:25","slug":"himno-institucional-renueva-su-voz-con-la-generacion-2024","status":"publish","type":"post","link":"https:\/\/www.ceat.cl\/inicio\/himno-institucional-renueva-su-voz-con-la-generacion-2024\/","title":{"rendered":"Himno Institucional Renueva su Voz con la Generaci\u00f3n 2024"},"content":{"rendered":"<p>[et_pb_section fb_built=\u00bb1&#8243; _builder_version=\u00bb4.27.3&#8243; _module_preset=\u00bbdefault\u00bb global_colors_info=\u00bb{}\u00bb][et_pb_row _builder_version=\u00bb4.27.3&#8243; _module_preset=\u00bbdefault\u00bb custom_margin=\u00bb5px||5px||false|false\u00bb custom_padding=\u00bb5px||5px||false|false\u00bb global_colors_info=\u00bb{}\u00bb][et_pb_column type=\u00bb4_4&#8243; _builder_version=\u00bb4.27.3&#8243; _module_preset=\u00bbdefault\u00bb global_colors_info=\u00bb{}\u00bb][et_pb_text _builder_version=\u00bb4.27.3&#8243; _module_preset=\u00bbdefault\u00bb text_orientation=\u00bbjustified\u00bb hover_enabled=\u00bb0&#8243; global_colors_info=\u00bb{}\u00bb sticky_enabled=\u00bb0&#8243;]Con gran emoci\u00f3n, el pasado 20 de noviembre, en el marco de la licenciatura de los cuartos medios, se present\u00f3 el renovado video del himno institucional de nuestro liceo, una obra creada en 2015 por el profesor y m\u00fasico Frederick Luna. En esta nueva versi\u00f3n, el himno es interpretado por las voces de nuestros propios estudiantes de la generaci\u00f3n 2024, quienes, bajo la direcci\u00f3n del profesor Luna, se sumergieron en el estudio de grabaci\u00f3n para dar vida a esta pieza que nos representa a toda la comunidad educativa.<\/p>\n<p>Las voces que acompa\u00f1an al himno son las de Estefan\u00eda Varela (2\u00b0B), Natalia Carrasco (2\u00b0C), Franco Sep\u00falveda (3\u00b0C), Jerson Ch\u00e1vez (3\u00b0C), Javiera Espinoza (3\u00b0D) y Vicente Mart\u00ednez (3\u00b0D). La grabaci\u00f3n tuvo lugar en Ra\u00edz Estudio, en Chiguayante, Chile, y la edici\u00f3n del video fue realizada por la profesora Scarlet Martel Lafuente.<\/p>\n<p>La letra y m\u00fasica del himno fueron compuestas por Frederick Alejandro Luna Oliva, quien, con su visi\u00f3n y compromiso, ha creado una pieza que perdura y emociona a toda nuestra comunidad educativa.[\/et_pb_text][\/et_pb_column][\/et_pb_row][et_pb_row column_structure=\u00bb1_2,1_2&#8243; _builder_version=\u00bb4.27.3&#8243; _module_preset=\u00bbdefault\u00bb custom_margin=\u00bb5px||5px||false|false\u00bb custom_padding=\u00bb5px||5px||false|false\u00bb global_colors_info=\u00bb{}\u00bb][et_pb_column type=\u00bb1_2&#8243; _builder_version=\u00bb4.27.3&#8243; _module_preset=\u00bbdefault\u00bb global_colors_info=\u00bb{}\u00bb][et_pb_image src=\u00bbhttps:\/\/www.ceat.cl\/inicio\/wp-content\/uploads\/2024\/12\/Himno-Institucional-Renueva-su-Voz-con-la-Generacio\u0301n-2024.jpg\u00bb title_text=\u00bbHimno Institucional Renueva su Voz con la Generacio\u0301n 2024&#8243; _builder_version=\u00bb4.27.3&#8243; _module_preset=\u00bbdefault\u00bb box_shadow_style=\u00bbpreset2&#8243; global_colors_info=\u00bb{}\u00bb][\/et_pb_image][\/et_pb_column][et_pb_column type=\u00bb1_2&#8243; _builder_version=\u00bb4.27.3&#8243; _module_preset=\u00bbdefault\u00bb global_colors_info=\u00bb{}\u00bb][et_pb_image src=\u00bbhttps:\/\/www.ceat.cl\/inicio\/wp-content\/uploads\/2024\/12\/Himno-Institucional-Renueva-su-Voz-con-la-Generacio\u0301n-2024-3.jpg\u00bb title_text=\u00bbHimno Institucional Renueva su Voz con la Generacio\u0301n 2024 (3)\u00bb _builder_version=\u00bb4.27.3&#8243; _module_preset=\u00bbdefault\u00bb box_shadow_style=\u00bbpreset2&#8243; global_colors_info=\u00bb{}\u00bb][\/et_pb_image][\/et_pb_column][\/et_pb_row][et_pb_row _builder_version=\u00bb4.27.3&#8243; _module_preset=\u00bbdefault\u00bb custom_margin=\u00bb5px||5px||false|false\u00bb custom_padding=\u00bb5px||5px||false|false\u00bb global_colors_info=\u00bb{}\u00bb][et_pb_column type=\u00bb4_4&#8243; _builder_version=\u00bb4.27.3&#8243; _module_preset=\u00bbdefault\u00bb global_colors_info=\u00bb{}\u00bb][et_pb_image src=\u00bbhttps:\/\/www.ceat.cl\/inicio\/wp-content\/uploads\/2024\/12\/Himno-Institucional-Renueva-su-Voz-con-la-Generacio\u0301n-2024-2.jpg\u00bb title_text=\u00bbHimno Institucional Renueva su Voz con la Generacio\u0301n 2024 (2)\u00bb _builder_version=\u00bb4.27.3&#8243; _module_preset=\u00bbdefault\u00bb box_shadow_style=\u00bbpreset2&#8243; global_colors_info=\u00bb{}\u00bb][\/et_pb_image][\/et_pb_column][\/et_pb_row][et_pb_row _builder_version=\u00bb4.27.3&#8243; _module_preset=\u00bbdefault\u00bb custom_margin=\u00bb5px||5px||false|false\u00bb custom_padding=\u00bb5px||5px||false|false\u00bb global_colors_info=\u00bb{}\u00bb][et_pb_column type=\u00bb4_4&#8243; _builder_version=\u00bb4.27.3&#8243; _module_preset=\u00bbdefault\u00bb global_colors_info=\u00bb{}\u00bb][et_pb_text _builder_version=\u00bb4.27.3&#8243; _module_preset=\u00bbdefault\u00bb global_colors_info=\u00bb{}\u00bb]<iframe loading=\"lazy\" width=\"560\" height=\"315\" src=\"https:\/\/www.youtube.com\/embed\/oua_1M2xtmk?si=fixauUgV_tXQjHok\" title=\"YouTube video player\" frameborder=\"0\" allow=\"accelerometer; autoplay; clipboard-write; encrypted-media; gyroscope; picture-in-picture; web-share\" referrerpolicy=\"strict-origin-when-cross-origin\" allowfullscreen><\/iframe>[\/et_pb_text][\/et_pb_column][\/et_pb_row][\/et_pb_section]<\/p>\n","protected":false},"excerpt":{"rendered":"<p>Con gran emoci\u00f3n, el pasado 20 de noviembre, en el marco de la licenciatura de los cuartos medios, se present\u00f3 el renovado video del himno institucional de nuestro liceo, una obra creada en 2015 por el profesor y m\u00fasico Frederick Luna. En esta nueva versi\u00f3n, el himno es interpretado por las voces de nuestros propios [&hellip;]<\/p>\n","protected":false},"author":2,"featured_media":17884,"comment_status":"open","ping_status":"open","sticky":false,"template":"","format":"standard","meta":{"_et_pb_use_builder":"on","_et_pb_old_content":"","_et_gb_content_width":"","footnotes":""},"categories":[5,3],"tags":[],"class_list":["post-17881","post","type-post","status-publish","format-standard","has-post-thumbnail","hentry","category-noticias","category-not-liceo"],"_links":{"self":[{"href":"https:\/\/www.ceat.cl\/inicio\/wp-json\/wp\/v2\/posts\/17881","targetHints":{"allow":["GET"]}}],"collection":[{"href":"https:\/\/www.ceat.cl\/inicio\/wp-json\/wp\/v2\/posts"}],"about":[{"href":"https:\/\/www.ceat.cl\/inicio\/wp-json\/wp\/v2\/types\/post"}],"author":[{"embeddable":true,"href":"https:\/\/www.ceat.cl\/inicio\/wp-json\/wp\/v2\/users\/2"}],"replies":[{"embeddable":true,"href":"https:\/\/www.ceat.cl\/inicio\/wp-json\/wp\/v2\/comments?post=17881"}],"version-history":[{"count":4,"href":"https:\/\/www.ceat.cl\/inicio\/wp-json\/wp\/v2\/posts\/17881\/revisions"}],"predecessor-version":[{"id":17893,"href":"https:\/\/www.ceat.cl\/inicio\/wp-json\/wp\/v2\/posts\/17881\/revisions\/17893"}],"wp:featuredmedia":[{"embeddable":true,"href":"https:\/\/www.ceat.cl\/inicio\/wp-json\/wp\/v2\/media\/17884"}],"wp:attachment":[{"href":"https:\/\/www.ceat.cl\/inicio\/wp-json\/wp\/v2\/media?parent=17881"}],"wp:term":[{"taxonomy":"category","embeddable":true,"href":"https:\/\/www.ceat.cl\/inicio\/wp-json\/wp\/v2\/categories?post=17881"},{"taxonomy":"post_tag","embeddable":true,"href":"https:\/\/www.ceat.cl\/inicio\/wp-json\/wp\/v2\/tags?post=17881"}],"curies":[{"name":"wp","href":"https:\/\/api.w.org\/{rel}","templated":true}]}}