{"id":18106,"date":"2025-03-13T09:33:20","date_gmt":"2025-03-13T12:33:20","guid":{"rendered":"https:\/\/www.ceat.cl\/inicio\/?p=18106"},"modified":"2025-03-12T20:56:13","modified_gmt":"2025-03-12T23:56:13","slug":"seminario-mujeres-ciencia-y-medioambiente","status":"publish","type":"post","link":"https:\/\/www.ceat.cl\/inicio\/seminario-mujeres-ciencia-y-medioambiente\/","title":{"rendered":"Seminario \u201cMujeres, Ciencia y Medioambiente\u00bb"},"content":{"rendered":"<p>[et_pb_section fb_built=\u00bb1&#8243; _builder_version=\u00bb4.27.3&#8243; _module_preset=\u00bbdefault\u00bb global_colors_info=\u00bb{}\u00bb][et_pb_row _builder_version=\u00bb4.27.3&#8243; _module_preset=\u00bbdefault\u00bb global_colors_info=\u00bb{}\u00bb][et_pb_column type=\u00bb4_4&#8243; _builder_version=\u00bb4.27.3&#8243; _module_preset=\u00bbdefault\u00bb global_colors_info=\u00bb{}\u00bb][et_pb_text _builder_version=\u00bb4.27.3&#8243; _module_preset=\u00bbdefault\u00bb text_orientation=\u00bbjustified\u00bb global_colors_info=\u00bb{}\u00bb]El mi\u00e9rcoles 12 de marzo, se realiz\u00f3 la segunda versi\u00f3n del seminario \u201cMujeres, Ciencia y Medioambiente: Lideresas en Cambio Clim\u00e1tico\u201d en la Biblioteca Municipal de San Pedro de la Paz. Organizado por la Direcci\u00f3n de Medioambiente de la comuna y encabezado por el alcalde Juan Pablo Spoerer, el evento reuni\u00f3 a acad\u00e9micas, vecinas y estudiantes. En representaci\u00f3n de nuestro liceo, asistieron estudiantes de nuestro liceo acompa\u00f1adas de la Sra. In\u00e9s Ponce, encargada de vinculaci\u00f3n con el medio. Durante la jornada, se debati\u00f3 sobre el escenario ecol\u00f3gico actual y se plantearon iniciativas para mejorar las condiciones medioambientales locales a largo plazo.[\/et_pb_text][et_pb_image src=\u00bbhttps:\/\/www.ceat.cl\/inicio\/wp-content\/uploads\/2025\/03\/seminario-Mujeres-Ciencia-y-Medioambiente.jpg\u00bb title_text=\u00bbseminario \u201cMujeres, Ciencia y Medioambiente\u00bb _builder_version=\u00bb4.27.3&#8243; _module_preset=\u00bbdefault\u00bb box_shadow_style=\u00bbpreset2&#8243; global_colors_info=\u00bb{}\u00bb][\/et_pb_image][et_pb_image src=\u00bbhttps:\/\/www.ceat.cl\/inicio\/wp-content\/uploads\/2025\/03\/WhatsApp-Image-2025-03-06-at-11.31.53.jpeg\u00bb title_text=\u00bbWhatsApp Image 2025-03-06 at 11.31.53&#8243; _builder_version=\u00bb4.27.3&#8243; _module_preset=\u00bbdefault\u00bb box_shadow_style=\u00bbpreset2&#8243; global_colors_info=\u00bb{}\u00bb][\/et_pb_image][\/et_pb_column][\/et_pb_row][\/et_pb_section]<\/p>\n","protected":false},"excerpt":{"rendered":"<p>El mi\u00e9rcoles 12 de marzo, se realiz\u00f3 la segunda versi\u00f3n del seminario \u201cMujeres, Ciencia y Medioambiente: Lideresas en Cambio Clim\u00e1tico\u201d en la Biblioteca Municipal de San Pedro de la Paz. Organizado por la Direcci\u00f3n de Medioambiente de la comuna y encabezado por el alcalde Juan Pablo Spoerer, el evento reuni\u00f3 a acad\u00e9micas, vecinas y estudiantes. [&hellip;]<\/p>\n","protected":false},"author":2,"featured_media":18110,"comment_status":"open","ping_status":"open","sticky":false,"template":"","format":"standard","meta":{"_et_pb_use_builder":"on","_et_pb_old_content":"","_et_gb_content_width":"","footnotes":""},"categories":[5,3],"tags":[],"class_list":["post-18106","post","type-post","status-publish","format-standard","has-post-thumbnail","hentry","category-noticias","category-not-liceo"],"_links":{"self":[{"href":"https:\/\/www.ceat.cl\/inicio\/wp-json\/wp\/v2\/posts\/18106","targetHints":{"allow":["GET"]}}],"collection":[{"href":"https:\/\/www.ceat.cl\/inicio\/wp-json\/wp\/v2\/posts"}],"about":[{"href":"https:\/\/www.ceat.cl\/inicio\/wp-json\/wp\/v2\/types\/post"}],"author":[{"embeddable":true,"href":"https:\/\/www.ceat.cl\/inicio\/wp-json\/wp\/v2\/users\/2"}],"replies":[{"embeddable":true,"href":"https:\/\/www.ceat.cl\/inicio\/wp-json\/wp\/v2\/comments?post=18106"}],"version-history":[{"count":4,"href":"https:\/\/www.ceat.cl\/inicio\/wp-json\/wp\/v2\/posts\/18106\/revisions"}],"predecessor-version":[{"id":18113,"href":"https:\/\/www.ceat.cl\/inicio\/wp-json\/wp\/v2\/posts\/18106\/revisions\/18113"}],"wp:featuredmedia":[{"embeddable":true,"href":"https:\/\/www.ceat.cl\/inicio\/wp-json\/wp\/v2\/media\/18110"}],"wp:attachment":[{"href":"https:\/\/www.ceat.cl\/inicio\/wp-json\/wp\/v2\/media?parent=18106"}],"wp:term":[{"taxonomy":"category","embeddable":true,"href":"https:\/\/www.ceat.cl\/inicio\/wp-json\/wp\/v2\/categories?post=18106"},{"taxonomy":"post_tag","embeddable":true,"href":"https:\/\/www.ceat.cl\/inicio\/wp-json\/wp\/v2\/tags?post=18106"}],"curies":[{"name":"wp","href":"https:\/\/api.w.org\/{rel}","templated":true}]}}