{"id":18441,"date":"2025-05-15T12:53:33","date_gmt":"2025-05-15T15:53:33","guid":{"rendered":"https:\/\/www.ceat.cl\/inicio\/?p=18441"},"modified":"2025-05-19T16:00:07","modified_gmt":"2025-05-19T19:00:07","slug":"dia-del-estudiante-2025","status":"publish","type":"post","link":"https:\/\/www.ceat.cl\/inicio\/dia-del-estudiante-2025\/","title":{"rendered":"D\u00eda del estudiante 2025"},"content":{"rendered":"<p>[et_pb_section fb_built=\u00bb1&#8243; theme_builder_area=\u00bbpost_content\u00bb _builder_version=\u00bb4.27.3&#8243; _module_preset=\u00bbdefault\u00bb][et_pb_row _builder_version=\u00bb4.27.3&#8243; _module_preset=\u00bbdefault\u00bb theme_builder_area=\u00bbpost_content\u00bb custom_margin=\u00bb5px||5px||false|false\u00bb custom_padding=\u00bb5px||5px||false|false\u00bb hover_enabled=\u00bb0&#8243; sticky_enabled=\u00bb0&#8243;][et_pb_column _builder_version=\u00bb4.27.3&#8243; _module_preset=\u00bbdefault\u00bb type=\u00bb4_4&#8243; theme_builder_area=\u00bbpost_content\u00bb][et_pb_text _builder_version=\u00bb4.27.3&#8243; _module_preset=\u00bbdefault\u00bb theme_builder_area=\u00bbpost_content\u00bb text_orientation=\u00bbjustified\u00bb hover_enabled=\u00bb0&#8243; sticky_enabled=\u00bb0&#8243;]Queremos agradecer a todos y todas quienes fueron parte de la celebraci\u00f3n del D\u00eda del Estudiante en nuestro querido CEAT. Fue una jornada llena de alegr\u00eda, color y compa\u00f1erismo, donde vimos a funcionarios, profesoras, profesores, directivos y personal de servicios participar con entusiasmo, usando disfraces, accesorios divertidos y compartiendo con nuestros estudiantes en cada rinc\u00f3n del liceo. \u00a1Cada uno aport\u00f3 a que esta fiesta fuera un \u00e9xito!<\/p>\n<p>Este a\u00f1o, adem\u00e1s, tuvimos la alegr\u00eda de recibir a estudiantes y autoridades del Liceo San Pedro, y a una Estudiantina que llen\u00f3 nuestros pasillos de m\u00fasica y alegr\u00eda. Estos gestos reflejan el esp\u00edritu de colaboraci\u00f3n y comunidad que queremos seguir fortaleciendo.<\/p>\n<p>Sabemos que siempre se puede mejorar, y tomaremos en cuenta cada detalle para que el pr\u00f3ximo a\u00f1o sea a\u00fan mejor. Pero sin duda, esta celebraci\u00f3n ya nos dej\u00f3 una gran ense\u00f1anza: \u00a1cuando trabajamos unidos, creamos momentos inolvidables!<\/p>\n<p>Gracias por hacerlo posible!![\/et_pb_text][\/et_pb_column][\/et_pb_row][et_pb_row _builder_version=\u00bb4.27.3&#8243; _module_preset=\u00bbdefault\u00bb theme_builder_area=\u00bbpost_content\u00bb column_structure=\u00bb1_2,1_2&#8243; custom_margin=\u00bb5px||5px||false|false\u00bb custom_padding=\u00bb5px||5px||false|false\u00bb hover_enabled=\u00bb0&#8243; sticky_enabled=\u00bb0&#8243;][et_pb_column _builder_version=\u00bb4.27.3&#8243; _module_preset=\u00bbdefault\u00bb type=\u00bb1_2&#8243; theme_builder_area=\u00bbpost_content\u00bb][et_pb_video _builder_version=\u00bb4.27.3&#8243; _module_preset=\u00bbdefault\u00bb theme_builder_area=\u00bbpost_content\u00bb title_text=\u00bbDi\u0301a del alumno 2025&#8243; src=\u00bbhttps:\/\/www.ceat.cl\/inicio\/wp-content\/uploads\/2025\/05\/Di\u0301a-del-alumno-2025.mp4&#8243; box_shadow_style=\u00bbpreset2&#8243; hover_enabled=\u00bb0&#8243; sticky_enabled=\u00bb0&#8243;][\/et_pb_video][\/et_pb_column][et_pb_column _builder_version=\u00bb4.27.3&#8243; _module_preset=\u00bbdefault\u00bb type=\u00bb1_2&#8243; theme_builder_area=\u00bbpost_content\u00bb][et_pb_image _builder_version=\u00bb4.27.3&#8243; _module_preset=\u00bbdefault\u00bb theme_builder_area=\u00bbpost_content\u00bb title_text=\u00bbDia del alumno 2025&#8243; src=\u00bbhttps:\/\/www.ceat.cl\/inicio\/wp-content\/uploads\/2025\/05\/Dia-del-alumno-2025.jpg\u00bb box_shadow_style=\u00bbpreset2&#8243; hover_enabled=\u00bb0&#8243; sticky_enabled=\u00bb0&#8243;][\/et_pb_image][\/et_pb_column][\/et_pb_row][\/et_pb_section]<\/p>\n","protected":false},"excerpt":{"rendered":"<p>Queremos agradecer a todos y todas quienes fueron parte de la celebraci\u00f3n del D\u00eda del Estudiante en nuestro querido CEAT. Fue una jornada llena de alegr\u00eda, color y compa\u00f1erismo, donde vimos a funcionarios, profesoras, profesores, directivos y personal de servicios participar con entusiasmo, usando disfraces, accesorios divertidos y compartiendo con nuestros estudiantes en cada rinc\u00f3n [&hellip;]<\/p>\n","protected":false},"author":2,"featured_media":18445,"comment_status":"open","ping_status":"open","sticky":false,"template":"","format":"standard","meta":{"_et_pb_use_builder":"on","_et_pb_old_content":"","_et_gb_content_width":"","footnotes":""},"categories":[5,3],"tags":[],"class_list":["post-18441","post","type-post","status-publish","format-standard","has-post-thumbnail","hentry","category-noticias","category-not-liceo"],"_links":{"self":[{"href":"https:\/\/www.ceat.cl\/inicio\/wp-json\/wp\/v2\/posts\/18441","targetHints":{"allow":["GET"]}}],"collection":[{"href":"https:\/\/www.ceat.cl\/inicio\/wp-json\/wp\/v2\/posts"}],"about":[{"href":"https:\/\/www.ceat.cl\/inicio\/wp-json\/wp\/v2\/types\/post"}],"author":[{"embeddable":true,"href":"https:\/\/www.ceat.cl\/inicio\/wp-json\/wp\/v2\/users\/2"}],"replies":[{"embeddable":true,"href":"https:\/\/www.ceat.cl\/inicio\/wp-json\/wp\/v2\/comments?post=18441"}],"version-history":[{"count":2,"href":"https:\/\/www.ceat.cl\/inicio\/wp-json\/wp\/v2\/posts\/18441\/revisions"}],"predecessor-version":[{"id":18446,"href":"https:\/\/www.ceat.cl\/inicio\/wp-json\/wp\/v2\/posts\/18441\/revisions\/18446"}],"wp:featuredmedia":[{"embeddable":true,"href":"https:\/\/www.ceat.cl\/inicio\/wp-json\/wp\/v2\/media\/18445"}],"wp:attachment":[{"href":"https:\/\/www.ceat.cl\/inicio\/wp-json\/wp\/v2\/media?parent=18441"}],"wp:term":[{"taxonomy":"category","embeddable":true,"href":"https:\/\/www.ceat.cl\/inicio\/wp-json\/wp\/v2\/categories?post=18441"},{"taxonomy":"post_tag","embeddable":true,"href":"https:\/\/www.ceat.cl\/inicio\/wp-json\/wp\/v2\/tags?post=18441"}],"curies":[{"name":"wp","href":"https:\/\/api.w.org\/{rel}","templated":true}]}}