{"id":20167,"date":"2025-12-15T11:47:14","date_gmt":"2025-12-15T14:47:14","guid":{"rendered":"https:\/\/www.ceat.cl\/inicio\/?p=20167"},"modified":"2025-12-15T11:47:20","modified_gmt":"2025-12-15T14:47:20","slug":"toma-de-mando-del-centro-de-estudiantes-ceat-2026","status":"publish","type":"post","link":"https:\/\/www.ceat.cl\/inicio\/toma-de-mando-del-centro-de-estudiantes-ceat-2026\/","title":{"rendered":"Toma de mando del Centro de Estudiantes CEAT 2026"},"content":{"rendered":"<p>[et_pb_section fb_built=\u00bb1&#8243; admin_label=\u00bbsection\u00bb _builder_version=\u00bb4.16&#8243; global_colors_info=\u00bb{}\u00bb][et_pb_row admin_label=\u00bbrow\u00bb _builder_version=\u00bb4.27.4&#8243; background_size=\u00bbinitial\u00bb background_position=\u00bbtop_left\u00bb background_repeat=\u00bbrepeat\u00bb custom_margin=\u00bb5px||5px||false|false\u00bb custom_padding=\u00bb5px||5px||false|false\u00bb global_colors_info=\u00bb{}\u00bb][et_pb_column type=\u00bb4_4&#8243; _builder_version=\u00bb4.16&#8243; custom_padding=\u00bb|||\u00bb global_colors_info=\u00bb{}\u00bb custom_padding__hover=\u00bb|||\u00bb][et_pb_text _builder_version=\u00bb4.27.4&#8243; _module_preset=\u00bbdefault\u00bb text_orientation=\u00bbjustified\u00bb global_colors_info=\u00bb{}\u00bb]Durante el mes de noviembre y comienzos de diciembre, el Liceo CEAT llev\u00f3 a cabo el proceso de elecci\u00f3n del Centro de Estudiantes (CEE) para el a\u00f1o 2026, instancia que reflej\u00f3 el compromiso y la vocaci\u00f3n de servicio de las y los estudiantes que manifestaron su inter\u00e9s por representar a la comunidad estudiantil.<\/p>\n<p>El proceso se inici\u00f3 el 14 de noviembre con la difusi\u00f3n, en todos los cursos de Primero a Tercero Medio, de los requisitos, plazos y funciones del Centro de Estudiantes. Esta informaci\u00f3n fue reforzada pedag\u00f3gicamente por el equipo de la asignatura de Historia, promoviendo la participaci\u00f3n informada y responsable. En este proceso se present\u00f3 una lista \u00fanica, cuyos integrantes demostraron un claro inter\u00e9s por asumir el desaf\u00edo de representar al estudiantado del liceo. Dicha lista dio a conocer sus propuestas los d\u00edas 1 y 2 de diciembre, tanto en el Auditorio como en visitas a las salas de clases, fortaleciendo el di\u00e1logo directo con sus compa\u00f1eras y compa\u00f1eros.<\/p>\n<p><em>La lista ratificada qued\u00f3 conformada por los siguientes estudiantes:<\/em><br \/>\n<strong>Presidente:<\/strong> Isa\u00edas Vidal (3\u00b0E Industriales)<br \/>\n<strong>Vicepresidente:<\/strong> Nicol\u00e1s S\u00e1nchez (3\u00b0D Electr\u00f3nica)<br \/>\n<strong>Secretaria Ejecutiva:<\/strong> Carolina Orellana (3\u00b0I Telecomunicaciones)<br \/>\n<strong>Secretaria de Finanzas:<\/strong> Fernanda San Mart\u00edn (2\u00b0G)<br \/>\n<strong> Delegados:<\/strong> Sebasti\u00e1n Cuevas (2\u00b0G), Carlos Sep\u00falveda (3\u00b0D Electr\u00f3nica) y Santiago Gaete (1\u00b0F)<\/p>\n<p>La jornada de ratificaci\u00f3n se realiz\u00f3 mediante votaci\u00f3n estudiantil en la Biblioteca del liceo, instancia en la que las y los estudiantes validaron democr\u00e1ticamente a la nueva directiva, reafirmando la importancia de la participaci\u00f3n y la representaci\u00f3n estudiantil.<\/p>\n<p>Posteriormente, el d\u00eda 5 de diciembre, se llev\u00f3 a cabo la ceremonia de toma de mando del Centro de Estudiantes CEAT 2026 en el Taller de Historia. En esta actividad participaron las y los presidentes de curso o sus delegados, quienes adem\u00e1s sostuvieron su primera reuni\u00f3n oficial con el nuevo CEE.<\/p>\n<p>Como comunidad educativa, valoramos y destacamos el compromiso, la responsabilidad y la disposici\u00f3n de las y los estudiantes que asumieron este importante rol, confiando en que su trabajo contribuir\u00e1 positivamente a la vida escolar y al fortalecimiento de la participaci\u00f3n democr\u00e1tica en nuestro liceo.[\/et_pb_text][\/et_pb_column][\/et_pb_row][et_pb_row column_structure=\u00bb1_2,1_2&#8243; admin_label=\u00bbrow\u00bb _builder_version=\u00bb4.27.4&#8243; background_size=\u00bbinitial\u00bb background_position=\u00bbtop_left\u00bb background_repeat=\u00bbrepeat\u00bb custom_margin=\u00bb5px||5px||false|false\u00bb custom_padding=\u00bb5px||5px||false|false\u00bb global_colors_info=\u00bb{}\u00bb][et_pb_column type=\u00bb1_2&#8243; _builder_version=\u00bb4.16&#8243; custom_padding=\u00bb|||\u00bb global_colors_info=\u00bb{}\u00bb custom_padding__hover=\u00bb|||\u00bb][et_pb_image src=\u00bbhttps:\/\/www.ceat.cl\/inicio\/wp-content\/uploads\/2025\/12\/Toma-de-mando-Centro-de-Estudiantes-CEAT-2026-3.jpg\u00bb title_text=\u00bbToma de mando Centro de Estudiantes CEAT 2026 3&#8243; _builder_version=\u00bb4.27.4&#8243; _module_preset=\u00bbdefault\u00bb box_shadow_style=\u00bbpreset2&#8243; global_colors_info=\u00bb{}\u00bb][\/et_pb_image][\/et_pb_column][et_pb_column type=\u00bb1_2&#8243; _builder_version=\u00bb4.16&#8243; custom_padding=\u00bb|||\u00bb global_colors_info=\u00bb{}\u00bb custom_padding__hover=\u00bb|||\u00bb][et_pb_image src=\u00bbhttps:\/\/www.ceat.cl\/inicio\/wp-content\/uploads\/2025\/12\/Toma-de-mando-Centro-de-Estudiantes-CEAT-2026-2-2.jpg\u00bb title_text=\u00bbToma de mando Centro de Estudiantes CEAT 2026 (2) 2&#8243; _builder_version=\u00bb4.27.4&#8243; _module_preset=\u00bbdefault\u00bb box_shadow_style=\u00bbpreset2&#8243; global_colors_info=\u00bb{}\u00bb][\/et_pb_image][\/et_pb_column][\/et_pb_row][et_pb_row admin_label=\u00bbrow\u00bb _builder_version=\u00bb4.27.4&#8243; background_size=\u00bbinitial\u00bb background_position=\u00bbtop_left\u00bb background_repeat=\u00bbrepeat\u00bb custom_margin=\u00bb5px||5px||false|false\u00bb custom_padding=\u00bb5px||5px||false|false\u00bb global_colors_info=\u00bb{}\u00bb][et_pb_column type=\u00bb4_4&#8243; _builder_version=\u00bb4.16&#8243; custom_padding=\u00bb|||\u00bb global_colors_info=\u00bb{}\u00bb custom_padding__hover=\u00bb|||\u00bb][et_pb_image src=\u00bbhttps:\/\/www.ceat.cl\/inicio\/wp-content\/uploads\/2025\/12\/Toma-de-mando-Centro-de-Estudiantes-CEAT-2026-1.jpg\u00bb title_text=\u00bbToma de mando Centro de Estudiantes CEAT 2026 1&#8243; _builder_version=\u00bb4.27.4&#8243; _module_preset=\u00bbdefault\u00bb box_shadow_style=\u00bbpreset2&#8243; global_colors_info=\u00bb{}\u00bb][\/et_pb_image][\/et_pb_column][\/et_pb_row][\/et_pb_section]<\/p>\n","protected":false},"excerpt":{"rendered":"<p>Durante el mes de noviembre y comienzos de diciembre, el Liceo CEAT llev\u00f3 a cabo el proceso de elecci\u00f3n del Centro de Estudiantes (CEE) para el a\u00f1o 2026, instancia que reflej\u00f3 el compromiso y la vocaci\u00f3n de servicio de las y los estudiantes que manifestaron su inter\u00e9s por representar a la comunidad estudiantil. El proceso [&hellip;]<\/p>\n","protected":false},"author":2,"featured_media":20171,"comment_status":"open","ping_status":"open","sticky":false,"template":"","format":"standard","meta":{"_et_pb_use_builder":"on","_et_pb_old_content":"","_et_gb_content_width":"","footnotes":""},"categories":[5,3],"tags":[],"class_list":["post-20167","post","type-post","status-publish","format-standard","has-post-thumbnail","hentry","category-noticias","category-not-liceo"],"_links":{"self":[{"href":"https:\/\/www.ceat.cl\/inicio\/wp-json\/wp\/v2\/posts\/20167","targetHints":{"allow":["GET"]}}],"collection":[{"href":"https:\/\/www.ceat.cl\/inicio\/wp-json\/wp\/v2\/posts"}],"about":[{"href":"https:\/\/www.ceat.cl\/inicio\/wp-json\/wp\/v2\/types\/post"}],"author":[{"embeddable":true,"href":"https:\/\/www.ceat.cl\/inicio\/wp-json\/wp\/v2\/users\/2"}],"replies":[{"embeddable":true,"href":"https:\/\/www.ceat.cl\/inicio\/wp-json\/wp\/v2\/comments?post=20167"}],"version-history":[{"count":4,"href":"https:\/\/www.ceat.cl\/inicio\/wp-json\/wp\/v2\/posts\/20167\/revisions"}],"predecessor-version":[{"id":20176,"href":"https:\/\/www.ceat.cl\/inicio\/wp-json\/wp\/v2\/posts\/20167\/revisions\/20176"}],"wp:featuredmedia":[{"embeddable":true,"href":"https:\/\/www.ceat.cl\/inicio\/wp-json\/wp\/v2\/media\/20171"}],"wp:attachment":[{"href":"https:\/\/www.ceat.cl\/inicio\/wp-json\/wp\/v2\/media?parent=20167"}],"wp:term":[{"taxonomy":"category","embeddable":true,"href":"https:\/\/www.ceat.cl\/inicio\/wp-json\/wp\/v2\/categories?post=20167"},{"taxonomy":"post_tag","embeddable":true,"href":"https:\/\/www.ceat.cl\/inicio\/wp-json\/wp\/v2\/tags?post=20167"}],"curies":[{"name":"wp","href":"https:\/\/api.w.org\/{rel}","templated":true}]}}